{"id":100200,"date":"2025-05-14T20:25:09","date_gmt":"2025-05-14T20:25:09","guid":{"rendered":"https:\/\/www.europesays.com\/fr\/100200\/"},"modified":"2025-05-14T20:25:09","modified_gmt":"2025-05-14T20:25:09","slug":"au-bras-de-tom-cruise-pom-klementieff-et-son-decollete-ultra-plongeant-font-sensation-sur-le-tapis-rouge-de-cannes","status":"publish","type":"post","link":"https:\/\/www.europesays.com\/fr\/100200\/","title":{"rendered":"Au bras de Tom Cruise, Pom Klementieff et son d\u00e9collet\u00e9 ultra-plongeant font sensation sur le tapis rouge de Cannes"},"content":{"rendered":"<p>\u00c0 l\u2019affiche du dernier volet de Mission Impossible, l\u2019actrice fran\u00e7aise Pom Klementieff a fait sensation sur le tapis rouge du Festival de Cannes ce mercredi 14 mai, arborant une robe au d\u00e9collet\u00e9 XXL.<\/p>\n<p class=\"fig-paragraph\">Une robe sensationnelle. Lors de la projection de Mission Impossible\u00a0: The Final Reckoning,\u00a0<a href=\"http:\/\/madame.lefigaro.fr\/celebrites\/cinema\/pom-klementieff-tom-cruise-est-mon-mentor-20250514\" target=\"_blank\" data-fig-type=\"Article\" rel=\"noopener\" data-gtm-custom-categorie=\"navigation\" data-gtm-custom-action=\"crossclick\" data-gtm-custom-label=\"Contextuel\" data-gtm-event=\"customEventSPE\" data-fig-domain=\"MADAME\">Pom Klementieff\u00a0<\/a>est apparue sur le tapis rouge du Festival de Cannes, aux c\u00f4t\u00e9s de Tom Cruise. Le huiti\u00e8me volet de la saga d\u2019action, pr\u00e9sent\u00e9 hors comp\u00e9tition, a rassembl\u00e9 l\u2019\u00e9quipe du film pour la fameuse mont\u00e9e des marches quotidienne. Et l\u2019actrice fran\u00e7aise, r\u00e9put\u00e9e pour ses r\u00f4les dans des films d\u2019action, n\u2019est pas pass\u00e9e inaper\u00e7ue.<\/p>\n<p>    <a href=\"https:\/\/photo-madame.lefigaro.fr\/celebrites\/actu-people\/la-montee-des-marches-de-tom-cruise-fait-chavirer-cannes-20250514\" target=\"_blank\" rel=\"noopener\"><\/p>\n<p class=\"fig-slideshow__title\">\n                    La mont\u00e9e des marches de Tom Cruise fait chavirer Cannes\n                <\/p>\n<p>    <\/a><\/p>\n<p>Une robe de grand soir<\/p>\n<p class=\"fig-paragraph\">Coiff\u00e9e d\u2019un chignon bas, elle portait une longue robe couleur lilas, au d\u00e9collet\u00e9 ultra-plongeant qui ne recouvrait que tr\u00e8s peu sa poitrine. La cr\u00e9ation, drap\u00e9e \u00e0 l\u2019avant, formait un jeu de plis qui permettait une illusion de diff\u00e9rentes textures et de mouvement. Aussi, une fente centrale d\u00e9voilait ses jambes galb\u00e9es et sa paire de sandales \u00e0 talons argent\u00e9e. Cette tenue glamour \u00e9tait \u00e9galement compos\u00e9e de\u00a0<a href=\"http:\/\/madame.lefigaro.fr\/style\/news\/ce-debardeur-a-fines-bretelles-qui-n-a-l-air-de-rien-mais-va-dominer-l-ete-20250505\" target=\"_blank\" data-fig-type=\"Article\" rel=\"noopener\" data-gtm-custom-categorie=\"navigation\" data-gtm-custom-action=\"crossclick\" data-gtm-custom-label=\"Contextuel\" data-gtm-event=\"customEventSPE\" data-fig-domain=\"MADAME\">fines bretelles<\/a>, mettant en valeur ses clavicules et son port de t\u00eate, et d\u2019un impressionnant dos nu. C\u00f4t\u00e9 bijoux, Pom Klementieff arborait uniquement une paire de boucles d\u2019oreilles pendantes dot\u00e9es de diamants, mais ni collier ni bracelets n\u2019\u00e9taient pr\u00e9vus, laissant pour seule fantaisie son impressionnante robe.<\/p>\n<p>    Pom Klementieff sur le tapis rouge. (\u00c0 Cannes, le 14 mai 2025.)<br \/>\n                Deadline \/ Deadline via Getty Images<\/p>\n<p>Un dress code qui change<\/p>\n<p class=\"fig-paragraph\">Plus t\u00f4t dans la journ\u00e9e de ce mercredi, l\u2019actrice de 39 ans \u00e9tait \u00e9galement aux c\u00f4t\u00e9s du\u00a0<a href=\"http:\/\/madame.lefigaro.fr\/celebrites\/actu-people\/montee-des-marches-et-tom-cruise-cree-l-hysterie-sur-le-tapis-rouge-de-cannes-20250514\" target=\"_blank\" data-fig-type=\"Article\" rel=\"noopener\" data-gtm-custom-categorie=\"navigation\" data-gtm-custom-action=\"crossclick\" data-gtm-custom-label=\"Contextuel\" data-gtm-event=\"customEventSPE\" data-fig-domain=\"MADAME\">h\u00e9ros de Top Gun<\/a>, dans une mini-robe dot\u00e9e d\u2019une tra\u00eene, aux bretelles tombantes.<\/p>\n<p class=\"fig-paragraph\">D\u00e9j\u00e0 pr\u00e9sente sur la Croisette en 2023 (pour pr\u00e9senter le court-m\u00e9trage The Calm, produit par BMW), Pom Klementieff avait alors opt\u00e9 pour une robe violette pr\u00e8s du corps aux manches longues et au buste compos\u00e9 d\u2019un corset transparent. Cette ann\u00e9e-l\u00e0, elle portait \u00e9galement une paire de gants ainsi qu\u2019un imposant collier de diamants qui mettait en valeur sa coupe de cheveux de l\u2019\u00e9poque, tr\u00e8s courte.<\/p>\n<p>\u00a0\u00bb<br \/>\n        data-script=\u00a0\u00bbhttps:\/\/static.lefigaro.fr\/widget-video\/short-ttl\/video\/index.js\u00a0\u00bb<br \/>\n    &gt;<\/p>\n","protected":false},"excerpt":{"rendered":"\u00c0 l\u2019affiche du dernier volet de Mission Impossible, l\u2019actrice fran\u00e7aise Pom Klementieff a fait sensation sur le tapis&hellip;\n","protected":false},"author":2,"featured_media":100201,"comment_status":"","ping_status":"","sticky":false,"template":"","format":"standard","meta":{"footnotes":""},"categories":[8],"tags":[998,988,991,1000,993,58,994,59,992,5634,638,1011,27,997,977,999,989,11584,995,973,987,990,996],"class_list":{"0":"post-100200","1":"post","2":"type-post","3":"status-publish","4":"format-standard","5":"has-post-thumbnail","7":"category-divertissement","8":"tag-accessoire","9":"tag-actu-mode","10":"tag-actualite-mode","11":"tag-celebrites","12":"tag-defiles","13":"tag-divertissement","14":"tag-egerie-mode","15":"tag-entertainment","16":"tag-fashion-week","17":"tag-festival-de-cannes","18":"tag-figaro","19":"tag-fr","20":"tag-france","21":"tag-lingerie","22":"tag-madame","23":"tag-mode-fashion-femme","24":"tag-mode-femme","25":"tag-montee-des-marches","26":"tag-nouvelle-tendance","27":"tag-people","28":"tag-robe","29":"tag-tendance-mode","30":"tag-vetement"},"share_on_mastodon":{"url":"https:\/\/pubeurope.com\/@fr\/114508065916028020","error":""},"_links":{"self":[{"href":"https:\/\/www.europesays.com\/fr\/wp-json\/wp\/v2\/posts\/100200","targetHints":{"allow":["GET"]}}],"collection":[{"href":"https:\/\/www.europesays.com\/fr\/wp-json\/wp\/v2\/posts"}],"about":[{"href":"https:\/\/www.europesays.com\/fr\/wp-json\/wp\/v2\/types\/post"}],"author":[{"embeddable":true,"href":"https:\/\/www.europesays.com\/fr\/wp-json\/wp\/v2\/users\/2"}],"replies":[{"embeddable":true,"href":"https:\/\/www.europesays.com\/fr\/wp-json\/wp\/v2\/comments?post=100200"}],"version-history":[{"count":0,"href":"https:\/\/www.europesays.com\/fr\/wp-json\/wp\/v2\/posts\/100200\/revisions"}],"wp:featuredmedia":[{"embeddable":true,"href":"https:\/\/www.europesays.com\/fr\/wp-json\/wp\/v2\/media\/100201"}],"wp:attachment":[{"href":"https:\/\/www.europesays.com\/fr\/wp-json\/wp\/v2\/media?parent=100200"}],"wp:term":[{"taxonomy":"category","embeddable":true,"href":"https:\/\/www.europesays.com\/fr\/wp-json\/wp\/v2\/categories?post=100200"},{"taxonomy":"post_tag","embeddable":true,"href":"https:\/\/www.europesays.com\/fr\/wp-json\/wp\/v2\/tags?post=100200"}],"curies":[{"name":"wp","href":"https:\/\/api.w.org\/{rel}","templated":true}]}}