{"id":100208,"date":"2025-05-14T20:29:08","date_gmt":"2025-05-14T20:29:08","guid":{"rendered":"https:\/\/www.europesays.com\/fr\/100208\/"},"modified":"2025-05-14T20:29:08","modified_gmt":"2025-05-14T20:29:08","slug":"je-nai-jamais-vu-ca-la-visite-tourne-au-cauchemar-et-fait-un-blesse-grave","status":"publish","type":"post","link":"https:\/\/www.europesays.com\/fr\/100208\/","title":{"rendered":"\u00ab\u00a0Je n&rsquo;ai jamais vu \u00e7a\u00a0\u00bb, la visite tourne au cauchemar et fait un bless\u00e9 grave"},"content":{"rendered":"<p>\u00ab\u00a0Je n\u2019ai jamais eu aussi peur de ma vie\u00a0\u00bb, raconte une jeune femme toute tremblante. Avec son b\u00e9b\u00e9 \u00e2g\u00e9 de 7 mois, ils \u00e9taient seulement venus observer les animaux du<a href=\"https:\/\/www.laprovence.com\/article\/faits-divers-justice\/1271726906198414\/15-personnes-touchees-par-la-foudre-au-zoo-de-la-barben-4-enfants-en-urgence-relative\" target=\"_blank\" rel=\"noopener\"> zoo de La Barben<\/a>. Malheureusement, leur apr\u00e8s-midi et celle des autres visiteurs ont tourn\u00e9 au cauchemar. En effet, le parc animalier a \u00e9t\u00e9 frapp\u00e9 ce mercredi 14\u00a0mai par la foudre, lors d\u2019un orage tr\u00e8s localis\u00e9. \u00ab\u00a0La pluie et les \u00e9clairs \u00e9taient impressionnants, je n\u2019ai jamais vu \u00e7a. Avec ma compagne, nous sommes sorties du zoo en courant et nous nous sommes r\u00e9fugi\u00e9es dans la voiture\u00a0\u00bb, ajoutait une visiteuse.<\/p>\n","protected":false},"excerpt":{"rendered":"\u00ab\u00a0Je n\u2019ai jamais eu aussi peur de ma vie\u00a0\u00bb, raconte une jeune femme toute tremblante. Avec son b\u00e9b\u00e9&hellip;\n","protected":false},"author":2,"featured_media":100209,"comment_status":"","ping_status":"","sticky":false,"template":"","format":"standard","meta":{"footnotes":""},"categories":[4],"tags":[17,11,150,21414,3916,21413,1011,27,16871,757,21500,12,16,25],"class_list":{"0":"post-100208","1":"post","2":"type-post","3":"status-publish","4":"format-standard","5":"has-post-thumbnail","7":"category-france","8":"tag-17","9":"tag-actualites","10":"tag-apres","11":"tag-barben","12":"tag-blesse","13":"tag-foudre","14":"tag-fr","15":"tag-france","16":"tag-grave","17":"tag-je","18":"tag-limpact","19":"tag-news","20":"tag-region","21":"tag-republique-francaise"},"share_on_mastodon":{"url":"https:\/\/pubeurope.com\/@fr\/114508081704586888","error":""},"_links":{"self":[{"href":"https:\/\/www.europesays.com\/fr\/wp-json\/wp\/v2\/posts\/100208","targetHints":{"allow":["GET"]}}],"collection":[{"href":"https:\/\/www.europesays.com\/fr\/wp-json\/wp\/v2\/posts"}],"about":[{"href":"https:\/\/www.europesays.com\/fr\/wp-json\/wp\/v2\/types\/post"}],"author":[{"embeddable":true,"href":"https:\/\/www.europesays.com\/fr\/wp-json\/wp\/v2\/users\/2"}],"replies":[{"embeddable":true,"href":"https:\/\/www.europesays.com\/fr\/wp-json\/wp\/v2\/comments?post=100208"}],"version-history":[{"count":0,"href":"https:\/\/www.europesays.com\/fr\/wp-json\/wp\/v2\/posts\/100208\/revisions"}],"wp:featuredmedia":[{"embeddable":true,"href":"https:\/\/www.europesays.com\/fr\/wp-json\/wp\/v2\/media\/100209"}],"wp:attachment":[{"href":"https:\/\/www.europesays.com\/fr\/wp-json\/wp\/v2\/media?parent=100208"}],"wp:term":[{"taxonomy":"category","embeddable":true,"href":"https:\/\/www.europesays.com\/fr\/wp-json\/wp\/v2\/categories?post=100208"},{"taxonomy":"post_tag","embeddable":true,"href":"https:\/\/www.europesays.com\/fr\/wp-json\/wp\/v2\/tags?post=100208"}],"curies":[{"name":"wp","href":"https:\/\/api.w.org\/{rel}","templated":true}]}}