{"id":100212,"date":"2025-05-14T20:31:26","date_gmt":"2025-05-14T20:31:26","guid":{"rendered":"https:\/\/www.europesays.com\/fr\/100212\/"},"modified":"2025-05-14T20:31:26","modified_gmt":"2025-05-14T20:31:26","slug":"les-grands-moyens-employes-sur-les-terres-de-fontvieille","status":"publish","type":"post","link":"https:\/\/www.europesays.com\/fr\/100212\/","title":{"rendered":"les grands moyens employ\u00e9s sur les terres de Fontvieille"},"content":{"rendered":"<p>Le Groupement agricole d\u2019exploitation en commun de l\u2019Oyasse, dont la ferme exploit\u00e9e par Herv\u00e9 Merlat est partie prenante, permet \u00e0 ses fermes d\u2019utiliser des techniques modernes. Ce samedi 10\u00a0mai, les champs situ\u00e9s au lieu-dit Fontvieille ont subi l\u2019assaut de la faucheuse et de quatre tracteurs \u00e9quip\u00e9s de remorques. En quelques heures, la totalit\u00e9 des herbes a \u00e9t\u00e9 coup\u00e9e et emmen\u00e9e \u00e0 l\u2019abri, en attendant d\u2019\u00eatre consomm\u00e9e par le cheptel de vaches laiti\u00e8res de ces agriculteurs rompus aux techniques d\u2019aujourd\u2019hui.<\/p>\n","protected":false},"excerpt":{"rendered":"Le Groupement agricole d\u2019exploitation en commun de l\u2019Oyasse, dont la ferme exploit\u00e9e par Herv\u00e9 Merlat est partie prenante,&hellip;\n","protected":false},"author":2,"featured_media":100213,"comment_status":"","ping_status":"","sticky":false,"template":"","format":"standard","meta":{"footnotes":""},"categories":[9653],"tags":[1111,11,327,2430,33,7539,1777,674,1011,27,12053,12,25,4001,9664],"class_list":{"0":"post-100212","1":"post","2":"type-post","3":"status-publish","4":"format-standard","5":"has-post-thumbnail","7":"category-saint-etienne","8":"tag-actu","9":"tag-actualites","10":"tag-agriculture","11":"tag-auvergne-rhone-alpes","12":"tag-economie","13":"tag-edition-loire-sud","14":"tag-eu","15":"tag-europe","16":"tag-fr","17":"tag-france","18":"tag-la-talaudiere","19":"tag-news","20":"tag-republique-francaise","21":"tag-saint-etienne","22":"tag-saint-etienne-bassin"},"share_on_mastodon":{"url":"https:\/\/pubeurope.com\/@fr\/114508090102052250","error":""},"_links":{"self":[{"href":"https:\/\/www.europesays.com\/fr\/wp-json\/wp\/v2\/posts\/100212","targetHints":{"allow":["GET"]}}],"collection":[{"href":"https:\/\/www.europesays.com\/fr\/wp-json\/wp\/v2\/posts"}],"about":[{"href":"https:\/\/www.europesays.com\/fr\/wp-json\/wp\/v2\/types\/post"}],"author":[{"embeddable":true,"href":"https:\/\/www.europesays.com\/fr\/wp-json\/wp\/v2\/users\/2"}],"replies":[{"embeddable":true,"href":"https:\/\/www.europesays.com\/fr\/wp-json\/wp\/v2\/comments?post=100212"}],"version-history":[{"count":0,"href":"https:\/\/www.europesays.com\/fr\/wp-json\/wp\/v2\/posts\/100212\/revisions"}],"wp:featuredmedia":[{"embeddable":true,"href":"https:\/\/www.europesays.com\/fr\/wp-json\/wp\/v2\/media\/100213"}],"wp:attachment":[{"href":"https:\/\/www.europesays.com\/fr\/wp-json\/wp\/v2\/media?parent=100212"}],"wp:term":[{"taxonomy":"category","embeddable":true,"href":"https:\/\/www.europesays.com\/fr\/wp-json\/wp\/v2\/categories?post=100212"},{"taxonomy":"post_tag","embeddable":true,"href":"https:\/\/www.europesays.com\/fr\/wp-json\/wp\/v2\/tags?post=100212"}],"curies":[{"name":"wp","href":"https:\/\/api.w.org\/{rel}","templated":true}]}}