{"id":100214,"date":"2025-05-14T20:32:20","date_gmt":"2025-05-14T20:32:20","guid":{"rendered":"https:\/\/www.europesays.com\/fr\/100214\/"},"modified":"2025-05-14T20:32:20","modified_gmt":"2025-05-14T20:32:20","slug":"nidec-asi-reste-portee-par-le-courant","status":"publish","type":"post","link":"https:\/\/www.europesays.com\/fr\/100214\/","title":{"rendered":"Nidec ASI reste port\u00e9e par le courant"},"content":{"rendered":"<p class=\"is-style-chapo\">La filiale lig\u00e9rienne du g\u00e9ant japonais Nidec poursuit le d\u00e9ploiement de son plan de charge autour des syst\u00e8mes de stockage de l\u2019\u00e9lectricit\u00e9 et d\u2019insertion sur les r\u00e9seaux. March\u00e9s porteurs que ne d\u00e9ment pas l\u2019annonce en mars d\u2019un nouveau contrat \u00e0 64 M \u20ac du c\u00f4t\u00e9 de l\u2019Estonie. Le groupe a d\u00e9cid\u00e9 la cr\u00e9ation d\u2019une nouvelle usine \u00e0 la Fouillouse induisant encore 115 embauches dans les 2 ans \u00e0 venir. De quoi d\u00e9signer Nidec ASI comme un des porte-\u00e9tendards de l\u2019attractivit\u00e9 industrielle de la France par le gouvernement. Et attirer la visite, mardi, de Laurent Saint-Martin, ministre d\u00e9l\u00e9gu\u00e9 charg\u00e9 du Commerce ext\u00e9rieur \u00e0 six jours de \u00ab\u00a0Choose France\u00a0\u00bb 2025.<\/p>\n<p><img fetchpriority=\"high\" decoding=\"async\" width=\"1024\" height=\"576\" src=\"https:\/\/www.europesays.com\/fr\/wp-content\/uploads\/2025\/05\/ddddhhh-1024x576.jpg\" alt=\"\" class=\"wp-image-79104\"  \/>La moiti\u00e9 de la nouvelle usine cr\u00e9\u00e9e \u00e0 La Fouillouse esr op\u00e9rationnelle depuis avril. \u00a9If Saint-Etienne \/ XA<\/p>\n<p>Choose France\u00a0: nouvel opus. Lundi 19 mai \u00e0 l\u2019Elys\u00e9e, ce \u00ab\u00a0sommet\u00a0\u00bb voulu par le pr\u00e9sident Emmanuel Macron en sera la 8e <a href=\"https:\/\/www.google.com\/url?sa=t&amp;source=web&amp;rct=j&amp;opi=89978449&amp;url=https:\/\/choosefrance.fr\/fr&amp;ved=2ahUKEwjGjauHtaONAxVMcKQEHe3xOnoQFnoECBgQAQ&amp;usg=AOvVaw1GKZenaagj4rZKhz76PVtA\" target=\"_blank\" rel=\"noreferrer noopener\">\u00e9dition<\/a>. Il est d\u00e9fini comme un \u00ab\u00a0lieu de rencontre privil\u00e9gi\u00e9 entre les investisseurs \u00e9trangers et l\u2019ex\u00e9cutif fran\u00e7ais. Il permet de valoriser l\u2019ensemble des territoires et des atouts fran\u00e7ais aupr\u00e8s des chefs d\u2019entreprises et partenaires \u00e9trangers.\u00a0\u00bb L\u2019occasion de coups de projecteurs sur des constructions ou extensions de projets. Un cas lig\u00e9rien sera-t-il \u00e0 nouveau de cette op\u00e9ration de communication \/ s\u00e9duction visant \u00e0 d\u00e9montrer que la France reste attractive pour des investisseurs \u00e9trangers\u00a0? L\u2019an pass\u00e9, parmi les 56 projets mis en avant, <a href=\"https:\/\/www.if-saint-etienne.fr\/breves\/choose-france-a-cite-le-projet-nidec-a-la-fouillouse\" target=\"_blank\" rel=\"noreferrer noopener\">apparaissait<\/a> la nouvelle usine cr\u00e9\u00e9e \u00e0 La Fouillouse par Nidec ASI, autrefois Loire Automation, de nos jours, filiale du g\u00e9ant japonais Nidec Corporation, sp\u00e9cialiste des moteurs \u00e9lectriques (plus de 120\u00a0000 salari\u00e9s dans le monde). \u00a0<\/p>\n<p>Pas de de subventions li\u00e9es ici \u00e0 un label d\u2019Etat \u00ab\u00a0dopant\u00a0\u00bb pour investissements \u00e9conomique, type France 2030 autour de l\u2019innovation. Mais de la pure promotion d\u2019image et sans doute une volont\u00e9 d\u2019encouragement. Peut-\u00eatre pas seulement vis-\u00e0-vis des milieux \u00e9conomiques hexagonaux et \u00e9trangers d\u2019ailleurs\u2026 A quelques jours de la prochaine c\u00e9r\u00e9monie, le cas Nidec ASI a en tout cas attir\u00e9 l\u2019attention des \u00e9quipes de Laurent Saint-Martin, ministre d\u00e9l\u00e9gu\u00e9 charg\u00e9 du Commerce ext\u00e9rieur et des Fran\u00e7ais de l\u2019\u00e9tranger depuis fin d\u00e9cembre avec l\u2019arriv\u00e9e de Fran\u00e7ois Bayrou (entr\u00e9 au gouvernement sous Barnier). Il a effectu\u00e9 une longue visite mardi apr\u00e8s-midi en deux temps. D\u2019abord \u00e0 Roche-la-Moli\u00e8re, site \u00ab\u00a0initial\u00a0\u00bb de l\u2019entreprise\u00a0qui sera conserv\u00e9 pour y effectuer la R&amp;D et la production sur mesure, malgr\u00e9 la cr\u00e9ation de ces 8\u00a0000 m2 neufs aux limites de La Fouillouse et d\u2019Andr\u00e9zieux Bouth\u00e9on. Un investissement de 17 M\u20ac qui induit encore l\u2019embauche d\u2019au moins 115 personnes dans les deux ans \u00e0 venir.<\/p>\n<p>150 recrues depuis 2023<\/p>\n<p>Cela apr\u00e8s avoir d\u00e9j\u00e0 recrut\u00e9 au rythme d\u2019environ 50 personnes par an en 2023, 2024 et 2025. Nous en parlions d\u00e9j\u00e0 dans cet <a href=\"https:\/\/www.if-saint-etienne.fr\/economie\/industrie\/juteux-marches-et-nouvelle-usine-le-developpement-energique-de-nidec-asi\" target=\"_blank\" rel=\"noreferrer noopener\">article<\/a> il y a 11 mois alors que Nidec ASI disait compter dans ses rangs 220 personnes r\u00e9partis entre Roche-la-Moli\u00e8re et un site secondaire lou\u00e9 dans le nord de Saint-Etienne qui sera du coup quitt\u00e9 fin juin. Car \u00e0 la Fouillouse, dans cette immense zone d\u2019activit\u00e9s \u00e0 cheval sur le territoire d\u2019Andr\u00e9zieux-Bouth\u00e9on, la moiti\u00e9 du nouveau site est d\u00e9j\u00e0 op\u00e9rationnelle en attendant la r\u00e9alisation de la seconde tranche des travaux. Elle doit compl\u00e9ter l\u2019existant courant 2026. Nidec ASI est une des entit\u00e9s de la branche \u00ab\u00a0<a href=\"https:\/\/www.nidec-industrial.com\/fr\/le-group-2\/\" target=\"_blank\" rel=\"noreferrer noopener\">Nidec Conversion<\/a>\u00a0\u00bb du groupe japonais, dont l\u2019activit\u00e9 se situe autour des solutions conversion d\u2019\u00e9nergie \u00e9lectrique \u00e0 partir des technologies qu\u2019elle con\u00e7oit et fournit.<\/p>\n<p><img loading=\"lazy\" decoding=\"async\" width=\"1024\" height=\"576\" src=\"https:\/\/www.europesays.com\/fr\/wp-content\/uploads\/2025\/05\/esign-IF-433-1024x576.png\" alt=\"\" class=\"wp-image-71849\"  \/>Vue d\u2019ensemble, une fois le site achev\u00e9e courant 2026.<\/p>\n<p>Le contexte de \u00ab\u00a0demande croissante en \u00e9nergie durable au service du march\u00e9 de la mobilit\u00e9 et de l\u2019environnement\u00a0\u00bb lui est tr\u00e8s porteur. Franck Girard, pr\u00e9sident de Nidec ASI nous d\u00e9crivait il y a un an ainsi le cr\u00e9neau de l\u2019entit\u00e9 lig\u00e9rienne\u00a0: \u00ab\u00a0Nos syst\u00e8mes technologiques consistent \u00e0 lisser l\u2019insertion sur le r\u00e9seau de l\u2019\u00e9lectricit\u00e9 stock\u00e9e en batteries et issue des sites majeurs produisant du renouvelable, comme les grandes centrales photovolta\u00efques, ou champs d\u2019\u00e9oliennes. Leur probl\u00e9matique vient, par exemple, d\u2019une production dont la puissance n\u2019est pas la m\u00eame vis-\u00e0-vis de celle du r\u00e9seau dans lequel elle s\u2019ins\u00e8re. Du fait, aussi, que le renouvelable est caract\u00e9ris\u00e9 par de grandes variabilit\u00e9s de volumes de production puisque ceux-ci d\u00e9pendent des conditions m\u00e9t\u00e9o. Notre technologie rem\u00e9die \u00e0 tout cela. Nous vendons des projets, des syst\u00e8mes qui permettent de mieux absorber et de mieux s\u2019ins\u00e9rer, soit une meilleure capacit\u00e9 \u00e0 \u00ab\u00a0rel\u00e2cher\u00a0\u00bb \u2013 y compris d\u2019ailleurs aussi pour la production conventionnelle \u2013 l\u2019\u00e9lectricit\u00e9 stock\u00e9e depuis ces centres sur le r\u00e9seau, en fonction des besoins.\u00a0\u00bb\u00a0\u00a0<\/p>\n<p>Contrats monstres<\/p>\n<p>L\u2019activit\u00e9 autour du stockage d\u2019\u00e9nergie occupe environ 80 % du CA de Nidec ASI. Les opportunit\u00e9s croissantes ont pouss\u00e9 un objectif de doubler ses capacit\u00e9s de production. D\u2019o\u00f9 sa nouvelle usine. Le CA a atteint 270 M\u20ac en 2023\/24, volume plus que tripl\u00e9 par rapport \u00e0 2021\/22 (84,1 M\u20ac\u00a0; 192 M\u20ac en 2022\/23) et qui continue de progresser de mani\u00e8re spectaculaire avec 320 M\u20ac en 2024\/25 en coh\u00e9rence donc avec l\u2019id\u00e9e d\u2019atteindre 400 M\u20ac \u00e0 l\u2019issue de l\u2019exercice suivant qui vient de d\u00e9buter. Il faut dire que dans son domaine, les march\u00e9s se signent parfois \u00e0 coups de plusieurs dizaines de millions d\u2019euros. Nidec ASI avait ainsi d\u00e9croch\u00e9 en 2023 un march\u00e9 tr\u00e8s cons\u00e9quent (\u00e0 50 M\u20ac) pour \u00e9quiper le parc photovolta\u00efque alimentant le fonctionnement d\u2019une mine d\u2019or de DRDGOLD en Afrique du Sud. Puis dans la foul\u00e9e, deux nouveaux contrats monstres, aupr\u00e8s de <a href=\"https:\/\/www.google.com\/url?sa=t&amp;source=web&amp;rct=j&amp;opi=89978449&amp;url=https:\/\/neoen.com\/fr\/&amp;ved=2ahUKEwiYk7jz-8iGAxW1VaQEHRqcAPwQFnoECBYQAQ&amp;usg=AOvVaw2zbY92LwdzeZ_vuTW4EJP0\" target=\"_blank\" rel=\"noreferrer noopener\">Neoen<\/a>, \u00ab premier producteur fran\u00e7ais ind\u00e9pendant d\u2019\u00e9nergies renouvelables\u00a0\u00bb,\u00a0en Finlande et Su\u00e8de, totalisant \u00e0 eux deux pas moins de 64 M\u20ac.<\/p>\n<p>Rebelote il y a peu, du c\u00f4t\u00e9 de l\u2019Estonie cette fois-ci.\u00a0Le 18 mars, Nidec ASI annon\u00e7ait avoir obtenu le projet Hertz 1, plus grand projet de production et stockage d\u2019\u00e9lectricit\u00e9 (BESS) \u00e0 partir de sources renouvelables du pays Balte, qui cherchait \u00e0 d\u00e9connecter son r\u00e9seau de la Russie ne serait-ce qu\u2019en raison d\u2019un contexte g\u00e9opolitique aussi \u00e9vident qu\u2019\u00e9lectrique. \u00ab\u00a0Ce site, d\u2019une puissance de 100 MW et d\u2019une capacit\u00e9 de stockage de 200 MWh, devrait \u00eatre op\u00e9rationnel d\u2019ici fin 2025.\u00a0\u00bb Il a \u00e9t\u00e9 command\u00e9 par coentreprise Baltic Storage Platform, cr\u00e9\u00e9e par Evecon, Corsica Sole et Mirova. Un ensemble reli\u00e9 \u00ab\u00a0au r\u00e9seau de transport d\u2019\u00e9lectricit\u00e9 estonien g\u00e9r\u00e9 par l\u2019op\u00e9rateur Elering par un c\u00e2ble souterrain de 330 kV, une premi\u00e8re dans le pays. Ce projet permettra de renforcer la stabilit\u00e9 du r\u00e9seau et facilitera l\u2019int\u00e9gration de l\u2019Estonie au r\u00e9seau \u00e9lectrique europ\u00e9en\u00a0\u00bb.<\/p>\n<p>Entre pays \u00ab toujours amis\u00a0\u00bb<\/p>\n<p><img loading=\"lazy\" decoding=\"async\" width=\"961\" height=\"537\" src=\"https:\/\/www.europesays.com\/fr\/wp-content\/uploads\/2025\/05\/d-1.jpg\" alt=\"\" class=\"wp-image-79108\"  \/>Discussions entre le ministre charg\u00e9 du Commerce ext\u00e9rieur (2e en partant de la gauche) et les dirigeants de Nidec. \u00a9If Saint-Etienne \/ XA<\/p>\n<p>Les 54 conteneurs \u00e0 fournir seront assembl\u00e9s dans l\u2019usine de Roche-la-Moli\u00e8re o\u00f9 seront int\u00e9gr\u00e9es les batteries et les onduleurs \u00e9lectriques fabriqu\u00e9s par Nidec Conversion \u00e0 travers l\u2019Europe. Savoir-faire fran\u00e7ais et capacit\u00e9s \u00e0 r\u00e9pondre aux march\u00e9s gr\u00e2ce \u00e0 un investissement et une confiance venus de l\u2019\u00e9tranger\u00a0: cela ne pouvait \u00eatre que salu\u00e9 par Laurent Saint-Martin, ministre d\u00e9l\u00e9gu\u00e9 charg\u00e9 du Commerce ext\u00e9rieur lors de sa visite dans la Loire sp\u00e9cifiquement consacr\u00e9e \u00e0 l\u2019entreprise mardi apr\u00e8s-midi. \u00ab\u00a0En Europe, la premi\u00e8re destination des investissements \u00e9trangers dans l\u2019industrie, c\u2019est la France, soulignait-il mardi. Et dans les trois quarts des cas, dans des villes de moins de 20\u00a0000 habitants (c\u2019est en effet le cas de La Fouillouse mais la donn\u00e9e est \u00e0 relativiser\u00a0: le cadre est ici celui d\u2019une m\u00e9tropole de 400\u00a0000 habitants, pas celui de pseudo \u00ab territoires \u00e9loign\u00e9s\u00a0\u00bb et un site industriel a infiniment plus de chances de s\u2019installer dans des communes p\u00e9riph\u00e9riques des grandes villes, Ndlr).\u00a0\u00bb<\/p>\n<p>Pour Laurent Saint-Martin, dans le contexte international toujours plus tendu, il convient de faire des \u00e9cueils des d\u00e9fis, de consolider la \u00ab\u00a0valeur s\u00fbre \u00bb que repr\u00e9sente toujours la France aux yeux des investisseurs \u00e9trangers, conforter et diversifier les relations avec des pays qui restent \u00ab\u00a0amis\u00a0autour d\u2019\u00e9changes libres\u00a0\u00bb, comme c\u2019est ici le cas\u00a0entre Europ\u00e9ens et Japonais autour de cette \u00ab\u00a0success story par excellence\u00a0\u00bb. On l\u2019a vu longuement \u00e9changer avec les dirigeants de Nidec ASI autour des probl\u00e9matiques d\u00e9j\u00e0 l\u00e0, ou \u00e0 venir, sur l\u2019export, repr\u00e9sentant en moyenne \u00e0 50 \u00e0 60 % du CA de l\u2019entit\u00e9 Loire du groupe. Parfois spectaculairement plus en fonction des contrats\u00a0: c\u2019\u00e9tait ainsi 80 % en 2023\/24\u2026 La nouvelle donne fa\u00e7on Trump sujet d\u2019inqui\u00e9tudes ? \u00ab\u00a0Pour ce qui est des march\u00e9s aux Etats-Unis, Nidec Conversion est d\u00e9j\u00e0 sur place et fabrique sur place. En revanche, explique Franck Girard, la guerre commerciale avec la Chine am\u00e8ne cette derni\u00e8re \u00e0 se rabattre sur notre terrain de mani\u00e8re agressive.\u00a0Avant, ils n\u2019\u00e9taient que sur les batteries d\u00e9sormais, ils proposent des syst\u00e8mes complets avec conversion comme nous. \u00bb \u00a0\u00a0<\/p>\n","protected":false},"excerpt":{"rendered":"La filiale lig\u00e9rienne du g\u00e9ant japonais Nidec poursuit le d\u00e9ploiement de son plan de charge autour des syst\u00e8mes&hellip;\n","protected":false},"author":2,"featured_media":100215,"comment_status":"","ping_status":"","sticky":false,"template":"","format":"standard","meta":{"footnotes":""},"categories":[9653],"tags":[1111,11,21501,2430,579,893,21502,1777,674,1011,27,693,10326,2554,12296,12,21503,21504,21505,21506,25,12490,4001,2103],"class_list":{"0":"post-100214","1":"post","2":"type-post","3":"status-publish","4":"format-standard","5":"has-post-thumbnail","7":"category-saint-etienne","8":"tag-actu","9":"tag-actualites","10":"tag-attractif","11":"tag-auvergne-rhone-alpes","12":"tag-electricite","13":"tag-energie","14":"tag-entreprise-loire","15":"tag-eu","16":"tag-europe","17":"tag-fr","18":"tag-france","19":"tag-industrie","20":"tag-industrie-loire","21":"tag-investissements","22":"tag-la-fouillouse","23":"tag-news","24":"tag-nidec","25":"tag-nidec-asi","26":"tag-nidec-conversion","27":"tag-nidec-corporation","28":"tag-republique-francaise","29":"tag-roche-la-moliere","30":"tag-saint-etienne","31":"tag-usine"},"share_on_mastodon":{"url":"https:\/\/pubeurope.com\/@fr\/114508093445333558","error":""},"_links":{"self":[{"href":"https:\/\/www.europesays.com\/fr\/wp-json\/wp\/v2\/posts\/100214","targetHints":{"allow":["GET"]}}],"collection":[{"href":"https:\/\/www.europesays.com\/fr\/wp-json\/wp\/v2\/posts"}],"about":[{"href":"https:\/\/www.europesays.com\/fr\/wp-json\/wp\/v2\/types\/post"}],"author":[{"embeddable":true,"href":"https:\/\/www.europesays.com\/fr\/wp-json\/wp\/v2\/users\/2"}],"replies":[{"embeddable":true,"href":"https:\/\/www.europesays.com\/fr\/wp-json\/wp\/v2\/comments?post=100214"}],"version-history":[{"count":0,"href":"https:\/\/www.europesays.com\/fr\/wp-json\/wp\/v2\/posts\/100214\/revisions"}],"wp:featuredmedia":[{"embeddable":true,"href":"https:\/\/www.europesays.com\/fr\/wp-json\/wp\/v2\/media\/100215"}],"wp:attachment":[{"href":"https:\/\/www.europesays.com\/fr\/wp-json\/wp\/v2\/media?parent=100214"}],"wp:term":[{"taxonomy":"category","embeddable":true,"href":"https:\/\/www.europesays.com\/fr\/wp-json\/wp\/v2\/categories?post=100214"},{"taxonomy":"post_tag","embeddable":true,"href":"https:\/\/www.europesays.com\/fr\/wp-json\/wp\/v2\/tags?post=100214"}],"curies":[{"name":"wp","href":"https:\/\/api.w.org\/{rel}","templated":true}]}}