{"id":100218,"date":"2025-05-14T20:34:08","date_gmt":"2025-05-14T20:34:08","guid":{"rendered":"https:\/\/www.europesays.com\/fr\/100218\/"},"modified":"2025-05-14T20:34:08","modified_gmt":"2025-05-14T20:34:08","slug":"nancy-des-etudiants-imaginent-des-espaces-plus-adaptes-pour-les-residents-en-lehpad","status":"publish","type":"post","link":"https:\/\/www.europesays.com\/fr\/100218\/","title":{"rendered":"Nancy. Des \u00e9tudiants imaginent des espaces plus adapt\u00e9s pour les r\u00e9sidents en l\u2019Ehpad"},"content":{"rendered":"<p>Le lyc\u00e9e Henri-Loritz offre, parmi ses formations, un dipl\u00f4me en trois ans de grade Licence\u00a0: le DNMADe (Dipl\u00f4me national des m\u00e9tiers d\u2019art et de design). Deux mentions sont propos\u00e9es, une orient\u00e9e autour de l\u2019objet, l\u2019autre autour de l\u2019espace.<\/p>\n<p>Sous le contr\u00f4le d\u2019Alexia Daniel-Jeandinot et Oph\u00e9lie Benito, experte en design sant\u00e9, les \u00e9tudiants de 2e\u00a0 ann\u00e9e ont travaill\u00e9 dans&#8230;<\/p>\n","protected":false},"excerpt":{"rendered":"Le lyc\u00e9e Henri-Loritz offre, parmi ses formations, un dipl\u00f4me en trois ans de grade Licence\u00a0: le DNMADe (Dipl\u00f4me&hellip;\n","protected":false},"author":2,"featured_media":100219,"comment_status":"","ping_status":"","sticky":false,"template":"","format":"standard","meta":{"footnotes":""},"categories":[9635],"tags":[1111,11,1704,1057,4854,1777,674,1011,27,775,1702,1703,12,25],"class_list":{"0":"post-100218","1":"post","2":"type-post","3":"status-publish","4":"format-standard","5":"has-post-thumbnail","7":"category-nancy","8":"tag-actu","9":"tag-actualites","10":"tag-edition-nancy-et-agglomeration","11":"tag-education","12":"tag-enseignement-superieur","13":"tag-eu","14":"tag-europe","15":"tag-fr","16":"tag-france","17":"tag-grand-est","18":"tag-nancy","19":"tag-nancy-ville-54b","20":"tag-news","21":"tag-republique-francaise"},"share_on_mastodon":{"url":"https:\/\/pubeurope.com\/@fr\/114508101525294902","error":""},"_links":{"self":[{"href":"https:\/\/www.europesays.com\/fr\/wp-json\/wp\/v2\/posts\/100218","targetHints":{"allow":["GET"]}}],"collection":[{"href":"https:\/\/www.europesays.com\/fr\/wp-json\/wp\/v2\/posts"}],"about":[{"href":"https:\/\/www.europesays.com\/fr\/wp-json\/wp\/v2\/types\/post"}],"author":[{"embeddable":true,"href":"https:\/\/www.europesays.com\/fr\/wp-json\/wp\/v2\/users\/2"}],"replies":[{"embeddable":true,"href":"https:\/\/www.europesays.com\/fr\/wp-json\/wp\/v2\/comments?post=100218"}],"version-history":[{"count":0,"href":"https:\/\/www.europesays.com\/fr\/wp-json\/wp\/v2\/posts\/100218\/revisions"}],"wp:featuredmedia":[{"embeddable":true,"href":"https:\/\/www.europesays.com\/fr\/wp-json\/wp\/v2\/media\/100219"}],"wp:attachment":[{"href":"https:\/\/www.europesays.com\/fr\/wp-json\/wp\/v2\/media?parent=100218"}],"wp:term":[{"taxonomy":"category","embeddable":true,"href":"https:\/\/www.europesays.com\/fr\/wp-json\/wp\/v2\/categories?post=100218"},{"taxonomy":"post_tag","embeddable":true,"href":"https:\/\/www.europesays.com\/fr\/wp-json\/wp\/v2\/tags?post=100218"}],"curies":[{"name":"wp","href":"https:\/\/api.w.org\/{rel}","templated":true}]}}