{"id":100233,"date":"2025-05-14T20:43:08","date_gmt":"2025-05-14T20:43:08","guid":{"rendered":"https:\/\/www.europesays.com\/fr\/100233\/"},"modified":"2025-05-14T20:43:08","modified_gmt":"2025-05-14T20:43:08","slug":"samedi-17-mai-troisieme-edition-de-loperation-reprise-de-guidon-au-leclerc-de","status":"publish","type":"post","link":"https:\/\/www.europesays.com\/fr\/100233\/","title":{"rendered":"Samedi 17\u00a0mai, troisi\u00e8me \u00e9dition de l\u2019op\u00e9ration \u00ab\u00a0Reprise de guidon\u00a0\u00bb au Leclerc de"},"content":{"rendered":"<p>Vous aviez laiss\u00e9 votre moto au garage et attendiez le retour des beaux jours pour vous offrir des balades \u00e0 deux roues\u00a0? D\u2019o\u00f9 l\u2019op\u00e9ration \u00ab\u00a0Reprise de guidon\u00a0\u00bb, dont la troisi\u00e8me \u00e9dition est organis\u00e9e par la police nationale de Rennes, samedi 17\u00a0mai 2025, de 9\u00a0h \u00e0 17\u00a0h, sur le parking du centre Leclerc de Saint-Gr\u00e9goire (Ille-et-Vilaine).<\/p>\n<p><strong>\u00ab\u00a0\u00c0 l\u2019arriv\u00e9e des beaux jours, cette op\u00e9ration permet \u00e0 tous motards de se r\u00e9approprier leur machine et de reprendre les routes estivales en toute s\u00e9curit\u00e9\u00a0\u00bb,<\/strong> indique un officier du commissariat de police de Rennes. De nombreux ateliers (sur inscriptions au pr\u00e9alable pour certains) sont au programme\u00a0: m\u00e9canique, maniabilit\u00e9 avec parcours lent\u00a0seul ou avec un passager, s\u2019entra\u00eener \u00e0 relever ou \u00e0 pousser sans moteur une moto, secourisme sp\u00e9cial motard avec la prise en compte du casque et des premiers gestes, \u00e9quipements (pr\u00e9sentation du gilet moto airbag, nouveaut\u00e9s parmi les accessoires).\u00a0Une balade de 45\u00a0minutes d\u00e9di\u00e9e aux bonnes trajectoires sur la route est aussi pr\u00e9vue (toujours sur inscription). Un assureur sera pr\u00e9sent pour sensibiliser les motards \u00e0 l\u2019\u00e9tablissement d\u2019un constat. La s\u00e9curit\u00e9 routi\u00e8re sera \u00e9galement sur place. Renseignements et inscriptions\u00a0par mail\u00a0: dipn35-reprise-de-guidon@interieur.gouv.fr<\/p>\n<p>\u00a0<\/p>\n","protected":false},"excerpt":{"rendered":"Vous aviez laiss\u00e9 votre moto au garage et attendiez le retour des beaux jours pour vous offrir des&hellip;\n","protected":false},"author":2,"featured_media":100234,"comment_status":"","ping_status":"","sticky":false,"template":"","format":"standard","meta":{"footnotes":""},"categories":[2821],"tags":[1111,11,3809,1465,829,1777,674,63,1011,27,1792,1922,12,3086,584,25,479,517,1470],"class_list":{"0":"post-100233","1":"post","2":"type-post","3":"status-publish","4":"format-standard","5":"has-post-thumbnail","7":"category-rennes","8":"tag-actu","9":"tag-actualites","10":"tag-ball","11":"tag-basket","12":"tag-bretagne","13":"tag-eu","14":"tag-europe","15":"tag-football","16":"tag-fr","17":"tag-france","18":"tag-handball","19":"tag-info","20":"tag-news","21":"tag-redon","22":"tag-rennes","23":"tag-republique-francaise","24":"tag-rugby","25":"tag-sport","26":"tag-volley"},"share_on_mastodon":{"url":"https:\/\/pubeurope.com\/@fr\/114508136757515733","error":""},"_links":{"self":[{"href":"https:\/\/www.europesays.com\/fr\/wp-json\/wp\/v2\/posts\/100233","targetHints":{"allow":["GET"]}}],"collection":[{"href":"https:\/\/www.europesays.com\/fr\/wp-json\/wp\/v2\/posts"}],"about":[{"href":"https:\/\/www.europesays.com\/fr\/wp-json\/wp\/v2\/types\/post"}],"author":[{"embeddable":true,"href":"https:\/\/www.europesays.com\/fr\/wp-json\/wp\/v2\/users\/2"}],"replies":[{"embeddable":true,"href":"https:\/\/www.europesays.com\/fr\/wp-json\/wp\/v2\/comments?post=100233"}],"version-history":[{"count":0,"href":"https:\/\/www.europesays.com\/fr\/wp-json\/wp\/v2\/posts\/100233\/revisions"}],"wp:featuredmedia":[{"embeddable":true,"href":"https:\/\/www.europesays.com\/fr\/wp-json\/wp\/v2\/media\/100234"}],"wp:attachment":[{"href":"https:\/\/www.europesays.com\/fr\/wp-json\/wp\/v2\/media?parent=100233"}],"wp:term":[{"taxonomy":"category","embeddable":true,"href":"https:\/\/www.europesays.com\/fr\/wp-json\/wp\/v2\/categories?post=100233"},{"taxonomy":"post_tag","embeddable":true,"href":"https:\/\/www.europesays.com\/fr\/wp-json\/wp\/v2\/tags?post=100233"}],"curies":[{"name":"wp","href":"https:\/\/api.w.org\/{rel}","templated":true}]}}