{"id":100238,"date":"2025-05-14T20:46:11","date_gmt":"2025-05-14T20:46:11","guid":{"rendered":"https:\/\/www.europesays.com\/fr\/100238\/"},"modified":"2025-05-14T20:46:11","modified_gmt":"2025-05-14T20:46:11","slug":"les-etoiles-montantes-de-lepee-a-strasbourg","status":"publish","type":"post","link":"https:\/\/www.europesays.com\/fr\/100238\/","title":{"rendered":"les \u00e9toiles montantes de l\u2019\u00e9p\u00e9e \u00e0 Strasbourg"},"content":{"rendered":"<p>On le savait pour le Racing au football, mais c\u2019est aussi vrai pour l\u2019escrime\u00a0: Strasbourg fera ce week-end la part belle aux \u00e9toiles montantes du sport. <\/p>\n<p>Celles de l\u2019\u00e9p\u00e9e masculine et f\u00e9minine tricolore croiseront le fer pour d\u00e9crocher les titres nationaux individuels et par \u00e9quipes samedi et dimanche au gymnase Aristide-Briand de Strasbourg.<\/p>\n<p>\u00ab\u00a0Resituer Strasbourg sur l\u2019\u00e9chiquier de l\u2019escrime fran\u00e7aise\u00a0\u00bb<\/p>\n<p>En tout, Strasbourg Escrime, qui organise l\u2019\u00e9v\u00e9nement, se pr\u00e9pare \u00e0 accueillir 450 athl\u00e8tes venus de toute la France. \u00ab\u00a0C\u2019est un beau test pour&#8230;<\/p>\n","protected":false},"excerpt":{"rendered":"On le savait pour le Racing au football, mais c\u2019est aussi vrai pour l\u2019escrime\u00a0: Strasbourg fera ce week-end&hellip;\n","protected":false},"author":2,"featured_media":100239,"comment_status":"","ping_status":"","sticky":false,"template":"","format":"standard","meta":{"footnotes":""},"categories":[2820],"tags":[1111,11,2880,1946,1777,674,1011,27,775,12,25,517,21508,640,2879],"class_list":{"0":"post-100238","1":"post","2":"type-post","3":"status-publish","4":"format-standard","5":"has-post-thumbnail","7":"category-strasbourg","8":"tag-actu","9":"tag-actualites","10":"tag-edition-strasbourg","11":"tag-escrime","12":"tag-eu","13":"tag-europe","14":"tag-fr","15":"tag-france","16":"tag-grand-est","17":"tag-news","18":"tag-republique-francaise","19":"tag-sport","20":"tag-sports-de-combat","21":"tag-strasbourg","22":"tag-strasbourg-ville"},"share_on_mastodon":{"url":"https:\/\/pubeurope.com\/@fr\/114508148461299036","error":""},"_links":{"self":[{"href":"https:\/\/www.europesays.com\/fr\/wp-json\/wp\/v2\/posts\/100238","targetHints":{"allow":["GET"]}}],"collection":[{"href":"https:\/\/www.europesays.com\/fr\/wp-json\/wp\/v2\/posts"}],"about":[{"href":"https:\/\/www.europesays.com\/fr\/wp-json\/wp\/v2\/types\/post"}],"author":[{"embeddable":true,"href":"https:\/\/www.europesays.com\/fr\/wp-json\/wp\/v2\/users\/2"}],"replies":[{"embeddable":true,"href":"https:\/\/www.europesays.com\/fr\/wp-json\/wp\/v2\/comments?post=100238"}],"version-history":[{"count":0,"href":"https:\/\/www.europesays.com\/fr\/wp-json\/wp\/v2\/posts\/100238\/revisions"}],"wp:featuredmedia":[{"embeddable":true,"href":"https:\/\/www.europesays.com\/fr\/wp-json\/wp\/v2\/media\/100239"}],"wp:attachment":[{"href":"https:\/\/www.europesays.com\/fr\/wp-json\/wp\/v2\/media?parent=100238"}],"wp:term":[{"taxonomy":"category","embeddable":true,"href":"https:\/\/www.europesays.com\/fr\/wp-json\/wp\/v2\/categories?post=100238"},{"taxonomy":"post_tag","embeddable":true,"href":"https:\/\/www.europesays.com\/fr\/wp-json\/wp\/v2\/tags?post=100238"}],"curies":[{"name":"wp","href":"https:\/\/api.w.org\/{rel}","templated":true}]}}