{"id":1002451,"date":"2026-06-15T22:14:18","date_gmt":"2026-06-15T22:14:18","guid":{"rendered":"https:\/\/www.europesays.com\/fr\/1002451\/"},"modified":"2026-06-15T22:14:18","modified_gmt":"2026-06-15T22:14:18","slug":"affaire-lyhanna-on-a-le-pied-sur-la-porte-a-nous-maintenant-de-lenfoncer-les-manifestants-moins-nombreux-mais-toujours-determines-a-marseille","status":"publish","type":"post","link":"https:\/\/www.europesays.com\/fr\/1002451\/","title":{"rendered":"Affaire Lyhanna\u00a0: \u00ab\u00a0On a le pied sur la porte, \u00e0 nous maintenant de l\u2019enfoncer\u00a0\u00bb, les manifestants moins nombreux, mais toujours d\u00e9termin\u00e9s \u00e0 Marseille"},"content":{"rendered":"<p>\u00ab\u00a0Nos cris ne tuent pas, votre inaction si.\u00a0\u00bb\u00a0Le slogan est scand\u00e9 en ch\u0153ur devant le tribunal correctionnel de Marseille, suffisamment fort, esp\u00e8rent les manifestants pour que \u00ab\u00a0Paris [les] entende\u00a0\u00bb. Une r\u00e9ponse cinglante aux propos d\u2019<a href=\"https:\/\/www.laprovence.com\/article\/faits-divers-justice\/33289363820973\/affaire-lyhanna-des-moyens-supplementaires-pour-la-justice-deployes-la-ou-la-si-necessaire-dit-macron\" target=\"_blank\" rel=\"nofollow noopener\">Emmanuel Macron<\/a> prononc\u00e9s mercredi au Conseil des ministres\u00a0: \u00ab\u00a0On ne r\u00e9pond pas \u00e0 un drame par des cris.\u00a0\u00bb \u00ab\u00a0Mais que reste-t-il aux citoyens quand les alertes n\u2019ont pas \u00e9t\u00e9 entendues\u00a0?\u00a0\u00bb, tonne au micro St\u00e9phanie Nadji, membre du collectif Enfantiste 13, en faisait r\u00e9f\u00e9rence \u00e0 Lyhanna, 11\u00a0ans, retrouv\u00e9e morte dans le Gers le 4\u00a0juin dernier.<\/p>\n<p>Malgr\u00e9 l\u2019impressionnant d\u00e9cibel, l\u2019appel lanc\u00e9 par 150 associations \u00e0 travers la France semble avoir perdu de son \u00e9lan. Seules 300 personnes ont r\u00e9pondu pr\u00e9sentes ce lundi 15\u00a0juin, <a href=\"https:\/\/www.laprovence.com\/article\/faits-divers-justice\/86544742591547\/affaire-lyhanna-ce-n-est-pas-un-fait-divers-des-milliers-de-personnes-reunies-devant-le-palais-de-justice-de-marseille\" target=\"_blank\" rel=\"nofollow noopener\">contre un millier la semaine pass\u00e9e<\/a>. Parmi elles, quelques nouveaux visages, comme celui d\u2019<a href=\"https:\/\/www.laprovence.com\/article\/societe\/9772510491090614\/baisse-de-la-natalite-en-france-un-probleme-systemique-selon-la-presidente-de-la-fondation-des-femmes\" target=\"_blank\" rel=\"nofollow noopener\">Anne-C\u00e9cile Mailfert, pr\u00e9sidente du groupe F\u00e9d\u00e9ration des femmes<\/a>.<\/p>\n<p>\u00ab\u00a0Les plaintes explosent mais elles se heurtent \u00e0 un mur judiciaire\u00a0\u00bb<\/p>\n<p>D\u00e9j\u00e0 mobilis\u00e9e<strong> <\/strong>\u00e0 Paris le 8\u00a0juin, la commissaire de l\u2019<a href=\"https:\/\/www.laprovence.com\/article\/culture-loisirs\/69305573607467\/a-travers-une-lecture-personnelle-patrick-timsit-s-adresse-a-toutes-les-meres-au-mucem-ce-week-end\" target=\"_blank\" rel=\"nofollow noopener\">exposition \u00ab\u00a0Bonne m\u00e8re\u00a0\u00bb<\/a> est venue porter la voix du collectif f\u00e9ministe jusque sur les marches du palais de justice de Marseille. \u00ab\u00a0Depuis le mouvement MeToo, les&#8230;<\/p>\n","protected":false},"excerpt":{"rendered":"\u00ab\u00a0Nos cris ne tuent pas, votre inaction si.\u00a0\u00bb\u00a0Le slogan est scand\u00e9 en ch\u0153ur devant le tribunal correctionnel de&hellip;\n","protected":false},"author":2,"featured_media":1002452,"comment_status":"","ping_status":"","sticky":false,"template":"","format":"standard","meta":{"footnotes":"","_share_on_mastodon":"0"},"categories":[2814],"tags":[5734,1111,11,13060,1777,674,274,1011,27,103288,884,12,3946,5241,6342,5396,882,25,3356],"class_list":["post-1002451","post","type-post","status-publish","format-standard","has-post-thumbnail","category-marseille","tag-5734","tag-actu","tag-actualites","tag-affaire","tag-eu","tag-europe","tag-faits-divers-justice","tag-fr","tag-france","tag-lyhanna","tag-marseille","tag-news","tag-nous","tag-on","tag-pied","tag-porte","tag-provence-alpes-cote-dazur","tag-republique-francaise","tag-sur"],"share_on_mastodon":{"url":"https:\/\/pubeurope.com\/@fr\/116756431913103825","error":""},"_links":{"self":[{"href":"https:\/\/www.europesays.com\/fr\/wp-json\/wp\/v2\/posts\/1002451","targetHints":{"allow":["GET"]}}],"collection":[{"href":"https:\/\/www.europesays.com\/fr\/wp-json\/wp\/v2\/posts"}],"about":[{"href":"https:\/\/www.europesays.com\/fr\/wp-json\/wp\/v2\/types\/post"}],"author":[{"embeddable":true,"href":"https:\/\/www.europesays.com\/fr\/wp-json\/wp\/v2\/users\/2"}],"replies":[{"embeddable":true,"href":"https:\/\/www.europesays.com\/fr\/wp-json\/wp\/v2\/comments?post=1002451"}],"version-history":[{"count":0,"href":"https:\/\/www.europesays.com\/fr\/wp-json\/wp\/v2\/posts\/1002451\/revisions"}],"wp:featuredmedia":[{"embeddable":true,"href":"https:\/\/www.europesays.com\/fr\/wp-json\/wp\/v2\/media\/1002452"}],"wp:attachment":[{"href":"https:\/\/www.europesays.com\/fr\/wp-json\/wp\/v2\/media?parent=1002451"}],"wp:term":[{"taxonomy":"category","embeddable":true,"href":"https:\/\/www.europesays.com\/fr\/wp-json\/wp\/v2\/categories?post=1002451"},{"taxonomy":"post_tag","embeddable":true,"href":"https:\/\/www.europesays.com\/fr\/wp-json\/wp\/v2\/tags?post=1002451"}],"curies":[{"name":"wp","href":"https:\/\/api.w.org\/{rel}","templated":true}]}}