{"id":100276,"date":"2025-05-14T21:06:16","date_gmt":"2025-05-14T21:06:16","guid":{"rendered":"https:\/\/www.europesays.com\/fr\/100276\/"},"modified":"2025-05-14T21:06:16","modified_gmt":"2025-05-14T21:06:16","slug":"tentative-de-rapt-a-paris-tres-violent-de-sen-prendre-a-une-femme-avec-un-enfant-dit-le-pere-de-la-femme-visee","status":"publish","type":"post","link":"https:\/\/www.europesays.com\/fr\/100276\/","title":{"rendered":"Tentative de rapt \u00e0 Paris : \u00ab\u00a0Tr\u00e8s violent de s&rsquo;en prendre \u00e0 une femme avec un enfant\u00a0\u00bb, dit le p\u00e8re de la femme vis\u00e9e"},"content":{"rendered":"<p>Son intervention a s\u00fbrement permis d&rsquo;\u00e9viter le pire.Gr\u00e2ce \u00e0 un voisin, muni d&rsquo;un extincteur, la fille du PDG d&rsquo;une soci\u00e9t\u00e9 de cryptomonnaies a \u00e9chapp\u00e9 mardi 13 mai \u00e0 un enl\u00e8vement en plein Paris.Le JT de TF1 a recueilli le t\u00e9moignage de son p\u00e8re, sous le choc, qui s&rsquo;exprime pour la premi\u00e8re fois.<a href=\"https:\/\/www.tf1info.fr\/actualite\/criminalite-crypto-les-tentatives-d-enlevement-se-multiplient-dans-le-monde-des-cryptomonnaies-13930\/\" rel=\"noopener\" class=\"jsx-3118104007 Link jsx-1428418400 jsx-609604686\" target=\"_blank\"><\/p>\n<p style=\"font-weight:400\" class=\"jsx-1837267516\">Suivez la couverture compl\u00e8te<\/p>\n<p style=\"font-weight:800\" class=\"jsx-1837267516\">Les tentatives d&rsquo;enl\u00e8vement se multiplient dans le monde des cryptomonnaies<\/p>\n<p><\/a><\/p>\n<p data-module=\"article-paragraph\" class=\"jsx-362436225 Paragraph Paragraph__End\">Il est d\u00e9j\u00e0 connu comme l&rsquo;homme \u00e0 l&rsquo;extincteur. Depuis ce mardi 13 mai, le t\u00e9l\u00e9phone de Nabil croule sous des dizaines de messages de soutien. \u00ab\u00a0C&rsquo;est impossible de ne pas intervenir. <a href=\"https:\/\/www.tf1info.fr\/justice-faits-divers\/video-reportage-tentative-de-kidnapping-des-proches-d-un-ponte-de-la-cryptomonnaie-a-paris-ma-fille-et-mon-gendre-vont-bien-2370609.html\" target=\"_blank\" rel=\"noopener\">Vous auriez entendu les cris<\/a>. C&rsquo;\u00e9tait horrible. C&rsquo;est une agression sur une m\u00e8re et un p\u00e8re de famille, c&rsquo;est immoral\u00a0\u00bb, t\u00e9moigne-t-il dans le reportage ci-dessus. Pour Nabil, rien d&rsquo;h\u00e9ro\u00efque. Pourtant, son geste a permis d&rsquo;aider \u00e0 sauver ce couple.\u00a0<\/p>\n<p data-module=\"article-paragraph\" class=\"jsx-362436225 Paragraph Paragraph__End\">Il est huit heures hier, lorsqu&rsquo;il entend des hurlements dans la rue. \u00ab\u00a0Je me pr\u00e9cipite pour intervenir. J&rsquo;ai cet extincteur en main que j&rsquo;ai pris dans les parties communes juste avant d&rsquo;ouvrir la porte. Et sans savoir vraiment ce que j&rsquo;allais en faire, l&rsquo;id\u00e9e, c&rsquo;\u00e9tait d&rsquo;intervenir\u00a0\u00bb, poursuit-il. Nabil r\u00e9alise qu&rsquo;il s&rsquo;agit d&rsquo;une tentative d&rsquo;enl\u00e8vement. Il tente de repousser les trois hommes cagoul\u00e9s et jette son extincteur. Les ravisseurs prennent la fuite. Le commer\u00e7ant est encore choqu\u00e9. \u00ab\u00a0Le p\u00e8re de famille a sauv\u00e9 sa femme. Il l&rsquo;a maintenu. Il y a aussi une autre personne qui travaille au caf\u00e9 d&rsquo;\u00e0 c\u00f4t\u00e9, qui a pris l&rsquo;enfant sous son bras face \u00e0 la situation\u00a0\u00bb, pr\u00e9cise Nabil.\u00a0<\/p>\n<blockquote class=\"jsx-2786790838 Quote__Text\"><p>Ils sont un peu dans le post-traumatique, mais physiquement \u00e7a va. Il n&rsquo;y aura pas de s\u00e9quelles graves.<\/p><\/blockquote>\n<p>Le p\u00e8re de la femme vis\u00e9 par la tentative d&rsquo;enl\u00e8vement<\/p>\n<p data-module=\"article-paragraph\" class=\"jsx-362436225 Paragraph\">Au lendemain de cette agression en plein Paris, le JT de TF1 a pu joindre <a href=\"https:\/\/www.tf1info.fr\/justice-faits-divers\/video-reportage-tentative-de-kidnapping-des-proches-d-un-ponte-de-la-cryptomonnaie-a-paris-ma-fille-et-mon-gendre-vont-bien-2370609.html\" target=\"_blank\" rel=\"noopener\">le p\u00e8re de la femme vis\u00e9 par la tentative d&rsquo;enl\u00e8vement<\/a>. L&rsquo;investisseur, patron d&rsquo;une plateforme d&rsquo;achat de cryptomonnaies, veut rester anonyme par peur des repr\u00e9sailles. Il confie son \u00e9motion. \u00ab\u00a0C&rsquo;est tr\u00e8s violent de s&rsquo;en prendre \u00e0 une femme avec un enfant, \u00e0 trois en plus. \u00c0 trois ou quatre contre un. Je ne pense pas qu&rsquo;on puisse aller plus bas au niveau moral. J&rsquo;ai eu l&rsquo;occasion de remercier le voisin qui est intervenu et je le remercie encore\u00a0\u00bb, dit-il.\u00a0<\/p>\n<p data-module=\"article-paragraph\" class=\"jsx-362436225 Paragraph Paragraph__End\">Le PDG demande aux autorit\u00e9s de prot\u00e9ger les investisseurs en interdisant par exemple que leur adresse postale soit disponible sur Internet, comme c&rsquo;est souvent le cas. Selon lui, c&rsquo;est cette information qui a permis aux ravisseurs de cibler ses proches. Il donne de leurs nouvelles. \u00ab\u00a0Ils sont un peu dans le post-traumatique, mais physiquement \u00e7a va. Il n&rsquo;y aura pas de s\u00e9quelles graves. Apr\u00e8s, l&rsquo;impact psychologique est sans doute pas n\u00e9gligeable\u00a0\u00bb, admet-il.\u00a0<\/p>\n<ul class=\"jsx-3657663356 ReadMoreArticle__List flex flex-column\">\n<li class=\"jsx-3657663356\"><a href=\"https:\/\/www.tf1info.fr\/justice-faits-divers\/pourquoi-les-magnats-de-la-cryptomonnaie-sont-ils-des-nouvelles-cibles-pour-les-gangs-2368942.html\" rel=\"noopener\" class=\"jsx-4233824444 Link flex\" target=\"_blank\"><img decoding=\"async\" src=\"https:\/\/www.europesays.com\/fr\/wp-content\/uploads\/2025\/05\/arnaque-cryptomonnaie-6aeca8-0@1x.jpeg\" alt=\"Les victimes pensaient am\u00e9liorer leur situation financi\u00e8re, mais il en a \u00e9t\u00e9 autrement.\" loading=\"lazy\" importance=\"low\" fetchpriority=\"low\" class=\"\"\/>\n<p class=\"jsx-3657663356 ReadMoreArticle__Title\">Lire aussi<\/p>\n<p class=\"jsx-3657663356\">Pourquoi les magnats de la cryptomonnaie sont-ils des nouvelles cibles pour les gangs ? <\/p>\n<p><\/a><\/li>\n<\/ul>\n<p data-module=\"article-paragraph\" class=\"jsx-362436225 Paragraph Paragraph__End\">Face \u00e0 la multiplication de ces enl\u00e8vements ou agressions violentes, les investisseurs en cryptomonnaie se disent inquiets. Ils seront re\u00e7us vendredi matin par le ministre de l&rsquo;Int\u00e9rieur pour \u00ab\u00a0travailler \u00e0 leur s\u00e9curit\u00e9\u00a0\u00bb.<\/p>\n<p>La r\u00e9daction de TF1info | Reportage : Elsa ASSALIT, Lazslo GELABERT et Georges BRENIER<\/p>\n","protected":false},"excerpt":{"rendered":"Son intervention a s\u00fbrement permis d&rsquo;\u00e9viter le pire.Gr\u00e2ce \u00e0 un voisin, muni d&rsquo;un extincteur, la fille du PDG&hellip;\n","protected":false},"author":2,"featured_media":100277,"comment_status":"","ping_status":"","sticky":false,"template":"","format":"standard","meta":{"footnotes":""},"categories":[1888],"tags":[1111,11,1921,2951,5392,2950,1777,674,1011,27,1922,2954,2952,21512,12,626,1072,25,133,2953,2949],"class_list":{"0":"post-100276","1":"post","2":"type-post","3":"status-publish","4":"format-standard","5":"has-post-thumbnail","7":"category-paris","8":"tag-actu","9":"tag-actualites","10":"tag-article-video","11":"tag-criminalite","12":"tag-cryptomonnaies","13":"tag-delinquance","14":"tag-eu","15":"tag-europe","16":"tag-fr","17":"tag-france","18":"tag-info","19":"tag-justice-et-faits-divers","20":"tag-le-20h","21":"tag-les-tentatives-denlevement-se-multiplient-dans-le-monde-des-cryptomonnaies","22":"tag-news","23":"tag-paris","24":"tag-police","25":"tag-republique-francaise","26":"tag-video","27":"tag-video-police","28":"tag-violences"},"share_on_mastodon":{"url":"https:\/\/pubeurope.com\/@fr\/114508227152810233","error":""},"_links":{"self":[{"href":"https:\/\/www.europesays.com\/fr\/wp-json\/wp\/v2\/posts\/100276","targetHints":{"allow":["GET"]}}],"collection":[{"href":"https:\/\/www.europesays.com\/fr\/wp-json\/wp\/v2\/posts"}],"about":[{"href":"https:\/\/www.europesays.com\/fr\/wp-json\/wp\/v2\/types\/post"}],"author":[{"embeddable":true,"href":"https:\/\/www.europesays.com\/fr\/wp-json\/wp\/v2\/users\/2"}],"replies":[{"embeddable":true,"href":"https:\/\/www.europesays.com\/fr\/wp-json\/wp\/v2\/comments?post=100276"}],"version-history":[{"count":0,"href":"https:\/\/www.europesays.com\/fr\/wp-json\/wp\/v2\/posts\/100276\/revisions"}],"wp:featuredmedia":[{"embeddable":true,"href":"https:\/\/www.europesays.com\/fr\/wp-json\/wp\/v2\/media\/100277"}],"wp:attachment":[{"href":"https:\/\/www.europesays.com\/fr\/wp-json\/wp\/v2\/media?parent=100276"}],"wp:term":[{"taxonomy":"category","embeddable":true,"href":"https:\/\/www.europesays.com\/fr\/wp-json\/wp\/v2\/categories?post=100276"},{"taxonomy":"post_tag","embeddable":true,"href":"https:\/\/www.europesays.com\/fr\/wp-json\/wp\/v2\/tags?post=100276"}],"curies":[{"name":"wp","href":"https:\/\/api.w.org\/{rel}","templated":true}]}}