{"id":100307,"date":"2025-05-14T21:24:09","date_gmt":"2025-05-14T21:24:09","guid":{"rendered":"https:\/\/www.europesays.com\/fr\/100307\/"},"modified":"2025-05-14T21:24:09","modified_gmt":"2025-05-14T21:24:09","slug":"aude-biannic-tout-est-revenu-assez-vite-actualite","status":"publish","type":"post","link":"https:\/\/www.europesays.com\/fr\/100307\/","title":{"rendered":"Aude Biannic : \u00ab Tout est revenu assez vite \u00bb &#8211; Actualit\u00e9"},"content":{"rendered":"<p style=\"text-align: justify;\">Absente des pelotons depuis le 6 avril 2024 et Paris-Roubaix Femmes avec Zwift, Aude Biannic (<strong><a href=\"https:\/\/www.directvelo.com\/coureur\/10252\/aude-biannic\" target=\"_blank\" rel=\"noopener\">voir sa fiche DirectVelo<\/a><\/strong>) avait mis sa carri\u00e8re entre parenth\u00e8ses pour mettre au monde le petit Noah. Plus d\u2019un an plus tard, la Bretonne a sign\u00e9 son retour ce mercredi sur la Navarra Elite Classic, remport\u00e9e par sa co\u00e9quipi\u00e8re chez Movistar, l\u2019Anglaise Cat Ferguson (<strong><a href=\"https:\/\/www.directvelo.com\/epreuve\/45231\/classique-feminine-de-navarre-2025\" target=\"_blank\" rel=\"noopener\">voir classement<\/a><\/strong>). Maternit\u00e9, reprise, ambitions : elle s\u2019est confi\u00e9e \u00e0 DirectVelo sur cette transition singuli\u00e8re et sa rentr\u00e9e tant attendue.<\/p>\n<p><strong>DirectVelo : Apr\u00e8s 403 jours sans un num\u00e9ro dans le dos, comment as-tu v\u00e9cu cette reprise ?<\/strong><br \/>Aude Biannic : Plut\u00f4t bien, m\u00eame mieux que ce que j\u2019esp\u00e9rais. J\u2019avais pas mal de doutes apr\u00e8s plus d\u2019un an loin des pelotons, mais je me suis rassur\u00e9e, autant sur la forme que sur les automatismes, le placement\u2026 Tout est revenu assez vite. Par chance, nous n\u2019\u00e9tions pas un \u00e9norme groupe aujourd\u2019hui, une petite centaine, donc c\u2019\u00e9tait plus fluide. Les automatismes sont vite revenus. Comme on dit, le v\u00e9lo, \u00e7a ne s\u2019oublie pas.<\/p>\n<p><strong>Quel r\u00f4le avais-tu dans l\u2019\u00e9quipe ?<\/strong><br \/>Au d\u00e9part, je devais juste couvrir les 50 premiers kilom\u00e8tres et aider au placement avant les bosses. L\u2019\u00e9quipe ne savait pas trop o\u00f9 j\u2019en \u00e9tais. Finalement, au fil de la course, j\u2019ai pu en faire plus et me retrouver dans le lead-out final. Terminer dans le Top 20 et voir la victoire de Cat Ferguson, une co\u00e9quipi\u00e8re, \u00e0 la maison pour Movistar, c\u2019est un super retour.<\/p>\n<p><strong>Comment as-tu v\u00e9cu cette derni\u00e8re ann\u00e9e entre la grossesse, l\u2019entra\u00eenement, et l\u2019\u00e9quipe ?<\/strong><br \/>\u00c7a a \u00e9t\u00e9 une ann\u00e9e d\u2019adaptation. J\u2019ai d\u00fb revoir mes entra\u00eenements souvent, \u00e9couter mon corps car je n\u2019avais pas forc\u00e9ment la r\u00e9cup\u00e9ration n\u00e9cessaire pour pouvoir encha\u00eener. Heureusement, avec l\u2019exp\u00e9rience, je me connais bien et j\u2019ai pu ajuster au jour le jour. Ce n\u2019est pas quelque chose que j\u2019aurais pu faire plus jeune.<\/p>\n<p><strong>\u00ab JE SUIS \u00c0 95% DE MES CAPACIT\u00c9S \u00bb<\/strong><\/p>\n<p><strong>La reprise de l&rsquo;entra\u00eenement s&rsquo;est faite facilement ?<\/strong><br \/>J\u2019ai arr\u00eat\u00e9 un mois, donc j\u2019ai forc\u00e9ment perdu un peu, mais pas tant que \u00e7a. Les sensations sont revenues assez vite. L\u2019intensit\u00e9 et les longues sorties ont \u00e9t\u00e9 plus dures, mais je pense que c\u2019\u00e9tait un peu un \u00ab\u00a0dopage\u00a0\u00bb naturel apr\u00e8s la grossesse, \u00e7a m&rsquo;a aid\u00e9 \u00e0 revenir plus vite. Je suis vraiment contente du niveau que j&rsquo;ai retrouv\u00e9.<\/p>\n<p><strong>Tu penses avoir retrouv\u00e9 ton niveau d\u2019avant ?<\/strong><br \/>Je ne m\u2019\u00e9tais pas sentie aussi bien sur une course d\u2019un jour depuis longtemps. Je dirais que je suis \u00e0 95 % de mes capacit\u00e9s, il me manque encore des entra\u00eenements intenses pour arriver au top. Aujourd\u2019hui, sur une course d\u2019une journ\u00e9e \u00e7a passe, mais je pense que la r\u00e9cup\u00e9ration n\u2019est pas encore optimale si je dois encha\u00eener les \u00e9preuves.<\/p>\n<p><strong>Tu trouvais le temps long \u00e0 l\u2019entra\u00eenement, tu avais h\u00e2te de remettre un dossard\u2026<\/strong><br \/>Je voulais revenir au bon moment, quand je serais pr\u00eate mentalement et physiquement. \u00c0 l\u2019entra\u00eenement, je me sentais de mieux en mieux tous les jours. Je savais que je pouvais revenir sans \u00eatre ridicule. J&rsquo;avais besoin de comp\u00e9tition pour voir o\u00f9 je me situais vraiment. En mars, lorsque l\u2019\u00e9quipe m\u2019a propos\u00e9 de reprendre en Belgique, ce n\u2019\u00e9tait pas encore le bon moment pour moi.<\/p>\n<p><strong>\u00ab JE DOIS ENCORE PROUVER \u00bb<\/strong><\/p>\n<p><strong>Tu as bien \u00e9t\u00e9 accueillie pour ton retour \u00e0 la comp\u00e9tition ?<\/strong><br \/>Les plus anciennes comme C\u00e9cilie Uttrup Ludwig ou Ane Santesteban, qui savent qui je suis, sont venues me voir. Ce sont des filles que je connais tr\u00e8s bien. \u00c7a fait toujours plaisir de voir plusieurs filles me souhaiter un bon retour dans le peloton.<\/p>\n<p><strong>Avec cette reprise tardive dans la saison, quels vont \u00eatre tes principaux objectifs ?<\/strong><br \/>Le premier, c\u2019est le Championnat de France fin juin. Ensuite, je vais essayer de gagner ma place pour le Tour de France. Rien n\u2019est encore acquis, l\u2019\u00e9quipe attendait de voir o\u00f9 j\u2019en \u00e9tais. Je dois encore prouver. J\u2019ai envie d\u2019\u00eatre sur la Grande Boucle, en prime avec une \u00e9tape qui passe \u00e0 la maison entre Brest et Quimper. Mais si j\u2019y suis, c&rsquo;est surtout pour \u00eatre performante.<\/p>\n<p><strong>Quel va \u00eatre ton programme pour essayer de faire ta place ?<\/strong><br \/>Je cours en Espagne \u00e0 Durango mardi prochain, puis le Tour de Burgos. En juin, ce sera le Tour de Grande-Bretagne, juste avant le Championnat de France. L\u2019objectif sera d\u2019arriver en forme pour le Championnat et le Tour en cas de s\u00e9lection.<\/p>\n","protected":false},"excerpt":{"rendered":"Absente des pelotons depuis le 6 avril 2024 et Paris-Roubaix Femmes avec Zwift, Aude Biannic (voir sa fiche&hellip;\n","protected":false},"author":2,"featured_media":100308,"comment_status":"","ping_status":"","sticky":false,"template":"","format":"standard","meta":{"footnotes":""},"categories":[1411],"tags":[834,828,836,829,837,827,83,826,824,823,1154,207,814,817,815,816,822,821,832,211,839,1011,27,820,818,819,835,831,830,833,838,60,212,208,825],"class_list":{"0":"post-100307","1":"post","2":"type-post","3":"status-publish","4":"format-standard","5":"has-post-thumbnail","7":"category-cyclisme","8":"tag-attaque","9":"tag-belgique","10":"tag-braquet","11":"tag-bretagne","12":"tag-chute","13":"tag-competition","14":"tag-coupe-de-france","15":"tag-coureur","16":"tag-course-cyclisme","17":"tag-course-cycliste","18":"tag-cycling","19":"tag-cyclisme","20":"tag-direct","21":"tag-direct-velo","22":"tag-directvelo","23":"tag-directvelo-com","24":"tag-epreuve","25":"tag-epreuve-cycliste","26":"tag-federation-francaise-de-cyclisme","27":"tag-ffc","28":"tag-flandres","29":"tag-fr","30":"tag-france","31":"tag-live","32":"tag-live-course","33":"tag-live-epreuve","34":"tag-peloton","35":"tag-radio-peloton","36":"tag-radio-tour","37":"tag-ravitaillement","38":"tag-relance","39":"tag-sports","40":"tag-uci","41":"tag-velo","42":"tag-velos"},"share_on_mastodon":{"url":"https:\/\/pubeurope.com\/@fr\/114508297968198284","error":""},"_links":{"self":[{"href":"https:\/\/www.europesays.com\/fr\/wp-json\/wp\/v2\/posts\/100307","targetHints":{"allow":["GET"]}}],"collection":[{"href":"https:\/\/www.europesays.com\/fr\/wp-json\/wp\/v2\/posts"}],"about":[{"href":"https:\/\/www.europesays.com\/fr\/wp-json\/wp\/v2\/types\/post"}],"author":[{"embeddable":true,"href":"https:\/\/www.europesays.com\/fr\/wp-json\/wp\/v2\/users\/2"}],"replies":[{"embeddable":true,"href":"https:\/\/www.europesays.com\/fr\/wp-json\/wp\/v2\/comments?post=100307"}],"version-history":[{"count":0,"href":"https:\/\/www.europesays.com\/fr\/wp-json\/wp\/v2\/posts\/100307\/revisions"}],"wp:featuredmedia":[{"embeddable":true,"href":"https:\/\/www.europesays.com\/fr\/wp-json\/wp\/v2\/media\/100308"}],"wp:attachment":[{"href":"https:\/\/www.europesays.com\/fr\/wp-json\/wp\/v2\/media?parent=100307"}],"wp:term":[{"taxonomy":"category","embeddable":true,"href":"https:\/\/www.europesays.com\/fr\/wp-json\/wp\/v2\/categories?post=100307"},{"taxonomy":"post_tag","embeddable":true,"href":"https:\/\/www.europesays.com\/fr\/wp-json\/wp\/v2\/tags?post=100307"}],"curies":[{"name":"wp","href":"https:\/\/api.w.org\/{rel}","templated":true}]}}