{"id":100311,"date":"2025-05-14T21:26:08","date_gmt":"2025-05-14T21:26:08","guid":{"rendered":"https:\/\/www.europesays.com\/fr\/100311\/"},"modified":"2025-05-14T21:26:08","modified_gmt":"2025-05-14T21:26:08","slug":"allez-vous-brosser-les-dents-anne-elisabeth-lemoine-se-lache-face-a-eva-longoria-dans-c-a-vous","status":"publish","type":"post","link":"https:\/\/www.europesays.com\/fr\/100311\/","title":{"rendered":"Allez vous brosser les dents\u00a0\u00bb : Anne-\u00c9lisabeth Lemoine se l\u00e2che face \u00e0 Eva Longoria dans \u00ab\u00a0C \u00e0 Vous"},"content":{"rendered":"<p>      R\u00e9sum\u00e9<\/p>\n<p>Anne-\u00c9lisabeth Lemoine a surpris Eva Longoria avec une remarque inattendue lors de la premi\u00e8re \u00e9dition cannoise de \u00ab\u00a0C \u00e0 Vous\u00a0\u00bb, illuminant l&rsquo;\u00e9mission par son humour caract\u00e9ristique.<\/p>\n<p>        Sommaire<\/p>\n<p>M\u00eame \u00e0 Cannes, <a href=\"https:\/\/www.public.fr\/tag\/anne-elisabeth-lemoine\" target=\"_blank\" rel=\"noopener\">Anne-\u00c9lisabeth Lemoine<\/a> fait preuve d\u2019humour et n\u2019h\u00e9site pas \u00e0 mettre les pieds dans le plat. La preuve, avec sa d\u00e9claration faite \u00e0 <a href=\"https:\/\/www.public.fr\/tag\/eva-longoria\" target=\"_blank\" rel=\"noopener\">Eva Longoria<\/a>, que peu d\u2019animateurs et animatrices auraient os\u00e9e.\u00a0<\/p>\n<p>Ce mercredi 14 mai 2025, \u00ab\u00a0Babeth\u00a0\u00bb assurait sa 1\u00e8re quotidienne en direct du Festival de Cannes, depuis l\u2019an dernier. Avec l\u2019\u00e9dition 2025, cela fait \u00e0 pr\u00e9sent trois ann\u00e9es d\u2019affil\u00e9e que <strong>\u00ab\u00a0C \u00e0 Vous\u00a0\u00bb<\/strong> se d\u00e9localise sur la Croisette tout au long de la Quinzaine.\u00a0<\/p>\n<p>Du beau monde pour la 1\u00e8re de \u00ab\u00a0C \u00e0 Vous\u00a0\u00bb \u00e0 Cannes 2025<\/p>\n<p>Et pour la premi\u00e8re de la quotidienne de France 5 sur la Croisette, Anne-\u00c9lisabeth Lemoine a re\u00e7u du beau monde. <a href=\"https:\/\/www.public.fr\/tag\/tom-cruise\" target=\"_blank\" rel=\"noopener\">Tom Cruise<\/a>, avant la projection du dernier <strong>\u00ab\u00a0Mission : Impossible\u00a0\u00bb<\/strong> au Palais des Festivals, <a href=\"https:\/\/vsd.fr\/44877-juliette-armanet-ses-proches-menaces-suite-aux-critiques-sur-le-tube-de-michel-sardou\/\" target=\"_blank\" rel=\"noopener\">la chanteuse Juliette Armanet<\/a>, C\u00e9cile de France, ou encore Eva Longoria, ont en effet r\u00e9pondu pr\u00e9sent.<\/p>\n<p>L\u2019ancienne compagne de <a href=\"https:\/\/www.public.fr\/tag\/tony-parker\" target=\"_blank\" rel=\"noopener\">Tony Parker<\/a>, d\u00e9j\u00e0 venue dans <strong>\u00ab\u00a0C \u00e0 Vous\u00a0\u00bb<\/strong> l\u2019an dernier, n\u2019a cette fois-ci pas eu besoin de mettre <a href=\"https:\/\/www.public.fr\/depeche-toi-anne-elisabeth-lemoine-ordonne-a-patrick-cohen-de-se-devetir-devant-eva-longoria\" target=\"_blank\" rel=\"noopener\">la veste de Patrick Cohen<\/a> pour se r\u00e9chauffer. N\u00e9anmoins, elle a fait un annonce importante sur le plateau de l\u2019\u00e9mission.\u00a0<\/p>\n<p>En effet, Anne-\u00c9lisabeth Lemoine lui a permis de l\u00e2cher un \u00ab\u00a0scoop\u00a0\u00bb en plein direct : \u00ab\u00a0Apr\u00e8s le Mexique et l\u2019Espagne, vous allez mettre en valeur la gastronomie fran\u00e7aise\u00a0\u00bb, a-t-elle indiqu\u00e9 en annon\u00e7ant que la prochaine saison de l\u2019\u00e9mission <strong>\u00ab\u00a0Searching For\u00a0\u00bb<\/strong> allait se concentrer sur la gastronomie fran\u00e7aise.\u00a0<\/p>\n<p>Anne-\u00c9lisabeth Lemoine conseille \u00e0 Eva Longoria de se \u00ab\u00a0brosser les dents\u00a0\u00bb <\/p>\n<p>\u00ab\u00a0On vous voit une baguette \u00e0 la main dans l\u2019une des premi\u00e8res images du programme \u00e0 venir\u00a0\u00bb, s\u2019est-m\u00eame r\u00e9joui l\u2019animatrice en d\u00e9voilant un clich\u00e9 in\u00e9dit de la prochaine saison. Chauvine, et heureuse que la nouvelle saison du programme d\u2019Eva Longoria se d\u00e9roule en France, la pr\u00e9sentatrice de <strong>\u00ab\u00a0C \u00e0 Vous\u00a0\u00bb<\/strong> a alors <strong>propos\u00e9 de manger un morceau de camembert <\/strong>qu\u2019elle gardait pr\u00e9cieusement \u00e0 proximit\u00e9.<\/p>\n<p><strong>\u00ab\u00a0\u00c7a sent depuis tout \u00e0 l\u2019heure, c\u2019est une horreur\u00a0\u00bb<\/strong>, a-t-elle d\u00e9clar\u00e9, visiblement d\u00e9rang\u00e9e par l\u2019odeur que d\u00e9gageait le fromage. L\u2019ancienne compagne de Tony Parker, loin d\u2019\u00eatre r\u00e9pugn\u00e9e par l\u2019odeur, n\u2019a pas h\u00e9sit\u00e9 \u00e0 en manger un morceau.<\/p>\n<p>L\u2019occasion pour Anne-\u00c9lisabeth Lemoine de titiller son invit\u00e9e lorsqu\u2019elle a quitt\u00e9 le plateau :<strong> \u00ab\u00a0Allez vous brosser les dents\u00a0\u00bb<\/strong>. La com\u00e9dienne am\u00e9ricaine, loin de se vexer et le prenant plut\u00f4t comme un conseil, lui a alors indiqu\u00e9 qu\u2019elle allait s\u2019ex\u00e9cutait, <strong>\u00ab\u00a0avec du champagne\u00a0\u00bb<\/strong>.<\/p>\n<p>      Mentionn\u00e9s dans cet article<\/p>\n<p>\u00c0 lire aussi<\/p>\n","protected":false},"excerpt":{"rendered":"R\u00e9sum\u00e9 Anne-\u00c9lisabeth Lemoine a surpris Eva Longoria avec une remarque inattendue lors de la premi\u00e8re \u00e9dition cannoise de&hellip;\n","protected":false},"author":2,"featured_media":100312,"comment_status":"","ping_status":"","sticky":false,"template":"","format":"standard","meta":{"footnotes":""},"categories":[1359],"tags":[5631,5632,58,59,6724,5634,1011,27,973,19370],"class_list":{"0":"post-100311","1":"post","2":"type-post","3":"status-publish","4":"format-standard","5":"has-post-thumbnail","7":"category-people","8":"tag-anne-elisabeth-lemoine","9":"tag-c-a-vous","10":"tag-divertissement","11":"tag-entertainment","12":"tag-eva-longoria","13":"tag-festival-de-cannes","14":"tag-fr","15":"tag-france","16":"tag-people","17":"tag-tony-parker"},"share_on_mastodon":{"url":"https:\/\/pubeurope.com\/@fr\/114508305949914113","error":""},"_links":{"self":[{"href":"https:\/\/www.europesays.com\/fr\/wp-json\/wp\/v2\/posts\/100311","targetHints":{"allow":["GET"]}}],"collection":[{"href":"https:\/\/www.europesays.com\/fr\/wp-json\/wp\/v2\/posts"}],"about":[{"href":"https:\/\/www.europesays.com\/fr\/wp-json\/wp\/v2\/types\/post"}],"author":[{"embeddable":true,"href":"https:\/\/www.europesays.com\/fr\/wp-json\/wp\/v2\/users\/2"}],"replies":[{"embeddable":true,"href":"https:\/\/www.europesays.com\/fr\/wp-json\/wp\/v2\/comments?post=100311"}],"version-history":[{"count":0,"href":"https:\/\/www.europesays.com\/fr\/wp-json\/wp\/v2\/posts\/100311\/revisions"}],"wp:featuredmedia":[{"embeddable":true,"href":"https:\/\/www.europesays.com\/fr\/wp-json\/wp\/v2\/media\/100312"}],"wp:attachment":[{"href":"https:\/\/www.europesays.com\/fr\/wp-json\/wp\/v2\/media?parent=100311"}],"wp:term":[{"taxonomy":"category","embeddable":true,"href":"https:\/\/www.europesays.com\/fr\/wp-json\/wp\/v2\/categories?post=100311"},{"taxonomy":"post_tag","embeddable":true,"href":"https:\/\/www.europesays.com\/fr\/wp-json\/wp\/v2\/tags?post=100311"}],"curies":[{"name":"wp","href":"https:\/\/api.w.org\/{rel}","templated":true}]}}