{"id":100317,"date":"2025-05-14T21:29:15","date_gmt":"2025-05-14T21:29:15","guid":{"rendered":"https:\/\/www.europesays.com\/fr\/100317\/"},"modified":"2025-05-14T21:29:15","modified_gmt":"2025-05-14T21:29:15","slug":"juliette-armanet-embarrassee-dans-c-a-vous-anne-elisabeth-lemoine-sexcuse-apres-une-demande-insistante","status":"publish","type":"post","link":"https:\/\/www.europesays.com\/fr\/100317\/","title":{"rendered":"Juliette Armanet embarrass\u00e9e dans C \u00e0 Vous, Anne-Elisabeth Lemoine s&rsquo;excuse apr\u00e8s une demande insistante"},"content":{"rendered":"<p>Ce mercredi 14 mai dans C \u00e0 Vous, Anne-Elisabeth Lemoine recevait notamment Juliette Armanet et C\u00e9cile de France pour parler du film Partir un jour. Quand l&rsquo;animatrice leur a demand\u00e9 d&rsquo;improviser une sc\u00e8ne de cin\u00e9ma en direct, la chanteuse n&rsquo;a pas r\u00e9ussi \u00e0 trouver sa place et \u00e9tait tr\u00e8s g\u00ean\u00e9e.<\/p>\n<p>Comme tous les ans depuis plusieurs ann\u00e9es, Anne-Elisabeth Lemoine et ses chroniqueurs quittent Paris lors du <a href=\"https:\/\/www.programme-tv.net\/news\/people\/378828-le-nouveau-dress-code-ultra-strict-du-festival-de-cannes-deja-contourne-heidi-klum-frederique-bel-ou-bella-hadid-ont-ose-le-braver-photos\/\" data-api-deeplink=\"teleloisirs:\/\/news\/378828\" rel=\"nofollow noopener\" target=\"_blank\">Festival de Cannes<\/a> et posent ses valises sur la Croisette. Pendant dix jours, ils re\u00e7oivent les plus grands acteurs de l&rsquo;\u00e9v\u00e8nement pour parler des films qu&rsquo;ils d\u00e9fendent. Ce mercredi 14 mai, l&rsquo;animatrice a \u00e9chang\u00e9 avec <a href=\"https:\/\/www.programme-tv.net\/news\/cinema\/378862-un-defile-de-stars-eva-longoria-tom-cruise-et-l-equipe-du-nouveau-mission-impossible-font-sensation-sur-le-tapis-rouge-du-festival-de-cannes-2025-photos\/\" data-api-deeplink=\"teleloisirs:\/\/news\/378862\" rel=\"nofollow noopener\" target=\"_blank\">Tom Cruise, \u00e0 l&rsquo;affiche de Mission: Impossible &#8211; The Final Reckoning \u2013 pr\u00e9sent\u00e9 ce soir,<\/a> mais aussi <a href=\"https:\/\/www.programme-tv.net\/news\/cinema\/374615-exclu-eva-longoria-nous-fait-une-adorable-confidence-sur-santiago-son-fils-de-6-ans\/\" data-api-deeplink=\"teleloisirs:\/\/news\/374615\" rel=\"nofollow noopener\" target=\"_blank\">\u00c9va Longoria, \u00e9g\u00e9rie de L&rsquo;Or\u00e9al<\/a> \u2013 partenaire du Festival de Cannes \u2013 depuis vingt ans. Puis,<b> <\/b>Juliette Armanet, C\u00e9cile de France et Am\u00e9lie Bonnin \u00e9taient de passage pour faire la promotion de Partir un jour, qui a \u00e9t\u00e9 d\u00e9voil\u00e9 la veille, lors de la c\u00e9r\u00e9monie d&rsquo;ouverture.<\/p>\n<p>Juliette Armanet refuse de participer \u00e0 un challenge propos\u00e9 par Anne-Elisabeth Lemoine : \u00ab\u00a0Je ne peux pas faire \u00e7a\u00a0\u00bb<\/p>\n<p>Dans la chronique Actor studio, Anne-Elisabeth Lemoine propose \u00e0 ses invit\u00e9s de refaire des r\u00e9pliques phares d&rsquo;un film. Ce soir, Juliette Armanet et C\u00e9cile de France ont d\u00fb rejouer une sc\u00e8ne de <a href=\"https:\/\/www.programme-tv.net\/news\/cinema\/120317-l-inspecteur-harry-arte-comment-don-siegel-et-clint-eastwood-ont-fait-main-basse-sur-hollywood-video\/\" data-api-deeplink=\"teleloisirs:\/\/news\/120317\" rel=\"nofollow noopener\" target=\"_blank\">L&rsquo;inspecteur Harry<\/a> (1971), ce qui n&rsquo;\u00e9tait pas au go\u00fbt de l&rsquo;interpr\u00e8te de Flamme. \u00ab\u00a0Non mais c&rsquo;est hyper dur, je suis incapable de faire un truc pareil\u00a0\u00bb, a-t-elle d\u00e9clar\u00e9 avant de demander \u00e0 sa camarade d&rsquo;\u00e9changer les r\u00f4les. Tr\u00e8s press\u00e9e de se lancer dedans, C\u00e9cile de France a refus\u00e9 et a commenc\u00e9 \u00e0 parler. Apr\u00e8s avoir essay\u00e9 le temps d&rsquo;une seconde, Juliette Armanet a abandonn\u00e9 : \u00ab\u00a0Non, je ne peux pas faire \u00e7a Babeth&#8230;\u00a0\u00bb<\/p>\n<p>                        Anne-Elisabeth Lemoine s&rsquo;excuse apr\u00e8s avoir mis mal \u00e0 l&rsquo;aise Juliette Armanet : \u00ab\u00a0Pardon, je ne voulais pas\u00a0\u00bb<\/p>\n<p>Finalement, les deux actrices ont \u00e9chang\u00e9 les r\u00f4les, mais ce n&rsquo;\u00e9tait toujours pas concluant pour Juliette Armanet : \u00ab\u00a0Pardon, c&rsquo;est catastrophique&#8230; C&rsquo;est hyper dur de faire un truc comme \u00e7a, je suis incapable !\u00a0\u00bb De l\u00e0, la pr\u00e9sentatrice a pris le relais et a jou\u00e9 avec C\u00e9cile de France.<b> \u00ab\u00a0<\/b><b>Pardon, je ne voulais pas vous mettre dans l&#8217;embarras<\/b><b>\u00ab\u00a0<\/b>, a-t-elle assur\u00e9 \u00e0 la chanteuse. Quelques minutes plus tard, alors qu&rsquo;Anne-Elisabeth Lemoine avait chang\u00e9 de sujet et sentant que son invit\u00e9e \u00e9tait toujours g\u00ean\u00e9e, elle a ajout\u00e9 : \u00ab\u00a0On a traumatis\u00e9 Juliette.\u00a0\u00bb<\/p>\n","protected":false},"excerpt":{"rendered":"Ce mercredi 14 mai dans C \u00e0 Vous, Anne-Elisabeth Lemoine recevait notamment Juliette Armanet et C\u00e9cile de France&hellip;\n","protected":false},"author":2,"featured_media":100318,"comment_status":"","ping_status":"","sticky":false,"template":"","format":"standard","meta":{"footnotes":""},"categories":[1356],"tags":[5631,4470,244,58,59,5634,1011,27,14765,252,1364,1630],"class_list":{"0":"post-100317","1":"post","2":"type-post","3":"status-publish","4":"format-standard","5":"has-post-thumbnail","7":"category-television","8":"tag-anne-elisabeth-lemoine","9":"tag-c-u00e0-vous","10":"tag-commentaire","11":"tag-divertissement","12":"tag-entertainment","13":"tag-festival-de-cannes","14":"tag-fr","15":"tag-france","16":"tag-juliette-armanet","17":"tag-television","18":"tag-tv","19":"tag-zapping"},"share_on_mastodon":{"url":"https:\/\/pubeurope.com\/@fr\/114508317848368658","error":""},"_links":{"self":[{"href":"https:\/\/www.europesays.com\/fr\/wp-json\/wp\/v2\/posts\/100317","targetHints":{"allow":["GET"]}}],"collection":[{"href":"https:\/\/www.europesays.com\/fr\/wp-json\/wp\/v2\/posts"}],"about":[{"href":"https:\/\/www.europesays.com\/fr\/wp-json\/wp\/v2\/types\/post"}],"author":[{"embeddable":true,"href":"https:\/\/www.europesays.com\/fr\/wp-json\/wp\/v2\/users\/2"}],"replies":[{"embeddable":true,"href":"https:\/\/www.europesays.com\/fr\/wp-json\/wp\/v2\/comments?post=100317"}],"version-history":[{"count":0,"href":"https:\/\/www.europesays.com\/fr\/wp-json\/wp\/v2\/posts\/100317\/revisions"}],"wp:featuredmedia":[{"embeddable":true,"href":"https:\/\/www.europesays.com\/fr\/wp-json\/wp\/v2\/media\/100318"}],"wp:attachment":[{"href":"https:\/\/www.europesays.com\/fr\/wp-json\/wp\/v2\/media?parent=100317"}],"wp:term":[{"taxonomy":"category","embeddable":true,"href":"https:\/\/www.europesays.com\/fr\/wp-json\/wp\/v2\/categories?post=100317"},{"taxonomy":"post_tag","embeddable":true,"href":"https:\/\/www.europesays.com\/fr\/wp-json\/wp\/v2\/tags?post=100317"}],"curies":[{"name":"wp","href":"https:\/\/api.w.org\/{rel}","templated":true}]}}