{"id":100333,"date":"2025-05-14T21:37:13","date_gmt":"2025-05-14T21:37:13","guid":{"rendered":"https:\/\/www.europesays.com\/fr\/100333\/"},"modified":"2025-05-14T21:37:13","modified_gmt":"2025-05-14T21:37:13","slug":"donald-trump-adoube-ahmed-al-charaa-et-leve-les-sanctions-contre-damas","status":"publish","type":"post","link":"https:\/\/www.europesays.com\/fr\/100333\/","title":{"rendered":"Donald Trump adoube Ahmed al-Charaa et l\u00e8ve les sanctions contre Damas"},"content":{"rendered":"<p><strong>R\u00c9CIT &#8211;\u00a0<\/strong> Lors de son \u00e9tape en Arabie saoudite, le pr\u00e9sident am\u00e9ricain a rencontr\u00e9 l\u2019ancien djihadiste. Cette entrevue marque un spectaculaire tournant dans la politique am\u00e9ricaine vis-\u00e0-vis du nouveau pouvoir syrien.<\/p>\n<p class=\"fig-paragraph\">De Riyad \u00e0 Damas, nul ne s\u2019est tromp\u00e9 sur l\u2019importance du geste. \u00ab\u00a0Trump l\u00e8ve les sanctions contre la Syrie\u00a0\u00bb, affiche ce mercredi en manchette le quotidien saoudien Arab News, au-dessus d\u2019une photo de Donald Trump et de son h\u00f4te, le prince h\u00e9ritier saoudien,\u00a0<a href=\"http:\/\/www.lefigaro.fr\/international\/ici-tout-le-monde-soutient-les-palestiniens-en-arabie-saoudite-la-normalisation-avec-israel-ne-fait-plus-recette-20250509\" data-fig-type=\"Article\" data-gtm-custom-categorie=\"navigation\" data-gtm-custom-action=\"crossclick\" data-gtm-custom-label=\"Contextuel\" data-gtm-event=\"customEventSPE\" data-fig-domain=\"LEFIGARO\" rel=\"nofollow noopener\" target=\"_blank\">Mohammed Ben Salman<\/a>\u00a0(MBS), tout sourire, au premier jour de la visite du pr\u00e9sident am\u00e9ricain dans le Golfe. Quelques heures plus t\u00f4t en Syrie, de nombreux habitants f\u00eataient dans la rue cette annonce prometteuse.<\/p>\n<p class=\"fig-paragraph\">\u00ab\u00a0C\u2019est extraordinaire, on ne s\u2019y attendait pas, on est tous tr\u00e8s contents, confie Boulos Halaq, un commer\u00e7ant joint au t\u00e9l\u00e9phone \u00e0<a href=\"http:\/\/www.lefigaro.fr\/international\/ils-ne-font-aucune-difference-entre-les-minorites-au-sud-de-damas-un-quartier-druze-pris-pour-cible-fait-14-morts-20250429\" data-fig-type=\"Article\" data-gtm-custom-categorie=\"navigation\" data-gtm-custom-action=\"crossclick\" data-gtm-custom-label=\"Contextuel\" data-gtm-event=\"customEventSPE\" data-fig-domain=\"LEFIGARO\" rel=\"nofollow noopener\" target=\"_blank\">\u00a0Damas<\/a>, beaucoup de soci\u00e9t\u00e9s \u00e0 l\u2019\u00e9tranger qui voulaient nous aider ne pouvaient m\u00eame pas nous envoyer des pi\u00e8ces d\u00e9tach\u00e9es.\u00a0\u00bb<\/p>\n<p class=\"fig-body-link\">\n            \u00c0 lire aussi<br \/>\n        <a class=\"fig-body-link__link fig-premium-mark\" href=\"http:\/\/www.lefigaro.fr\/international\/l-etat-islamique-est-affaibli-et-retranche-dans-le-desert-en-syrie-htc-traque-les-djihadistes-de-daech-20250121\" data-fig-type=\"Article\" data-gtm-custom-categorie=\"navigation\" data-gtm-custom-action=\"crossclick\" data-gtm-custom-label=\"Contextuel\" data-gtm-event=\"customEventSPE\" data-fig-domain=\"LEFIGARO\" rel=\"nofollow noopener\" target=\"_blank\">\u00abL\u2019\u00c9tat islamique est affaibli et retranch\u00e9 dans le d\u00e9sert\u00bb: en Syrie, HTC traque les djihadistes de Daech<br \/>\n    <\/a>\n<\/p>\n<p class=\"fig-paragraph\">Ajout\u00e9e \u00e0 la rencontre mercredi matin entre Donald Trump et\u00a0<a href=\"http:\/\/www.lefigaro.fr\/international\/al-charaa-est-dangereusement-intelligent-enquete-au-coeur-du-nouveau-pouvoir-syrien-20250211\" data-fig-type=\"Article\" data-gtm-custom-categorie=\"navigation\" data-gtm-custom-action=\"crossclick\" data-gtm-custom-label=\"Contextuel\" data-gtm-event=\"customEventSPE\" data-fig-domain=\"LEFIGARO\" rel=\"nofollow noopener\" target=\"_blank\">Ahmed al-Charaa<\/a>, cette lev\u00e9e des sanctions marque un spectaculaire tournant dans la politique am\u00e9ricaine vis-\u00e0-vis du nouveau pouvoir syrien, issu de la mouvance djihadiste, face auquel\u00a0<a href=\"http:\/\/www.lefigaro.fr\/secteur\/high-tech\/de-l-administration-trump-a-la-nouvelle-commission-europeenne-une-ere-d-incertitude-s-ouvre-pour-les-geants-de-la-tech-20241222\" data-fig-type=\"Article\" data-gtm-custom-categorie=\"navigation\" data-gtm-custom-action=\"crossclick\" data-gtm-custom-label=\"Contextuel\" data-gtm-event=\"customEventSPE\" data-fig-domain=\"LEFIGARO\" rel=\"nofollow noopener\" target=\"_blank\">la nouvelle Administration\u2026<\/a><\/p>\n<p class=\"fig-premium-paywall__infos\">\n        Cet article est r\u00e9serv\u00e9 aux abonn\u00e9s.        Il vous reste 88% \u00e0 d\u00e9couvrir.\n    <\/p>\n<p>                <img  data- alt=\"Le Figaro\" class=\"fig-img--complete fig-img\"\/><\/p>\n<p class=\"fig-premium-paywall__title\">Je m&rsquo;informe, je m&rsquo;inspire, je m&rsquo;abonne.<\/p>\n<p class=\"fig-premium-paywall__subtitle\">D\u00e9couvrez notre offre de bienvenue.<\/p>\n<p class=\"fig-premium-paywall__connect\">\n                D\u00e9j\u00e0 abonn\u00e9\u00a0?                <a class=\"fig-premium-paywall__connect-link\" href=\"https:\/\/connect.lefigaro.fr\/login?client=horizon_web&amp;type=main&amp;redirect_uri=https%3A%2F%2Fwww.lefigaro.fr%2Finternational%2Fbonne-chance-a-la-syrie-donald-trump-adoube-ahmed-al-charaa-et-leve-les-sanctions-contre-damas-20250514\" data-js-gtm=\"{&quot;customCategorie&quot;: &quot;conversion&quot;, &quot;customAction&quot;: &quot;before_Landing_Connexion_paywall_auto&quot;, &quot;customLabel&quot;: &quot;bGVmaWdhcm8uZnJfXzFmMDMwZDFlLWFiZWMtNjA2YS04ZTJiLWQ1ZmM2Y2EyMGRlNl9fQXJ0aWNsZQ==_\u00abBonne chance \u00e0 la Syrie\u00bb\u00a0: Donald Trump adoube Ahmed al-Charaa et l\u00e8ve les sanctions contre Damas_262&quot;, &quot;customIDSPE&quot;: &quot;bGVmaWdhcm8uZnJfXzFmMDMwZDFlLWFiZWMtNjA2YS04ZTJiLWQ1ZmM2Y2EyMGRlNl9fQXJ0aWNsZQ==&quot;, &quot;event&quot;: &quot;customEventSPE&quot;}\" rel=\"nofollow noopener\" target=\"_blank\"><br \/>\n                    Connectez-vous<br \/>\n                <\/a>\n            <\/p>\n","protected":false},"excerpt":{"rendered":"R\u00c9CIT &#8211;\u00a0 Lors de son \u00e9tape en Arabie saoudite, le pr\u00e9sident am\u00e9ricain a rencontr\u00e9 l\u2019ancien djihadiste. Cette entrevue&hellip;\n","protected":false},"author":2,"featured_media":100334,"comment_status":"","ping_status":"","sticky":false,"template":"","format":"standard","meta":{"footnotes":""},"categories":[5],"tags":[259,11,260,1011,27,14,261,12,262,32,28],"class_list":{"0":"post-100333","1":"post","2":"type-post","3":"status-publish","4":"format-standard","5":"has-post-thumbnail","7":"category-international","8":"tag-actualite-internationale","9":"tag-actualites","10":"tag-affaires-etrangeres","11":"tag-fr","12":"tag-france","13":"tag-international","14":"tag-ministere-des-affaires-etrangeres","15":"tag-news","16":"tag-politique-etrangere","17":"tag-syrie","18":"tag-world"},"share_on_mastodon":{"url":"https:\/\/pubeurope.com\/@fr\/114508349042677463","error":""},"_links":{"self":[{"href":"https:\/\/www.europesays.com\/fr\/wp-json\/wp\/v2\/posts\/100333","targetHints":{"allow":["GET"]}}],"collection":[{"href":"https:\/\/www.europesays.com\/fr\/wp-json\/wp\/v2\/posts"}],"about":[{"href":"https:\/\/www.europesays.com\/fr\/wp-json\/wp\/v2\/types\/post"}],"author":[{"embeddable":true,"href":"https:\/\/www.europesays.com\/fr\/wp-json\/wp\/v2\/users\/2"}],"replies":[{"embeddable":true,"href":"https:\/\/www.europesays.com\/fr\/wp-json\/wp\/v2\/comments?post=100333"}],"version-history":[{"count":0,"href":"https:\/\/www.europesays.com\/fr\/wp-json\/wp\/v2\/posts\/100333\/revisions"}],"wp:featuredmedia":[{"embeddable":true,"href":"https:\/\/www.europesays.com\/fr\/wp-json\/wp\/v2\/media\/100334"}],"wp:attachment":[{"href":"https:\/\/www.europesays.com\/fr\/wp-json\/wp\/v2\/media?parent=100333"}],"wp:term":[{"taxonomy":"category","embeddable":true,"href":"https:\/\/www.europesays.com\/fr\/wp-json\/wp\/v2\/categories?post=100333"},{"taxonomy":"post_tag","embeddable":true,"href":"https:\/\/www.europesays.com\/fr\/wp-json\/wp\/v2\/tags?post=100333"}],"curies":[{"name":"wp","href":"https:\/\/api.w.org\/{rel}","templated":true}]}}