{"id":100341,"date":"2025-05-14T21:41:08","date_gmt":"2025-05-14T21:41:08","guid":{"rendered":"https:\/\/www.europesays.com\/fr\/100341\/"},"modified":"2025-05-14T21:41:08","modified_gmt":"2025-05-14T21:41:08","slug":"toulouse-peste-contre-un-arrete-prefectoral-a-lencontre-de-ses-supporters-a-saint-etienne-ligue-1-j34-saint-etienne-toulouse","status":"publish","type":"post","link":"https:\/\/www.europesays.com\/fr\/100341\/","title":{"rendered":"Toulouse peste contre un arr\u00eat\u00e9 pr\u00e9fectoral \u00e0 l\u2019encontre de ses supporters \u00e0 Saint-\u00c9tienne &#8211; Ligue 1 &#8211; J34 &#8211; Saint-\u00c9tienne-Toulouse"},"content":{"rendered":"<p>Il faut bien les concurrencer ces St\u00e9phanois.<\/p>\n<p><a target=\"_blank\" href=\"https:\/\/www.sofoot.com\/breves\/le-fc-nantes-sassocie-au-recours-de-ses-supporters-contre-larrete-prefectoral-pour-le-derby-a-rennes\" rel=\"nofollow noopener\">Comme r\u00e9guli\u00e8rement dans l\u2019Hexagone<\/a>, <strong>les supporters sont restreints de d\u00e9placement<\/strong> pour encourager leur club de c\u0153ur. Pour cette 34e et derni\u00e8re journ\u00e9e de Ligue 1, c\u2019est <strong>au tour des supporters du Toulouse FC<\/strong> d\u2019en faire les frais ce samedi 17 mai. <a target=\"_blank\" href=\"https:\/\/www.loire.gouv.fr\/contenu\/telechargement\/19416\/142548\/file\/Arr%C3%AAt%C3%A9%20pr%C3%A9fectoral%20match%20ASSE%20TFC.pdf\" rel=\"nofollow noopener\">Un arr\u00eat\u00e9 pr\u00e9fectoral emp\u00eache les Toulousains de se rendre \u00e0 Saint-\u00c9tienne en nombre souhait\u00e9<\/a>, de quoi <strong>susciter le d\u00e9saccord du club haut-garonnais<\/strong>.<\/p>\n<p>Une jauge fix\u00e9e \u00e0 300 personnes \u00e0 quelques jours du match<\/p>\n<p>Dans <a target=\"_blank\" href=\"https:\/\/www.loire.gouv.fr\/contenu\/telechargement\/19416\/142548\/file\/Arr%C3%AAt%C3%A9%20pr%C3%A9fectoral%20match%20ASSE%20TFC.pdf\" rel=\"nofollow noopener\">un arr\u00eat\u00e9 mis \u00e0 jour ce mardi<\/a>, le pr\u00e9fet de la Loire annonce que \u00ab\u202f<strong>l<\/strong><strong>\u2019acc\u00e8s au stade Geoffroy-Guichard sera autoris\u00e9 uniquement \u00e0 300 supporters du Toulouse FC<\/strong>, munis de contremarques, se d\u00e9pla\u00e7ant exclusivement en bus et escort\u00e9s par les forces de l\u2019ordre\u202f\u00bb. Une justification appuy\u00e9e par d\u2019une ribambelle d\u2019arguments au sujet d\u2019<strong>ant\u00e9c\u00e9dents entre groupes d\u2019ultras des deux clubs<\/strong>.<\/p>\n<blockquote class=\"twitter-tweet\">\n<p lang=\"fr\" dir=\"ltr\">\u00c0 l\u2019occasion du match opposant l\u2019AS Saint-\u00c9tienne au Toulouse Football Club, pr\u00e9vu le samedi 17 mai 2025 \u00e0 21h00 au stade Geoffroy-Guichard, le pr\u00e9fet de la Loire a pris un arr\u00eat\u00e9 d\u2019encadrement des supporters toulousains afin de garantir la s\u00e9curit\u00e9 publique.\u2026 <a target=\"_blank\" href=\"https:\/\/t.co\/w2DM3feIDn\" rel=\"nofollow\">pic.twitter.com\/w2DM3feIDn<\/a><\/p>\n<p>\u2014 Pr\u00e9fet de la Loire (@Prefecture42) <a target=\"_blank\" href=\"https:\/\/twitter.com\/Prefecture42\/status\/1922320065615081732?ref_src=twsrc%5Etfw\" rel=\"nofollow noopener\">May 13, 2025<\/a><\/p><\/blockquote>\n<p>Dans <a target=\"_blank\" href=\"https:\/\/www.toulousefc.com\/play\/blog\/2025\/05\/communique-relatif-au-deplacement-de-nos-supporters-a-saint-etienne\" rel=\"nofollow noopener\">un communiqu\u00e9 publi\u00e9 ce mercredi apr\u00e8s-midi<\/a>, <strong>le TFC d\u00e9nonce un timing trop serr\u00e9<\/strong> pour de telles mesures. \u00ab\u202f\u00c0 seulement quelques jours de la rencontre, cette d\u00e9cision interpelle le Ccub au regard de ses cons\u00e9quences concr\u00e8tes sur l\u2019organisation du d\u00e9placement, d\u00e9bute le club qui n\u2019a plus rien \u00e0 jouer au classement. La r\u00e9duction du parcage visiteurs \u00e0 300 places soul\u00e8ve des questions l\u00e9gitimes, notamment pour les nombreux supporters toulousains qui avaient anticip\u00e9 ce d\u00e9placement depuis plusieurs semaines. En effet, <strong>pr\u00e8s de 500 personnes \u00e9taient d\u00e9j\u00e0 inscrites<\/strong>, incluant des groupes de supporters, des familles et des abonn\u00e9s ayant d\u00e9j\u00e0 engag\u00e9 des frais pour leur transport ou leur h\u00e9bergement.\u202f\u00bb<\/p>\n<p>Les Violets se disent \u00ab\u202fpleinement dispos\u00e9s \u00e0 \u00e9changer avec les autorit\u00e9s\u202f\u00bb pour trouver des solutions. En attendant, <strong>le Chaudron lui sera bien complet<\/strong> pour donner de la voix \u00e0 des Verts qui en auront bien besoin : en cas de revers, l\u2019ASSE reviendra officiellement dans l\u2019antichambre du football fran\u00e7ais.<\/p>\n<p>De quoi \u00eatre vert pour de bon.<\/p>\n<p>\t\t\t\t\t\t\t\t\t\t<a class=\"lien-connexe\" href=\"https:\/\/www.sofoot.com\/breves\/ligue-1-toulouse-simpose-contre-rennes-dans-un-match-pour-du-beurre\" rel=\"nofollow noopener\" target=\"_blank\">Toulouse s\u2019impose contre Rennes dans un match pour du beurre<\/a>\t\t\t\t\t<script async src=\"https:\/\/platform.twitter.com\/widgets.js\" charset=\"utf-8\"><\/script><\/p>\n","protected":false},"excerpt":{"rendered":"Il faut bien les concurrencer ces St\u00e9phanois. Comme r\u00e9guli\u00e8rement dans l\u2019Hexagone, les supporters sont restreints de d\u00e9placement pour&hellip;\n","protected":false},"author":2,"featured_media":100342,"comment_status":"","ping_status":"","sticky":false,"template":"","format":"standard","meta":{"footnotes":""},"categories":[9653],"tags":[1111,47,11,61,2430,69,65,64,1777,674,63,1011,27,68,66,12,62,70,25,4001,67],"class_list":{"0":"post-100341","1":"post","2":"type-post","3":"status-publish","4":"format-standard","5":"has-post-thumbnail","7":"category-saint-etienne","8":"tag-actu","9":"tag-actualite","10":"tag-actualites","11":"tag-actus-football","12":"tag-auvergne-rhone-alpes","13":"tag-bundesliga","14":"tag-championnats-europeens","15":"tag-equipe-de-france","16":"tag-eu","17":"tag-europe","18":"tag-football","19":"tag-fr","20":"tag-france","21":"tag-ligua","22":"tag-ligue-1","23":"tag-news","24":"tag-news-foot","25":"tag-premier-league","26":"tag-republique-francaise","27":"tag-saint-etienne","28":"tag-serie-a"},"share_on_mastodon":{"url":"https:\/\/pubeurope.com\/@fr\/114508364869260433","error":""},"_links":{"self":[{"href":"https:\/\/www.europesays.com\/fr\/wp-json\/wp\/v2\/posts\/100341","targetHints":{"allow":["GET"]}}],"collection":[{"href":"https:\/\/www.europesays.com\/fr\/wp-json\/wp\/v2\/posts"}],"about":[{"href":"https:\/\/www.europesays.com\/fr\/wp-json\/wp\/v2\/types\/post"}],"author":[{"embeddable":true,"href":"https:\/\/www.europesays.com\/fr\/wp-json\/wp\/v2\/users\/2"}],"replies":[{"embeddable":true,"href":"https:\/\/www.europesays.com\/fr\/wp-json\/wp\/v2\/comments?post=100341"}],"version-history":[{"count":0,"href":"https:\/\/www.europesays.com\/fr\/wp-json\/wp\/v2\/posts\/100341\/revisions"}],"wp:featuredmedia":[{"embeddable":true,"href":"https:\/\/www.europesays.com\/fr\/wp-json\/wp\/v2\/media\/100342"}],"wp:attachment":[{"href":"https:\/\/www.europesays.com\/fr\/wp-json\/wp\/v2\/media?parent=100341"}],"wp:term":[{"taxonomy":"category","embeddable":true,"href":"https:\/\/www.europesays.com\/fr\/wp-json\/wp\/v2\/categories?post=100341"},{"taxonomy":"post_tag","embeddable":true,"href":"https:\/\/www.europesays.com\/fr\/wp-json\/wp\/v2\/tags?post=100341"}],"curies":[{"name":"wp","href":"https:\/\/api.w.org\/{rel}","templated":true}]}}