{"id":100343,"date":"2025-05-14T21:42:21","date_gmt":"2025-05-14T21:42:21","guid":{"rendered":"https:\/\/www.europesays.com\/fr\/100343\/"},"modified":"2025-05-14T21:42:21","modified_gmt":"2025-05-14T21:42:21","slug":"olivier-faure-a-nancy-dimanche-18-mai-2","status":"publish","type":"post","link":"https:\/\/www.europesays.com\/fr\/100343\/","title":{"rendered":"Olivier Faure \u00e0 Nancy dimanche 18\u00a0mai"},"content":{"rendered":"<p>Un premier tour de chauffe avant <a href=\"https:\/\/www.estrepublicain.fr\/politique\/2025\/04\/11\/congres-du-parti-socialiste-trois-courants-fusionnent-contre-olivier-faure\" target=\"_blank\" rel=\"noopener\">le congr\u00e8s historique du PS les 13, 14 et 15\u00a0juin \u00e0 Nancy<\/a>.<\/p>\n<p><a href=\"https:\/\/www.vosgesmatin.fr\/p\/olivier-faure\" target=\"_blank\" rel=\"noopener\">Olivier Faure<\/a>, d\u00e9put\u00e9 de Seine-et-Marne, Premier secr\u00e9taire du Parti socialiste et nouveau pr\u00e9sident des Jeunes Socialistes, est de passage \u00e0 Nancy ce dimanche 18\u00a0mai, \u00e0 la salle des f\u00eates de Gentilly, pour clore le second congr\u00e8s des Jeunes socialistes.<\/p>\n<p>Environ 2\u00a0000 jeunes militants et militantes sont attendus dans la capitale de la Lorraine durant deux jours.<\/p>\n<p>En avril, ces derniers se sont rendus aux urnes dans le cadre du vote sur les \u00ab\u00a0Plans d\u2019Action Nationaux (PAN) d\u00e9pos\u00e9s par les courants des Jeunes Socialistes\u00a0\u00bb.<\/p>\n<p>  Un nouveau pr\u00e9sident<\/p>\n<p>Le Congr\u00e8s des JS ouvre samedi 17\u00a0mai, \u00e0 14\u00a0h\u00a030, par les allocutions d\u2019Emma Rafowicz, d\u00e9put\u00e9e europ\u00e9enne et pr\u00e9sidente des Jeunes Socialistes, <a href=\"https:\/\/www.vosgesmatin.fr\/p\/mathieu-klein\" target=\"_blank\" rel=\"noopener\">Mathieu Klein<\/a>, maire PS de Nancy, <a href=\"https:\/\/www.vosgesmatin.fr\/p\/chaynesse-khirouni\" target=\"_blank\" rel=\"noopener\">Chaynesse Khirouni<\/a>, pr\u00e9sidente PS du d\u00e9partement de Meurthe-et-Moselle, Marie-Jos\u00e9 Amah, vice-pr\u00e9sidente du D\u00e9partement de Meurthe-et-Moselle et premi\u00e8re secr\u00e9taire f\u00e9d\u00e9rale du Parti socialiste 54.<\/p>\n<p>Emma Rafowicz passera la main \u00e0 une ou un nouveau Pr\u00e9sident lors de ce congr\u00e8s, indique l\u2019organisation dans un communiqu\u00e9 dat\u00e9 de ce mercredi 14\u00a0mai.<\/p>\n<p>\u00ab\u00a0Les Jeunes Socialistes saluent son travail pour la reconstruction de l\u2019organisation, aujourd\u2019hui premi\u00e8re organisation de jeunesse \u00e0 gauche. Les r\u00e9sultats des votes des PAN ont donn\u00e9 le PAN 4 et son Premier signataire R\u00e9mi Boussemart, largement majoritaire avec 71,96\u00a0% des voix. Les candidatures pour la pr\u00e9sidence des Jeunes Socialistes seront d\u00e9pos\u00e9es et vot\u00e9es \u00e0 Nancy le 17\u00a0mai\u00a0\u00bb, pr\u00e9cisent les Jeunes socialistes.<\/p>\n","protected":false},"excerpt":{"rendered":"Un premier tour de chauffe avant le congr\u00e8s historique du PS les 13, 14 et 15\u00a0juin \u00e0 Nancy.&hellip;\n","protected":false},"author":2,"featured_media":100344,"comment_status":"","ping_status":"","sticky":false,"template":"","format":"standard","meta":{"footnotes":""},"categories":[9635],"tags":[1111,11,11984,4188,1777,674,1011,27,775,1702,12,3541,316,3456,25,104],"class_list":{"0":"post-100343","1":"post","2":"type-post","3":"status-publish","4":"format-standard","5":"has-post-thumbnail","7":"category-nancy","8":"tag-actu","9":"tag-actualites","10":"tag-election-presidentielle","11":"tag-elections-municipales","12":"tag-eu","13":"tag-europe","14":"tag-fr","15":"tag-france","16":"tag-grand-est","17":"tag-nancy","18":"tag-news","19":"tag-parti-socialiste","20":"tag-politique","21":"tag-region-lorraine","22":"tag-republique-francaise","23":"tag-societe"},"share_on_mastodon":{"url":"https:\/\/pubeurope.com\/@fr\/114508369046509812","error":""},"_links":{"self":[{"href":"https:\/\/www.europesays.com\/fr\/wp-json\/wp\/v2\/posts\/100343","targetHints":{"allow":["GET"]}}],"collection":[{"href":"https:\/\/www.europesays.com\/fr\/wp-json\/wp\/v2\/posts"}],"about":[{"href":"https:\/\/www.europesays.com\/fr\/wp-json\/wp\/v2\/types\/post"}],"author":[{"embeddable":true,"href":"https:\/\/www.europesays.com\/fr\/wp-json\/wp\/v2\/users\/2"}],"replies":[{"embeddable":true,"href":"https:\/\/www.europesays.com\/fr\/wp-json\/wp\/v2\/comments?post=100343"}],"version-history":[{"count":0,"href":"https:\/\/www.europesays.com\/fr\/wp-json\/wp\/v2\/posts\/100343\/revisions"}],"wp:featuredmedia":[{"embeddable":true,"href":"https:\/\/www.europesays.com\/fr\/wp-json\/wp\/v2\/media\/100344"}],"wp:attachment":[{"href":"https:\/\/www.europesays.com\/fr\/wp-json\/wp\/v2\/media?parent=100343"}],"wp:term":[{"taxonomy":"category","embeddable":true,"href":"https:\/\/www.europesays.com\/fr\/wp-json\/wp\/v2\/categories?post=100343"},{"taxonomy":"post_tag","embeddable":true,"href":"https:\/\/www.europesays.com\/fr\/wp-json\/wp\/v2\/tags?post=100343"}],"curies":[{"name":"wp","href":"https:\/\/api.w.org\/{rel}","templated":true}]}}