{"id":100347,"date":"2025-05-14T21:44:11","date_gmt":"2025-05-14T21:44:11","guid":{"rendered":"https:\/\/www.europesays.com\/fr\/100347\/"},"modified":"2025-05-14T21:44:11","modified_gmt":"2025-05-14T21:44:11","slug":"un-bebe-chouette-hulotte-a-cree-lanimation-au-revest","status":"publish","type":"post","link":"https:\/\/www.europesays.com\/fr\/100347\/","title":{"rendered":"Un b\u00e9b\u00e9 chouette hulotte a cr\u00e9\u00e9 l\u2019animation au Revest"},"content":{"rendered":"<p>Avec l\u2019arriv\u00e9e du printemps, il n\u2019est pas rare de retrouver des oisillons au sol. Ce mardi matin, sur le chemin de l\u2019\u00e9cole, les enfants et leurs parents ont eu la belle surprise de rencontrer un dr\u00f4le de poussin rapace nocturne perch\u00e9 sur le pressoir du parking de l\u2019avenue des Poilus.<\/p>\n<p>\u00ab\u00a0On dirait Hedwige dans Harry Potter!\u00a0\u00bb, sourient Lou et son fr\u00e8re Simon. Et \u00e0 chacun d\u2019\u00e9mettre une hypoth\u00e8se: Petit-Duc? Moyen-Duc? Grand-Duc? Chouette-hulotte? Renseignement pris aupr\u00e8s de Raynald Jaubert, chef de service d\u00e9partemental de l\u2019Office fran\u00e7ais de la biodiversit\u00e9: \u00ab\u00a0C\u2019est le cycle naturel de l\u2019\u00e9volution de l\u2019esp\u00e8ce. Les oisillons quittent le nid et les adultes les nourrissent au sol. S\u2019ils se retrouvent dans un espace dangereux pour eux, il faut essayer de trouver une zone s\u00e9curis\u00e9e juste \u00e0 c\u00f4t\u00e9 afin d\u2019\u00e9viter la rencontre avec un chien ou un chat. Il suffit de le mettre en hauteur dans un arbre, par exemple\u00a0\u00bb. \u00c0 la suite d\u2019une manipulation d\u00e9licate des agents de la police rurale, le chat-huant (autre nom de la chouette hulotte) s\u2019est retrouv\u00e9 bien install\u00e9 \u00e0 la fourche de grosses branches des grands arbres du village. Et d\u2019attendre sagement les parents, le soir venu.<\/p>\n","protected":false},"excerpt":{"rendered":"Avec l\u2019arriv\u00e9e du printemps, il n\u2019est pas rare de retrouver des oisillons au sol. Ce mardi matin, sur&hellip;\n","protected":false},"author":2,"featured_media":100348,"comment_status":"","ping_status":"","sticky":false,"template":"","format":"standard","meta":{"footnotes":""},"categories":[9619],"tags":[1111,11,1867,1777,674,1011,27,1757,12,882,25,2310],"class_list":{"0":"post-100347","1":"post","2":"type-post","3":"status-publish","4":"format-standard","5":"has-post-thumbnail","7":"category-toulon","8":"tag-actu","9":"tag-actualites","10":"tag-animaux","11":"tag-eu","12":"tag-europe","13":"tag-fr","14":"tag-france","15":"tag-insolite","16":"tag-news","17":"tag-provence-alpes-cote-dazur","18":"tag-republique-francaise","19":"tag-toulon"},"share_on_mastodon":{"url":"https:\/\/pubeurope.com\/@fr\/114508376559631305","error":""},"_links":{"self":[{"href":"https:\/\/www.europesays.com\/fr\/wp-json\/wp\/v2\/posts\/100347","targetHints":{"allow":["GET"]}}],"collection":[{"href":"https:\/\/www.europesays.com\/fr\/wp-json\/wp\/v2\/posts"}],"about":[{"href":"https:\/\/www.europesays.com\/fr\/wp-json\/wp\/v2\/types\/post"}],"author":[{"embeddable":true,"href":"https:\/\/www.europesays.com\/fr\/wp-json\/wp\/v2\/users\/2"}],"replies":[{"embeddable":true,"href":"https:\/\/www.europesays.com\/fr\/wp-json\/wp\/v2\/comments?post=100347"}],"version-history":[{"count":0,"href":"https:\/\/www.europesays.com\/fr\/wp-json\/wp\/v2\/posts\/100347\/revisions"}],"wp:featuredmedia":[{"embeddable":true,"href":"https:\/\/www.europesays.com\/fr\/wp-json\/wp\/v2\/media\/100348"}],"wp:attachment":[{"href":"https:\/\/www.europesays.com\/fr\/wp-json\/wp\/v2\/media?parent=100347"}],"wp:term":[{"taxonomy":"category","embeddable":true,"href":"https:\/\/www.europesays.com\/fr\/wp-json\/wp\/v2\/categories?post=100347"},{"taxonomy":"post_tag","embeddable":true,"href":"https:\/\/www.europesays.com\/fr\/wp-json\/wp\/v2\/tags?post=100347"}],"curies":[{"name":"wp","href":"https:\/\/api.w.org\/{rel}","templated":true}]}}