{"id":10036,"date":"2025-04-08T11:09:10","date_gmt":"2025-04-08T11:09:10","guid":{"rendered":"https:\/\/www.europesays.com\/fr\/10036\/"},"modified":"2025-04-08T11:09:10","modified_gmt":"2025-04-08T11:09:10","slug":"reze-rose-et-massimo-une-creation-theatrale-jouee-au-cepal","status":"publish","type":"post","link":"https:\/\/www.europesays.com\/fr\/10036\/","title":{"rendered":"Rez\u00e9. Rose et Massimo, une cr\u00e9ation th\u00e9\u00e2trale jou\u00e9e au C\u00e9pal"},"content":{"rendered":"<p>Massimo est un jeune po\u00e8te port\u00e9 sur l\u2019oisivet\u00e9. Un matin, son ami Aldo lui demande de le remplacer en pour donner des cours \u00e0 une jeune princesse. C\u2019est ainsi que commence\u00a0une histoire d\u2019amour impossible, dangereuse, br\u00fblante et passionn\u00e9e qui se consume sur sc\u00e8ne. La pi\u00e8ce, \u00e9crite par F\u00e9lix Radu, est mise en sc\u00e8ne par Jean-Marc Dubranna, et jou\u00e9e par de jeunes com\u00e9diens talentueux.<\/p>\n<p><strong>Samedi 12\u00a0avril<\/strong>, 20\u00a0h\u00a030, salle du C\u00e9pal, 8, rue des Roquios. Tarif\u00a0: 8\u00a0\u20ac et 4\u00a0\u20ac pour les moins de 15\u00a0ans. R\u00e9servations\u00a0: lacomediemisevremiraisin@outlook.fr\u00a0; t\u00e9l. 06\u00a063\u00a066\u00a087\u00a081 ou sur www.helloasso.<\/p>\n<p>\u00a0<\/p>\n","protected":false},"excerpt":{"rendered":"Massimo est un jeune po\u00e8te port\u00e9 sur l\u2019oisivet\u00e9. Un matin, son ami Aldo lui demande de le remplacer&hellip;\n","protected":false},"author":2,"featured_media":10037,"comment_status":"","ping_status":"","sticky":false,"template":"","format":"standard","meta":{"footnotes":""},"categories":[2818],"tags":[1111,11,4945,4942,1777,674,1011,27,4944,4941,766,12,2636,25,3740,4940,4943],"class_list":{"0":"post-10036","1":"post","2":"type-post","3":"status-publish","4":"format-standard","5":"has-post-thumbnail","7":"category-nantes","8":"tag-actu","9":"tag-actualites","10":"tag-cepal","11":"tag-creation","12":"tag-eu","13":"tag-europe","14":"tag-fr","15":"tag-france","16":"tag-jouee","17":"tag-massimo","18":"tag-nantes","19":"tag-news","20":"tag-pays-de-la-loire","21":"tag-republique-francaise","22":"tag-reze","23":"tag-rose","24":"tag-theatrale"},"share_on_mastodon":{"url":"https:\/\/pubeurope.com\/@fr\/114302036462365108","error":""},"_links":{"self":[{"href":"https:\/\/www.europesays.com\/fr\/wp-json\/wp\/v2\/posts\/10036","targetHints":{"allow":["GET"]}}],"collection":[{"href":"https:\/\/www.europesays.com\/fr\/wp-json\/wp\/v2\/posts"}],"about":[{"href":"https:\/\/www.europesays.com\/fr\/wp-json\/wp\/v2\/types\/post"}],"author":[{"embeddable":true,"href":"https:\/\/www.europesays.com\/fr\/wp-json\/wp\/v2\/users\/2"}],"replies":[{"embeddable":true,"href":"https:\/\/www.europesays.com\/fr\/wp-json\/wp\/v2\/comments?post=10036"}],"version-history":[{"count":0,"href":"https:\/\/www.europesays.com\/fr\/wp-json\/wp\/v2\/posts\/10036\/revisions"}],"wp:featuredmedia":[{"embeddable":true,"href":"https:\/\/www.europesays.com\/fr\/wp-json\/wp\/v2\/media\/10037"}],"wp:attachment":[{"href":"https:\/\/www.europesays.com\/fr\/wp-json\/wp\/v2\/media?parent=10036"}],"wp:term":[{"taxonomy":"category","embeddable":true,"href":"https:\/\/www.europesays.com\/fr\/wp-json\/wp\/v2\/categories?post=10036"},{"taxonomy":"post_tag","embeddable":true,"href":"https:\/\/www.europesays.com\/fr\/wp-json\/wp\/v2\/tags?post=10036"}],"curies":[{"name":"wp","href":"https:\/\/api.w.org\/{rel}","templated":true}]}}