{"id":100369,"date":"2025-05-14T21:58:14","date_gmt":"2025-05-14T21:58:14","guid":{"rendered":"https:\/\/www.europesays.com\/fr\/100369\/"},"modified":"2025-05-14T21:58:14","modified_gmt":"2025-05-14T21:58:14","slug":"rencontre-inattendue-a-nice-une-enorme-creature-fend-les-eaux-azureennes","status":"publish","type":"post","link":"https:\/\/www.europesays.com\/fr\/100369\/","title":{"rendered":"Rencontre inattendue \u00e0 Nice : une \u00e9norme cr\u00e9ature fend les eaux azur\u00e9ennes"},"content":{"rendered":"<p>Le calme de la M\u00e9diterran\u00e9e peut parfois \u00eatre trompeur. Au large de la C\u00f4te d\u2019Azur, sous les eaux bleut\u00e9es et scintillantes, se croisent des cr\u00e9atures aux proportions titanesques. Le 10 mai 2025, ce d\u00e9cor idyllique a \u00e9t\u00e9 momentan\u00e9ment boulevers\u00e9 lorsqu\u2019un rorqual \u00e0 Nice a surgi pr\u00e8s des c\u00f4tes, captivant habitants et observateurs. Sa silhouette massive, glissant lentement \u00e0 quelques centaines de m\u00e8tres de la Promenade des Anglais, a offert un spectacle aussi rare que fascinant, rappelant la pr\u00e9sence discr\u00e8te mais bien r\u00e9elle de ces g\u00e9ants dans les profondeurs azur\u00e9ennes.<\/p>\n<p>gigantesque c\u00e9tac\u00e9 au large du port de Nice, pr\u00e8s du quai des \u00c9tats-Unis. C\u2019est Simon Nardini, responsable de Super Fly Watersports, qui a le premier rep\u00e9r\u00e9 l\u2019animal lors d\u2019une sortie en mer. Il raconte avoir vu le rorqual \u00e9voluer \u00e0 environ 700 ou 800 m\u00e8tres des c\u00f4tes, pr\u00e8s du Palais Maeterlinck. Si ses clients, en parachute ascensionnel, n\u2019ont pas pu filmer la sc\u00e8ne, lui a eu le r\u00e9flexe d\u2019immortaliser ce moment unique avec son smartphone, comme le rapporte <a href=\"https:\/\/actu.fr\/provence-alpes-cote-d-azur\/nice_06088\/cet-animal-rare-filme-pres-du-port-de-nice-il-est-le-deuxieme-plus-grand-du-monde_62622743.html#:~:text=C&#039;est%20un%20moment%20rare,%C3%A0%2020%20m%C3%A8tres%20de%20long.\" target=\"_blank\" rel=\"nofollow noopener\">Actu Nice<\/a>.    <img loading=\"lazy\" aria-describedby=\"caption-attachment-199342\" itemprop=\"thumbnailUrl\" decoding=\"async\" class=\"size-full wp-image-199342 img-responsive \" src=\"https:\/\/www.europesays.com\/fr\/wp-content\/uploads\/2025\/05\/rorqual-nice-960x640-1.jpg\" alt=\"Le passage d\u2019un rorqual \u00e0 Nice, film\u00e9 \u00e0 quelques centaines de m\u00e8tres des c\u00f4tes, illustre la pr\u00e9sence discr\u00e8te mais r\u00e9elle des c\u00e9tac\u00e9s en M\u00e9diterran\u00e9e.\" width=\"960\" height=\"640\"\/> \u00a9  Joffrey Fishing 06 via France 3 R\u00e9gion<\/p>\n<p id=\"caption-attachment-199342\" class=\"wp-caption-text\">Le passage d\u2019un rorqual \u00e0 Nice, film\u00e9 \u00e0 quelques centaines de m\u00e8tres des c\u00f4tes, illustre la pr\u00e9sence discr\u00e8te mais r\u00e9elle des c\u00e9tac\u00e9s en M\u00e9diterran\u00e9e. @Joffrey Fishing 06 via France 3 R\u00e9gion<\/p>\n<p>Peu apr\u00e8s, d\u2019autres p\u00eacheurs pr\u00e9sents \u00e0 proximit\u00e9 ont \u00e9galement observ\u00e9 le rorqual, dont l\u2019imposante silhouette fendait les eaux calmes de la baie. Joffrey, un passionn\u00e9 de p\u00eache, a film\u00e9 l\u2019animal \u00e0 environ 800 ou 900 m\u00e8tres au large de la Promenade des Anglais, selon le t\u00e9moignage relay\u00e9 par <a href=\"https:\/\/france3-regions.francetvinfo.fr\/provence-alpes-cote-d-azur\/alpes-maritimes\/nice\/video-il-etait-a-800-ou-900-metres-au-large-un-animal-marin-rare-observe-tout-pres-du-port-de-nice-3151532.html\" target=\"_blank\" rel=\"nofollow noopener\">France Info<\/a>. \u00c0 la m\u00eame heure, des membres de l\u2019association NaturDive, sp\u00e9cialis\u00e9s dans l\u2019observation de la faune marine, ont confirm\u00e9 qu\u2019il s\u2019agissait probablement d\u2019un rorqual commun juv\u00e9nile, reconnaissable \u00e0 son aileron dorsal recourb\u00e9 et \u00e0 sa taille plus modeste que celle d\u2019un adulte.<\/p>\n<p>Cette apparition n\u2019est pas isol\u00e9e. Quelques jours plus t\u00f4t, au large de Cagnes-sur-Mer, des p\u00eacheurs avaient film\u00e9 un <a href=\"https:\/\/www.science-et-vie.com\/nature-et-environnement\/cachalot-orque-decouvrez-ces-aimaux-au-cerveau-les-plus-impressionnant-135394.html\" target=\"_blank\" rel=\"noopener\">cachalot<\/a>, un autre g\u00e9ant des mers. L\u2019animal avait \u00e9t\u00e9 aper\u00e7u en train de plonger lentement pour regagner les profondeurs.<\/p>\n<p><img decoding=\"async\" src=\"https:\/\/www.europesays.com\/fr\/wp-content\/uploads\/2025\/05\/x9jdcme.jpeg\" width=\"100%\" height=\"auto\"\/><\/p>\n<p> Le rorqual commun, un g\u00e9ant des mers et visiteur occasionnel <\/p>\n<p>Le <a href=\"https:\/\/www.science-et-vie.com\/nature-et-environnement\/animaux\/espagne-un-magnifique-cetace-cree-la-surprise-et-pointe-le-bout-de-ses-nageoires-pres-dune-plage-catalane-187469.html\" target=\"_blank\" rel=\"noopener\">rorqual commun<\/a>, ou Balaenoptera physalus, est le deuxi\u00e8me plus grand mammif\u00e8re au monde apr\u00e8s la baleine bleue. Adulte, il peut mesurer plus de 20 m\u00e8tres de long et peser jusqu\u2019\u00e0 80 tonnes. Celui aper\u00e7u \u00e0 Nice mesurait selon les t\u00e9moins entre 10 et 15 m\u00e8tres, ce qui confirmerait qu\u2019il s\u2019agissait d\u2019un jeune sp\u00e9cimen. L\u2019esp\u00e8ce se distingue par son corps \u00e9lanc\u00e9, sa peau gris ardoise et blanche, ainsi que son souffle puissant en forme de colonne.<\/p>\n<p>Animal discret mais majestueux, le rorqual commun fr\u00e9quente habituellement les eaux profondes. Il se nourrit principalement de krill, de petits poissons et de calmars. Contrairement au cachalot, qui peut plonger jusqu\u2019\u00e0 2 000 m\u00e8tres, le rorqual se contente de plong\u00e9es moins profondes mais plus fr\u00e9quentes. Il peut parcourir plusieurs milliers de kilom\u00e8tres lors de ses <a href=\"https:\/\/www.science-et-vie.com\/nature-et-environnement\/animaux\/apparition-rare-une-baleine-a-bosse-seme-la-surprise-en-plein-coeur-de-sydney-198023.html\" target=\"_blank\" rel=\"noopener\">migrations saisonni\u00e8res<\/a>.<\/p>\n<p>Simon Nardini a \u00e9voqu\u00e9 la pr\u00e9sence de deux individus distincts et a rapport\u00e9 avoir observ\u00e9 un second rorqual plus imposant se dirigeant vers Villefranche-sur-Mer. Les sp\u00e9cialistes n\u2019\u00e9cartent pas la possibilit\u00e9 qu\u2019il s\u2019agisse d\u2019une m\u00e8re et de son petit.<\/p>\n<p>    Les g\u00e9ants des mers en M\u00e9diterran\u00e9e <\/p>\n<p>Si la rencontre avec un rorqual \u00e0 Nice a de quoi \u00e9merveiller, elle n\u2019est pas si exceptionnelle pour les connaisseurs. Le littoral azur\u00e9en b\u00e9n\u00e9ficie d\u2019une particularit\u00e9 g\u00e9ographique : les fonds marins y atteignent rapidement de grandes profondeurs, conditions id\u00e9ales pour attirer les grands c\u00e9tac\u00e9s en qu\u00eate de nourriture. Le Groupe de Recherche sur les C\u00e9tac\u00e9s estime que quelques centaines d\u2019individus fr\u00e9quentent r\u00e9guli\u00e8rement cette zone.<\/p>\n<p>Le rorqual commun est le seul mystic\u00e8te que l\u2019on observe de fa\u00e7on r\u00e9guli\u00e8re en M\u00e9diterran\u00e9e. Sa pr\u00e9sence, bien que discr\u00e8te, reste fragile. La pollution, les collisions avec les navires ou encore le d\u00e9rangement li\u00e9 aux activit\u00e9s humaines repr\u00e9sentent des menaces s\u00e9rieuses pour ces animaux. C\u2019est pourquoi les professionnels respectent scrupuleusement la charte d\u2019observation des c\u00e9tac\u00e9s en M\u00e9diterran\u00e9e, en maintenant une distance de s\u00e9curit\u00e9 pour ne pas perturber les animaux.<\/p>\n","protected":false},"excerpt":{"rendered":"Le calme de la M\u00e9diterran\u00e9e peut parfois \u00eatre trompeur. Au large de la C\u00f4te d\u2019Azur, sous les eaux&hellip;\n","protected":false},"author":2,"featured_media":100370,"comment_status":"","ping_status":"","sticky":false,"template":"","format":"standard","meta":{"footnotes":""},"categories":[2819],"tags":[1111,11,21523,1777,674,1011,27,12,2401,882,25],"class_list":{"0":"post-100369","1":"post","2":"type-post","3":"status-publish","4":"format-standard","5":"has-post-thumbnail","7":"category-nice","8":"tag-actu","9":"tag-actualites","10":"tag-dai_video","11":"tag-eu","12":"tag-europe","13":"tag-fr","14":"tag-france","15":"tag-news","16":"tag-nice","17":"tag-provence-alpes-cote-dazur","18":"tag-republique-francaise"},"share_on_mastodon":{"url":"https:\/\/pubeurope.com\/@fr\/114508431733436933","error":""},"_links":{"self":[{"href":"https:\/\/www.europesays.com\/fr\/wp-json\/wp\/v2\/posts\/100369","targetHints":{"allow":["GET"]}}],"collection":[{"href":"https:\/\/www.europesays.com\/fr\/wp-json\/wp\/v2\/posts"}],"about":[{"href":"https:\/\/www.europesays.com\/fr\/wp-json\/wp\/v2\/types\/post"}],"author":[{"embeddable":true,"href":"https:\/\/www.europesays.com\/fr\/wp-json\/wp\/v2\/users\/2"}],"replies":[{"embeddable":true,"href":"https:\/\/www.europesays.com\/fr\/wp-json\/wp\/v2\/comments?post=100369"}],"version-history":[{"count":0,"href":"https:\/\/www.europesays.com\/fr\/wp-json\/wp\/v2\/posts\/100369\/revisions"}],"wp:featuredmedia":[{"embeddable":true,"href":"https:\/\/www.europesays.com\/fr\/wp-json\/wp\/v2\/media\/100370"}],"wp:attachment":[{"href":"https:\/\/www.europesays.com\/fr\/wp-json\/wp\/v2\/media?parent=100369"}],"wp:term":[{"taxonomy":"category","embeddable":true,"href":"https:\/\/www.europesays.com\/fr\/wp-json\/wp\/v2\/categories?post=100369"},{"taxonomy":"post_tag","embeddable":true,"href":"https:\/\/www.europesays.com\/fr\/wp-json\/wp\/v2\/tags?post=100369"}],"curies":[{"name":"wp","href":"https:\/\/api.w.org\/{rel}","templated":true}]}}