{"id":100380,"date":"2025-05-14T22:04:08","date_gmt":"2025-05-14T22:04:08","guid":{"rendered":"https:\/\/www.europesays.com\/fr\/100380\/"},"modified":"2025-05-14T22:04:08","modified_gmt":"2025-05-14T22:04:08","slug":"toulouse-space-festival-an-ii","status":"publish","type":"post","link":"https:\/\/www.europesays.com\/fr\/100380\/","title":{"rendered":"Toulouse Space Festival, An II"},"content":{"rendered":"<p>Demandez le programme\u00a0!<\/p>\n<p>Du 15 au 18\u00a0mai, le parc des expositions <strong>MEETT<\/strong> d\u2019Aussonne, au nord-ouest de <strong>Toulouse<\/strong>, accueillera la deuxi\u00e8me \u00e9dition du <strong>Toulouse Space Festival<\/strong>, organis\u00e9e en partenariat avec le <strong>CNES<\/strong>, <strong>Airbus Defence and Space<\/strong>, <strong>Thales Alenia Space<\/strong> et la <strong>Cit\u00e9 de l\u2019Espace<\/strong>.<\/p>\n<p>L\u2019objectif est de rassembler passionn\u00e9s, curieux, professionnels, \u00e9tudiants et futurs leaders de l\u2019industrie spatiale. Au programme\u00a0: ateliers divers, conf\u00e9rences (notamment des astronautes <strong>Claudie Haigner\u00e9<\/strong> et <strong>Philippe Perrin<\/strong>), rencontres, projections de films, expositions et forum de m\u00e9tiers.<\/p>\n<p>La manifestation avait attir\u00e9 plus de 10\u00a0000\u00a0visiteurs l\u2019an dernier.<\/p>\n<p>Informations pratiques et billetterie sur <a href=\"https:\/\/toulousespacefestival.com\" target=\"_blank\" rel=\"noopener\">https:\/\/toulousespacefestival.com<\/a><\/p>\n<p>\u00a0<\/p>\n<p>Focus jeunesse<\/p>\n<p>Parmi les diverses animations, notons le lancement du premier Festival Education Jeunesse du CNES, qui accueillera le jeudi et le vendredi pas moins de 2\u00a0000\u00a0\u00e9l\u00e8ves (cycles 3, 4 et lyc\u00e9e) et 200\u00a0enseignants ayant particip\u00e9 \u00e0 ses projets \u00e9ducatifs en 2024-2025.<\/p>\n<p>Ce grand rassemblement sera \u00e9galement le th\u00e9\u00e2tre, le samedi apr\u00e8s-midi, des \u00e9preuves sportives et du jury final du <a href=\"https:\/\/air-cosmos.com\/article\/une-nouvelle-initiative-educative-du-cnes-70171\" target=\"_blank\" rel=\"noopener\">concours \u00ab\u00a0Astronaute d\u2019un jour\u00a0\u00bb<\/a>, en pr\u00e9sence de l\u2019astronaute de r\u00e9serve fran\u00e7ais <strong>Arnaud Prost<\/strong>.<\/p>\n<p>Notons \u00e9galement que <strong>Supaero Space Section<\/strong>, le club de <strong>fus\u00e9es exp\u00e9rimentales<\/strong> de l\u2019\u00e9cole d\u2019ing\u00e9nieurs <strong>ISAE-SUPAERO<\/strong>, pr\u00e9sentera ses cinq\u00a0projets sur la sc\u00e8ne M\u00e9tiers &amp; formations lors de sessions de 15\u00a0minutes\u00a0: PERSEUS (samedi \u00e0 13h30), SUNSPEAR (samedi \u00e0 13h45), SPARROW (dimanche \u00e0 15h30), SCALAR 6 (dimanche \u00e0 15h45) et AETHER (dimanche \u00e0 16h).<\/p>\n<p>\u00a0<\/p>\n<p>\u00ab\u00a0Question Lune\u00a0\u00bb le 18 mai \u00e0 la Cit\u00e9 de l\u2019espace<\/p>\n<p>En parall\u00e8le de la derni\u00e8re journ\u00e9e du <strong>Toulouse Space Festival<\/strong>, la Cit\u00e9 de l&rsquo;espace organise dimanche 18\u00a0mai de 10h \u00e0 18h une manifestation gratuite appel\u00e9e <strong>\u00ab\u00a0Question Lune\u00a0\u00bb<\/strong>, consacr\u00e9e \u00e0 de notre satellite naturel et son exploration.<\/p>\n<p>Au programme\u00a0: acc\u00e8s \u00e0 toute la Cit\u00e9 de l&rsquo;espace (expositions, jardins, animations, spectacles) et rencontres diverses (l\u2019astronaute de r\u00e9serve Arnaud Prost, des ing\u00e9nieurs spatiaux, des astrophysiciens, mais aussi des designers, des juristes et m\u00eame humoristes).<\/p>\n<p><a href=\"https:\/\/www.eventbrite.fr\/e\/billets-question-lune-18-mai-2025-1334901880459?aff=oddtdtcreator\" target=\"_blank\" rel=\"noopener\">Entr\u00e9e gratuite sur inscription<\/a>.<\/p>\n","protected":false},"excerpt":{"rendered":"Demandez le programme\u00a0! Du 15 au 18\u00a0mai, le parc des expositions MEETT d\u2019Aussonne, au nord-ouest de Toulouse, accueillera&hellip;\n","protected":false},"author":2,"featured_media":100381,"comment_status":"","ping_status":"","sticky":false,"template":"","format":"standard","meta":{"footnotes":""},"categories":[2816],"tags":[1111,11,10054,296,2965,10051,10055,37,10050,554,386,1777,674,1011,27,10052,12,2680,25,10053,2312],"class_list":{"0":"post-100380","1":"post","2":"type-post","3":"status-publish","4":"format-standard","5":"has-post-thumbnail","7":"category-toulouse","8":"tag-actu","9":"tag-actualites","10":"tag-actualites-aeronautique","11":"tag-aeronautique","12":"tag-air","13":"tag-aviation-civile","14":"tag-aviation-magazine","15":"tag-avion","16":"tag-cosmos","17":"tag-defense","18":"tag-espace","19":"tag-eu","20":"tag-europe","21":"tag-fr","22":"tag-france","23":"tag-magazine-aeronautique","24":"tag-news","25":"tag-occitanie","26":"tag-republique-francaise","27":"tag-revue-aviation","28":"tag-toulouse"},"share_on_mastodon":{"url":"https:\/\/pubeurope.com\/@fr\/114508455341133679","error":""},"_links":{"self":[{"href":"https:\/\/www.europesays.com\/fr\/wp-json\/wp\/v2\/posts\/100380","targetHints":{"allow":["GET"]}}],"collection":[{"href":"https:\/\/www.europesays.com\/fr\/wp-json\/wp\/v2\/posts"}],"about":[{"href":"https:\/\/www.europesays.com\/fr\/wp-json\/wp\/v2\/types\/post"}],"author":[{"embeddable":true,"href":"https:\/\/www.europesays.com\/fr\/wp-json\/wp\/v2\/users\/2"}],"replies":[{"embeddable":true,"href":"https:\/\/www.europesays.com\/fr\/wp-json\/wp\/v2\/comments?post=100380"}],"version-history":[{"count":0,"href":"https:\/\/www.europesays.com\/fr\/wp-json\/wp\/v2\/posts\/100380\/revisions"}],"wp:featuredmedia":[{"embeddable":true,"href":"https:\/\/www.europesays.com\/fr\/wp-json\/wp\/v2\/media\/100381"}],"wp:attachment":[{"href":"https:\/\/www.europesays.com\/fr\/wp-json\/wp\/v2\/media?parent=100380"}],"wp:term":[{"taxonomy":"category","embeddable":true,"href":"https:\/\/www.europesays.com\/fr\/wp-json\/wp\/v2\/categories?post=100380"},{"taxonomy":"post_tag","embeddable":true,"href":"https:\/\/www.europesays.com\/fr\/wp-json\/wp\/v2\/tags?post=100380"}],"curies":[{"name":"wp","href":"https:\/\/api.w.org\/{rel}","templated":true}]}}