{"id":1003801,"date":"2026-06-16T12:55:22","date_gmt":"2026-06-16T12:55:22","guid":{"rendered":"https:\/\/www.europesays.com\/fr\/1003801\/"},"modified":"2026-06-16T12:55:22","modified_gmt":"2026-06-16T12:55:22","slug":"lhomme-est-aussi-delicieux-que-lacteur-jeanne-cherhal-realise-un-reve-un-duo","status":"publish","type":"post","link":"https:\/\/www.europesays.com\/fr\/1003801\/","title":{"rendered":"\u00ab\u00a0L\u2019homme est aussi d\u00e9licieux que l\u2019acteur\u00a0\u00bb\u00a0: Jeanne Cherhal r\u00e9alise un r\u00eave, un duo"},"content":{"rendered":"<p>J\u2019avais un r\u00eave\u00a0: chanter avec mon acteur pr\u00e9f\u00e9r\u00e9.\u00a0Jeanne Cherhal ne cache pas l\u2019origine intime de son nouveau titre. <a href=\"https:\/\/nantes.maville.com\/actu\/actudet_-entretien.-jeanne-cherhal-bientot-en-concert-nantes-une-ville-excitante-_8-7229537_actu.Htm\" target=\"_self\" rel=\"nofollow noopener\">L\u2019artiste n\u00e9e \u00e0 Nantes \u00e9voque sans d\u00e9tour celui qui l\u2019inspire depuis longtemps<\/a>\u00a0: Jean Dujardin. Un nom d\u00e9j\u00e0 pr\u00e9sent dans son univers musical, puisque la chanteuse lui avait consacr\u00e9 une aubade sur son pr\u00e9c\u00e9dent album. Celui dont la virtuosit\u00e9 me fait planer. Celui \u00e0 qui j\u2019ai os\u00e9 dire \u00ab\u00a0J\u2019en ai marre de r\u00eaver de vous, j\u2019en ai marre de parler de vous, j\u2019en peux plus de ne penser qu\u2019\u00e0 vous, pour la bonne raison qu\u2019il s\u2019agissait de paroles de chanson\u00a0(dans lesquelles tout est permis\u00a0!)\u00a0\u00bb, confie-t-elle dans sa derni\u00e8re newsletter.<\/p>\n<blockquote class=\"instagram-media\" data-instgrm-captioned=\"\" data-instgrm-permalink=\"https:\/\/www.instagram.com\/p\/DZkOIscMhH5\/?utm_source=ig_embed&amp;utm_campaign=loading\" data-instgrm-version=\"14\" style=\" background:#FFF; border:0; border-radius:3px; box-shadow:0 0 1px 0 rgba(0,0,0,0.5),0 1px 10px 0 rgba(0,0,0,0.15); margin: 1px; max-width:540px; min-width:326px; padding:0; width:99.375%; width:-webkit-calc(100% - 2px); width:calc(100% - 2px);\" wp_automatic_readability=\"-0.21428571428571\"\/>\n<p>Une rencontre d\u00e9cisive \u00e0 l\u2019Olympia<\/p>\n<p>Le r\u00eave prend un tournant concret en d\u00e9cembre dernier, lorsque Jean Dujardin assiste au concert de Jeanne Cherhal \u00e0 l\u2019Olympia. Un moment charni\u00e8re que la chanteuse raconte avec enthousiasme\u00a0: Il m\u2019a fait la joie d\u2019assister \u00e0 mon concert \u00e0 l\u2019Olympia. Au-del\u00e0 de la star, elle d\u00e9couvre un homme qui la touche profond\u00e9ment\u00a0: Puisque l\u2019homme est aussi d\u00e9licieux que l\u2019acteur\u2026 je n\u2019ai pas pu faire autrement que lui \u00e9crire une autre chanson. D\u00e8s lors, l\u2019id\u00e9e d\u2019un duo s\u2019impose comme une \u00e9vidence.<\/p>\n<blockquote class=\"instagram-media\" data-instgrm-captioned=\"\" data-instgrm-permalink=\"https:\/\/www.instagram.com\/reel\/DZa_n6LsX_j\/?utm_source=ig_embed&amp;utm_campaign=loading\" data-instgrm-version=\"14\" style=\" background:#FFF; border:0; border-radius:3px; box-shadow:0 0 1px 0 rgba(0,0,0,0.5),0 1px 10px 0 rgba(0,0,0,0.15); margin: 1px; max-width:540px; min-width:326px; padding:0; width:99.375%; width:-webkit-calc(100% - 2px); width:calc(100% - 2px);\" wp_automatic_readability=\"-0.21428571428571\"\/>\n<p>Un duo naturel et \u00e9vident<\/p>\n<p>Jeanne Cherhal confie avoir imagin\u00e9 le morceau pour une interpr\u00e9tation \u00e0 deux voix\u00a0: Je l\u2019ai imagin\u00e9 en duo, parce que je pressentais qu\u2019il allait s\u2019y glisser avec talent, gr\u00e2ce et facilit\u00e9. Et le pressentiment se confirme en studio. L\u2019enregistrement devient un moment presque magique\u00a0: D\u00e8s la premi\u00e8re prise il \u00e9tait \u201cdedans\u201d, aussi pr\u00eat que pour un de ses r\u00f4les.\u00a0Pour adapter au mieux la m\u00e9lodie \u00e0 Jean Dujardin, elle s\u2019appuie sur un souvenir culte\u00a0: sa reprise de Bambino dans OSS 117. Une r\u00e9f\u00e9rence qui guide la composition jusque dans la tessiture.<\/p>\n<p><a href=\"https:\/\/nantes.maville.com\/actu\/actudet_-dominique-a-katerine-elmer-food-beat...-les-artistes-de-nantes-seront-sur-tous-les-fronts-en-2026-_52716-7181386_actu.Htm\" target=\"_self\" rel=\"nofollow noopener\">LIRE AUSSI.\u00a0Dominique A, Katerine, Elmer Food Beat\u2026 les artistes de Nantes seront sur tous les fronts en 2026<\/a><\/p>\n<p>Un \u00e9crin musical \u00ab\u00a0solaire\u00a0\u00bb sign\u00e9 Benjamin Biolay<\/p>\n<p>Pour sublimer ce duo inattendu, Jeanne Cherhal fait appel \u00e0 Benjamin Biolay. Le r\u00e9sultat\u00a0: un arrangement sur mesure qu\u2019elle d\u00e9crit comme d\u00e9licat, joyeux et solaire, autant dire Biolesque.\u00a0Autour de ce noyau cr\u00e9atif, une \u00e9quipe de musiciens vient enrichir la texture du morceau\u00a0: Philippe Entressangle\u00a0(batterie, bouteilles frapp\u00e9es)\u00a0; Pierre Jaconelli\u00a0(basse, guitares)\u00a0; Roman Reidid\u00a0(cuivres).<\/p>\n<p>\u00ab\u00a0Je pense \u00e0 vous, je pense \u00e0 vous\u00a0\u00bb\u00a0: une sortie attendue<\/p>\n<p><a href=\"https:\/\/pias.ffm.to\/jepenseavous\" target=\"_blank\" rel=\"nofollow noopener\">Disponible depuis quelques jours\u00a0(et \u00e0 \u00e9couter ici),<\/a> la chanson marque un nouveau chapitre pour Jeanne Cherhal.\u00a0La chanteuse conclut avec simplicit\u00e9 et joie\u00a0: Je suis tr\u00e8s heureuse de vous faire \u00e9couter mon duo avec Jean Dujardin\u00a0!.\u00a0Et comme toute belle histoire artistique, celle-ci pourrait ne faire que commencer. Jeanne Cherhal laisse planer le myst\u00e8re avec une promesse\u00a0: \u00c0 suivre\u2026<\/p>\n<p>\u00a0<\/p>\n<p>\t\t<script async src=\"\/\/www.instagram.com\/embed.js\"><\/script><\/p>\n","protected":false},"excerpt":{"rendered":"J\u2019avais un r\u00eave\u00a0: chanter avec mon acteur pr\u00e9f\u00e9r\u00e9.\u00a0Jeanne Cherhal ne cache pas l\u2019origine intime de son nouveau titre.&hellip;\n","protected":false},"author":2,"featured_media":1003802,"comment_status":"","ping_status":"","sticky":false,"template":"","format":"standard","meta":{"footnotes":"","_share_on_mastodon":"0"},"categories":[2818],"tags":[253,1111,11,5569,80946,83582,12610,1777,674,1011,27,4933,29012,13392,5568,766,12,2636,21226,25,15300],"class_list":["post-1003801","post","type-post","status-publish","format-standard","has-post-thumbnail","category-nantes","tag-acteur","tag-actu","tag-actualites","tag-cherhal","tag-delicieux","tag-dujardin","tag-duo","tag-eu","tag-europe","tag-fr","tag-france","tag-homme","tag-inattendu","tag-jean","tag-jeanne","tag-nantes","tag-news","tag-pays-de-la-loire","tag-realise","tag-republique-francaise","tag-reve"],"share_on_mastodon":{"url":"https:\/\/pubeurope.com\/@fr\/116759896237715667","error":""},"_links":{"self":[{"href":"https:\/\/www.europesays.com\/fr\/wp-json\/wp\/v2\/posts\/1003801","targetHints":{"allow":["GET"]}}],"collection":[{"href":"https:\/\/www.europesays.com\/fr\/wp-json\/wp\/v2\/posts"}],"about":[{"href":"https:\/\/www.europesays.com\/fr\/wp-json\/wp\/v2\/types\/post"}],"author":[{"embeddable":true,"href":"https:\/\/www.europesays.com\/fr\/wp-json\/wp\/v2\/users\/2"}],"replies":[{"embeddable":true,"href":"https:\/\/www.europesays.com\/fr\/wp-json\/wp\/v2\/comments?post=1003801"}],"version-history":[{"count":0,"href":"https:\/\/www.europesays.com\/fr\/wp-json\/wp\/v2\/posts\/1003801\/revisions"}],"wp:featuredmedia":[{"embeddable":true,"href":"https:\/\/www.europesays.com\/fr\/wp-json\/wp\/v2\/media\/1003802"}],"wp:attachment":[{"href":"https:\/\/www.europesays.com\/fr\/wp-json\/wp\/v2\/media?parent=1003801"}],"wp:term":[{"taxonomy":"category","embeddable":true,"href":"https:\/\/www.europesays.com\/fr\/wp-json\/wp\/v2\/categories?post=1003801"},{"taxonomy":"post_tag","embeddable":true,"href":"https:\/\/www.europesays.com\/fr\/wp-json\/wp\/v2\/tags?post=1003801"}],"curies":[{"name":"wp","href":"https:\/\/api.w.org\/{rel}","templated":true}]}}