{"id":100386,"date":"2025-05-14T22:07:09","date_gmt":"2025-05-14T22:07:09","guid":{"rendered":"https:\/\/www.europesays.com\/fr\/100386\/"},"modified":"2025-05-14T22:07:09","modified_gmt":"2025-05-14T22:07:09","slug":"le-tramway-de-la-rue-de-rome-vers-les-catalans-a-marseille-est-sur-de-bons-rails","status":"publish","type":"post","link":"https:\/\/www.europesays.com\/fr\/100386\/","title":{"rendered":"Le tramway de la rue de Rome vers les Catalans \u00e0 Marseille est sur de bons rails"},"content":{"rendered":"<p>Le projet avait \u00e9t\u00e9 jug\u00e9 <a href=\"https:\/\/www.laprovence.com\/article\/politique\/6632938\/jespere-que-les-fusees-vont-decoller.html\" target=\"_blank\" rel=\"noopener\">\u00ab\u00a0dogmatique\u00a0\u00bb par la maire (GRS) du secteur, Sophie Camard<\/a>. Et \u00e9veille encore les inqui\u00e9tudes d\u2019une partie des habitants. Si l\u2019extension du tramway vers les Catalans (7e) \u00ab\u00a0ne se fera pas \u00e0 marche forc\u00e9e\u00a0\u00bb pr\u00e9vient la pr\u00e9sidente (LR) de la RTM, Catherine Pila, elle semble d\u00e9sormais sur de bons rails et profite de l\u2019appui de la Ville. Objet d\u2019un comit\u00e9 de pilotage, ce mercredi 14\u00a0mai, ce chantier \u00e0 76\u00a0millions d\u2019euros &#8211; l\u2019un des 16 profitant des financements de <a href=\"https:\/\/www.laprovence.com\/article\/region\/3158061234587214\/marseille-en-grand-progresse-bel-et-bien-le-point-detape-du-ministre-de-lamenagement-du-territoire\" target=\"_blank\" rel=\"noopener\">Marseille en grand<\/a> &#8211; pr\u00e9voit une bifurcation de la ligne T2 depuis la rue de Rome pour relier la place du 4-Septembre. Plus de 2\u00a0km d\u2019un trac\u00e9 qui sillonnera devant la pr\u00e9fecture, en passant par Estrangin, avant de rejoindre le cours Pierre-Puget, la Corderie et l\u2019avenue de la Corse. Des art\u00e8res qui doivent \u00eatre consid\u00e9rablement transform\u00e9es.<\/p>\n","protected":false},"excerpt":{"rendered":"Le projet avait \u00e9t\u00e9 jug\u00e9 \u00ab\u00a0dogmatique\u00a0\u00bb par la maire (GRS) du secteur, Sophie Camard. Et \u00e9veille encore les&hellip;\n","protected":false},"author":2,"featured_media":100387,"comment_status":"","ping_status":"","sticky":false,"template":"","format":"standard","meta":{"footnotes":""},"categories":[2814],"tags":[17,1111,11,21524,1777,674,1011,27,151,884,12,882,16,25,3499,3640,4109,13703],"class_list":{"0":"post-100386","1":"post","2":"type-post","3":"status-publish","4":"format-standard","5":"has-post-thumbnail","7":"category-marseille","8":"tag-17","9":"tag-actu","10":"tag-actualites","11":"tag-catalans","12":"tag-eu","13":"tag-europe","14":"tag-fr","15":"tag-france","16":"tag-les","17":"tag-marseille","18":"tag-news","19":"tag-provence-alpes-cote-dazur","20":"tag-region","21":"tag-republique-francaise","22":"tag-rome","23":"tag-rue","24":"tag-tramway","25":"tag-vers"},"share_on_mastodon":{"url":"https:\/\/pubeurope.com\/@fr\/114508468019207804","error":""},"_links":{"self":[{"href":"https:\/\/www.europesays.com\/fr\/wp-json\/wp\/v2\/posts\/100386","targetHints":{"allow":["GET"]}}],"collection":[{"href":"https:\/\/www.europesays.com\/fr\/wp-json\/wp\/v2\/posts"}],"about":[{"href":"https:\/\/www.europesays.com\/fr\/wp-json\/wp\/v2\/types\/post"}],"author":[{"embeddable":true,"href":"https:\/\/www.europesays.com\/fr\/wp-json\/wp\/v2\/users\/2"}],"replies":[{"embeddable":true,"href":"https:\/\/www.europesays.com\/fr\/wp-json\/wp\/v2\/comments?post=100386"}],"version-history":[{"count":0,"href":"https:\/\/www.europesays.com\/fr\/wp-json\/wp\/v2\/posts\/100386\/revisions"}],"wp:featuredmedia":[{"embeddable":true,"href":"https:\/\/www.europesays.com\/fr\/wp-json\/wp\/v2\/media\/100387"}],"wp:attachment":[{"href":"https:\/\/www.europesays.com\/fr\/wp-json\/wp\/v2\/media?parent=100386"}],"wp:term":[{"taxonomy":"category","embeddable":true,"href":"https:\/\/www.europesays.com\/fr\/wp-json\/wp\/v2\/categories?post=100386"},{"taxonomy":"post_tag","embeddable":true,"href":"https:\/\/www.europesays.com\/fr\/wp-json\/wp\/v2\/tags?post=100386"}],"curies":[{"name":"wp","href":"https:\/\/api.w.org\/{rel}","templated":true}]}}