{"id":100400,"date":"2025-05-14T22:14:14","date_gmt":"2025-05-14T22:14:14","guid":{"rendered":"https:\/\/www.europesays.com\/fr\/100400\/"},"modified":"2025-05-14T22:14:14","modified_gmt":"2025-05-14T22:14:14","slug":"un-homme-grievement-blesse-apres-avoir-ete-pousse-sur-les-voies-du-tramway","status":"publish","type":"post","link":"https:\/\/www.europesays.com\/fr\/100400\/","title":{"rendered":"un homme gri\u00e8vement bless\u00e9 apr\u00e8s avoir \u00e9t\u00e9 pouss\u00e9 sur les voies du tramway"},"content":{"rendered":"<p>\u00a0\u00bb<br \/>\n        data-script=\u00a0\u00bbhttps:\/\/static.lefigaro.fr\/widget-video\/short-ttl\/video\/index.js\u00a0\u00bb<br \/>\n    &gt;<\/p>\n<p>L\u2019agression a eu lieu mardi 13 mai en d\u00e9but d\u2019apr\u00e8s-midi \u00e0 la station \u00abCit\u00e9 Universitaire\u00bb, dans le 14e arrondissement.<\/p>\n<p class=\"fig-paragraph\">Un homme a \u00e9t\u00e9 gri\u00e8vement bless\u00e9 apr\u00e8s avoir \u00e9t\u00e9 pouss\u00e9 sur les voies lors de l\u2019arriv\u00e9e du tramway T3a \u00e0 la station \u00abCit\u00e9 Universitaire\u00bb (Paris 14e), mardi 13 mai vers 13h30, a appris Le Figaro de sources concordantes.<\/p>\n<p class=\"fig-paragraph\">Alors que le tramway arrivait en station, un individu a surgi et a pouss\u00e9 la victime, qui a rebondi sur la rame avant de chuter lourdement au sol. Polytraumatis\u00e9, l\u2019homme a \u00e9t\u00e9 pris en charge par les secours puis transport\u00e9 \u00e0 l\u2019h\u00f4pital de la Piti\u00e9-Salp\u00eatri\u00e8re avec un pronostic vital engag\u00e9. Ses jours ne seraient d\u00e9sormais plus en danger.<\/p>\n<p>Une agression li\u00e9e \u00e0 la tenue vestimentaire de la victime\u00a0?<\/p>\n<p class=\"fig-paragraph\">L\u2019agresseur, de son c\u00f4t\u00e9, s\u2019est enfui vers le parc Montsouris o\u00f9 il a \u00e9t\u00e9 interpell\u00e9 par la police municipale. Il a \u00e9t\u00e9 plac\u00e9 en garde \u00e0 vue au commissariat du 14e arrondissement. L\u2019homme pouss\u00e9 \u00e9tait \u00abhabill\u00e9 en femme\u00bb, nous indiquent des sources concordantes. L\u2019agression est-elle li\u00e9e \u00e0 sa tenue vestimentaire\u00a0? L\u2019enqu\u00eate ne fait que d\u00e9buter.<\/p>\n<p class=\"fig-paragraph\">Fin mars, une femme de 31 ans \u00e9tait morte des suites de ses blessures apr\u00e8s avoir \u00e9t\u00e9\u00a0<a href=\"http:\/\/www.lefigaro.fr\/faits-divers\/essonne-une-femme-meurt-apres-avoir-ete-poussee-sur-les-rails-du-rer-par-un-homme-en-fugue-d-un-hopital-psychiatrique-20250327\" target=\"_blank\" data-fig-type=\"NewsFlash\" rel=\"noopener\" data-gtm-custom-categorie=\"navigation\" data-gtm-custom-action=\"crossclick\" data-gtm-custom-label=\"Contextuel\" data-gtm-event=\"customEventSPE\" data-fig-domain=\"LEFIGARO\">violemment pouss\u00e9e sur les rails du RER B par un homme en fugue d\u2019un h\u00f4pital psychiatrique<\/a>\u00a0\u00e0 la station Massy-Palaiseau.<\/p>\n","protected":false},"excerpt":{"rendered":"\u00a0\u00bb data-script=\u00a0\u00bbhttps:\/\/static.lefigaro.fr\/widget-video\/short-ttl\/video\/index.js\u00a0\u00bb &gt; L\u2019agression a eu lieu mardi 13 mai en d\u00e9but d\u2019apr\u00e8s-midi \u00e0 la station \u00abCit\u00e9 Universitaire\u00bb,&hellip;\n","protected":false},"author":2,"featured_media":100401,"comment_status":"","ping_status":"","sticky":false,"template":"","format":"standard","meta":{"footnotes":""},"categories":[1888],"tags":[119,1111,1928,11,1927,3694,1120,271,2951,3695,1777,674,3696,118,1011,27,2825,1253,303,12,1926,626,1925,1072,2694,25,4109,2949],"class_list":{"0":"post-100400","1":"post","2":"type-post","3":"status-publish","4":"format-standard","5":"has-post-thumbnail","7":"category-paris","8":"tag-accident","9":"tag-actu","10":"tag-actu-paris","11":"tag-actualites","12":"tag-actualites-paris","13":"tag-affaires","14":"tag-agression","15":"tag-crime","16":"tag-criminalite","17":"tag-enquetes","18":"tag-eu","19":"tag-europe","20":"tag-evenements","21":"tag-faits-divers","22":"tag-fr","23":"tag-france","24":"tag-insecurite","25":"tag-islamisme","26":"tag-justice","27":"tag-news","28":"tag-news-paris","29":"tag-paris","30":"tag-paris-news","31":"tag-police","32":"tag-proces","33":"tag-republique-francaise","34":"tag-tramway","35":"tag-violences"},"share_on_mastodon":{"url":"https:\/\/pubeurope.com\/@fr\/114508494555026466","error":""},"_links":{"self":[{"href":"https:\/\/www.europesays.com\/fr\/wp-json\/wp\/v2\/posts\/100400","targetHints":{"allow":["GET"]}}],"collection":[{"href":"https:\/\/www.europesays.com\/fr\/wp-json\/wp\/v2\/posts"}],"about":[{"href":"https:\/\/www.europesays.com\/fr\/wp-json\/wp\/v2\/types\/post"}],"author":[{"embeddable":true,"href":"https:\/\/www.europesays.com\/fr\/wp-json\/wp\/v2\/users\/2"}],"replies":[{"embeddable":true,"href":"https:\/\/www.europesays.com\/fr\/wp-json\/wp\/v2\/comments?post=100400"}],"version-history":[{"count":0,"href":"https:\/\/www.europesays.com\/fr\/wp-json\/wp\/v2\/posts\/100400\/revisions"}],"wp:featuredmedia":[{"embeddable":true,"href":"https:\/\/www.europesays.com\/fr\/wp-json\/wp\/v2\/media\/100401"}],"wp:attachment":[{"href":"https:\/\/www.europesays.com\/fr\/wp-json\/wp\/v2\/media?parent=100400"}],"wp:term":[{"taxonomy":"category","embeddable":true,"href":"https:\/\/www.europesays.com\/fr\/wp-json\/wp\/v2\/categories?post=100400"},{"taxonomy":"post_tag","embeddable":true,"href":"https:\/\/www.europesays.com\/fr\/wp-json\/wp\/v2\/tags?post=100400"}],"curies":[{"name":"wp","href":"https:\/\/api.w.org\/{rel}","templated":true}]}}