{"id":100404,"date":"2025-05-14T22:16:13","date_gmt":"2025-05-14T22:16:13","guid":{"rendered":"https:\/\/www.europesays.com\/fr\/100404\/"},"modified":"2025-05-14T22:16:13","modified_gmt":"2025-05-14T22:16:13","slug":"dans-les-coulisses-du-metro-de-paris-dans-les-coulisses-du-metro-de-paris","status":"publish","type":"post","link":"https:\/\/www.europesays.com\/fr\/100404\/","title":{"rendered":"Dans les coulisses du m\u00e9tro de Paris &#8211; Dans les coulisses du m\u00e9tro de Paris"},"content":{"rendered":"<p id=\"descriptionPanel\" aria-labelledby=\"descriptionArrow\" aria-expanded=\"false\" class=\"mr-2 line-clamp-2 pr-2.5 text-secondary overflow-visible\">Le m\u00e9tro de Paris, tout comme la tour Eiffel, est un symbole incontournable de la ville lumi\u00e8re. Avec 220 km de voies, 302 stations et 14 lignes, il transporte plus de 5 millions de voyageurs chaque jour. V\u00e9ritable moteur de la ville, il \u00e9volue constamment. Aujourd&rsquo;hui, il d\u00e9passe les fronti\u00e8res de la capitale et se connecte au Grand Paris Express, un r\u00e9seau de 200 km. Ce monument vivant repousse les limites de la mobilit\u00e9 et s&rsquo;ancre dans le futur avec une vision audacieuse du transport urbain.<\/p>\n<p><a class=\"shrink-0\" href=\"https:\/\/www.tf1.fr\/le-figaro\/dans-les-coulisses-du-metro-de-paris\" rel=\"nofollow noopener\" target=\"_blank\"><img decoding=\"async\" src=\"https:\/\/www.europesays.com\/fr\/wp-content\/uploads\/2025\/05\/dans-les-coulisses-du-metro-de-paris-1747047723-1c4b8f-9edfd4-0@1x.jpg\" width=\"138\" height=\"184\" alt=\"\" loading=\"eager\" fetchpriority=\"auto\" class=\"aspect-[3\/4] h-24 w-auto rounded-3px\" aria-hidden=\"true\"\/><\/a><\/p>\n<p>51m<\/p>\n<p><img decoding=\"async\" src=\"https:\/\/www.europesays.com\/fr\/wp-content\/uploads\/2025\/05\/lefigaro-logo-editeur-a24114-19ceaf-0@3x.png\" alt=\"Le Figaro\" loading=\"eager\" class=\"h-5 w-14\" fetchpriority=\"auto\"\/>15 mai 2025 \u00e0 00:00<\/p>\n","protected":false},"excerpt":{"rendered":"Le m\u00e9tro de Paris, tout comme la tour Eiffel, est un symbole incontournable de la ville lumi\u00e8re. Avec&hellip;\n","protected":false},"author":2,"featured_media":100405,"comment_status":"","ping_status":"","sticky":false,"template":"","format":"standard","meta":{"footnotes":""},"categories":[1888],"tags":[11,21527,21526,1190,21525,1777,674,1011,27,12,626,25,21529,21528,21530],"class_list":{"0":"post-100404","1":"post","2":"type-post","3":"status-publish","4":"format-standard","5":"has-post-thumbnail","7":"category-paris","8":"tag-actualites","9":"tag-dans-les-coulisses-du-metro-de-paris","10":"tag-dans-les-coulisses-du-metro-de-paris-documentaire","11":"tag-documentaire","12":"tag-documentaire-dans-les-coulisses-du-metro-de-paris","13":"tag-eu","14":"tag-europe","15":"tag-fr","16":"tag-france","17":"tag-news","18":"tag-paris","19":"tag-republique-francaise","20":"tag-streaming-dans-les-coulisses-du-metro-de-paris","21":"tag-video-dans-les-coulisses-du-metro-de-paris","22":"tag-video-en-streaming-dans-les-coulisses-du-metro-de-paris"},"share_on_mastodon":{"url":"https:\/\/pubeurope.com\/@fr\/114508502358382815","error":""},"_links":{"self":[{"href":"https:\/\/www.europesays.com\/fr\/wp-json\/wp\/v2\/posts\/100404","targetHints":{"allow":["GET"]}}],"collection":[{"href":"https:\/\/www.europesays.com\/fr\/wp-json\/wp\/v2\/posts"}],"about":[{"href":"https:\/\/www.europesays.com\/fr\/wp-json\/wp\/v2\/types\/post"}],"author":[{"embeddable":true,"href":"https:\/\/www.europesays.com\/fr\/wp-json\/wp\/v2\/users\/2"}],"replies":[{"embeddable":true,"href":"https:\/\/www.europesays.com\/fr\/wp-json\/wp\/v2\/comments?post=100404"}],"version-history":[{"count":0,"href":"https:\/\/www.europesays.com\/fr\/wp-json\/wp\/v2\/posts\/100404\/revisions"}],"wp:featuredmedia":[{"embeddable":true,"href":"https:\/\/www.europesays.com\/fr\/wp-json\/wp\/v2\/media\/100405"}],"wp:attachment":[{"href":"https:\/\/www.europesays.com\/fr\/wp-json\/wp\/v2\/media?parent=100404"}],"wp:term":[{"taxonomy":"category","embeddable":true,"href":"https:\/\/www.europesays.com\/fr\/wp-json\/wp\/v2\/categories?post=100404"},{"taxonomy":"post_tag","embeddable":true,"href":"https:\/\/www.europesays.com\/fr\/wp-json\/wp\/v2\/tags?post=100404"}],"curies":[{"name":"wp","href":"https:\/\/api.w.org\/{rel}","templated":true}]}}