{"id":1004066,"date":"2026-06-16T15:38:16","date_gmt":"2026-06-16T15:38:16","guid":{"rendered":"https:\/\/www.europesays.com\/fr\/1004066\/"},"modified":"2026-06-16T15:38:16","modified_gmt":"2026-06-16T15:38:16","slug":"paris-apres-avoir-pourchasse-les-baigneurs-la-ville-va-autoriser-la-baignade-dans-le-canal-saint-martin-2","status":"publish","type":"post","link":"https:\/\/www.europesays.com\/fr\/1004066\/","title":{"rendered":"Paris : Apr\u00e8s avoir pourchass\u00e9 les baigneurs, la ville va autoriser la baignade dans le canal Saint-Martin"},"content":{"rendered":"<p class=\"mb-4 text-lg md:leading-8 break-words\"><strong>A bien y r\u00e9fl\u00e9chir\u2026 &#8211; Apr\u00e8s avoir interdit la baignade dans le canal Saint-Martin en mai, la municipalit\u00e9 de Paris envisage d\u00e9sormais de l\u2019autoriser \u00ab dans un cadre s\u00e9curis\u00e9 \u00bb avec une limitation du trafic fluvial \u00e0 certaines heures et un dispositif sp\u00e9cifique<\/strong><\/p>\n<p class=\"mb-4 text-lg md:leading-8 break-words\">En mai, les forces de l\u2019ordre jouaient au chat \u00e0 la souris avec de Parisiens en qu\u00eate de fra\u00eecheur. Un mois plus tard, finalement, la municipalit\u00e9 de Paris semble r\u00e9trop\u00e9daler sur la question.<\/p>\n<p class=\"mb-4 text-lg md:leading-8 break-words\">\u00ab L\u2019id\u00e9e serait de permettre la baignade dans le canal Saint-Martin dans un cadre s\u00e9curis\u00e9 \u00bb, \u00e9voque, dans un entretien \u00e0 Ouest-France Alice Timsit, adjointe (<a href=\"https:\/\/www.20minutes.fr\/politique\/eelv\/?at_medium=RSS%20feed&amp;at_campaign=ynews&amp;utm_source=yahoo&amp;utm_medium=rss&amp;utm_campaign=news_feed&amp;utm_content=in_article_link\" rel=\"nofollow noopener\" target=\"_blank\" data-ylk=\"elm:link;elmt:article_link;slk:\u00e9cologiste;itc:0;sec:content-canvas\" data-yga=\"{&quot;yLinkElement&quot;:&quot;context_link&quot;,&quot;yModuleName&quot;:&quot;content-canvas&quot;,&quot;yLinkText&quot;:&quot;\u00e9cologiste&quot;}\" class=\"link \">\u00e9cologiste<\/a>) au maire de <a href=\"https:\/\/www.20minutes.fr\/paris\/?at_medium=RSS%20feed&amp;at_campaign=ynews&amp;utm_source=yahoo&amp;utm_medium=rss&amp;utm_campaign=news_feed&amp;utm_content=in_article_link\" rel=\"nofollow noopener\" target=\"_blank\" data-ylk=\"elm:link;elmt:article_link;slk:Paris;itc:0;sec:content-canvas\" data-yga=\"{&quot;yLinkElement&quot;:&quot;context_link&quot;,&quot;yModuleName&quot;:&quot;content-canvas&quot;,&quot;yLinkText&quot;:&quot;Paris&quot;}\" class=\"link \">Paris<\/a>, en charge de la transition \u00e9cologique. \u00ab Avec par exemple une limitation du trafic fluvial \u00e0 certaines heures et un dispositif sp\u00e9cifique construit avec la pr\u00e9fecture de police et la pr\u00e9fecture de R\u00e9gion \u00bb.<\/p>\n<p>D\u2019autres sites ouverts dans un second temps<\/p>\n<p class=\"mb-4 text-lg md:leading-8 break-words\">L\u2019\u00e9dile reconna\u00eet que la situation est un peu paradoxale. Mais s\u2019en d\u00e9fend. \u00ab Au mois de mai, nous avons vu des policiers courir apr\u00e8s des enfants pour leur interdire de plonger dans le canal Saint-Martin. Pour des raisons de s\u00e9curit\u00e9 \u00e9videntes bien s\u00fbr, mais cela r\u00e9v\u00e8le aussi une contradiction. Nous interdisons l\u2019acc\u00e8s \u00e0 la fra\u00eecheur \u00e0 des enfants qui cherchent simplement \u00e0 se baigner \u00bb.<\/p>\n<p class=\"mb-4 text-lg md:leading-8 break-words\">A PAris, \u00e0 ce jour, il est possible de se baigner \u00e0 trois endroits, notamment dans la Seine. L\u2019\u00e9dile souligne que d\u2019autres sites pourraient \u00eatre \u00e9galement autoris\u00e9s dans un second temps. Notamment dans le canal de l\u2019Ourcq ou au bassin de La Villette.<\/p>\n<p class=\"mb-4 text-lg md:leading-8 break-words\"><a href=\"https:\/\/www.20minutes.fr\/paris\/4229425-20260616-paris-apres-avoir-pourchasse-baigneurs-ville-va-autoriser-baignade-canal-saint-martin?at_medium=RSS%20feed&amp;at_campaign=ynews&amp;utm_source=yahoo&amp;utm_medium=rss&amp;utm_campaign=news_feed&amp;utm_content=read_more_link&quot;\" rel=\"nofollow noopener\" target=\"_blank\" data-ylk=\"elm:link;elmt:article_link;slk:Lire la suite sur 20minutes;itc:0;sec:content-canvas\" data-yga=\"{&quot;yLinkElement&quot;:&quot;context_link&quot;,&quot;yModuleName&quot;:&quot;content-canvas&quot;,&quot;yLinkText&quot;:&quot;Lire la suite sur 20minutes&quot;}\" class=\"link \">Lire la suite sur 20minutes<\/a><\/p>\n<p>\u00c0 lire aussi :<br \/><a href=\"https:\/\/www.20minutes.fr\/paris\/4215953-20260401-paris-apres-pistes-cyclables-ville-va-doter-pistes-running?at_medium=RSS%20feed&amp;at_campaign=ynews&amp;utm_source=yahoo&amp;utm_medium=rss&amp;utm_campaign=news_feed&amp;utm_content=related_content_link\" rel=\"nofollow noopener\" target=\"_blank\" data-ylk=\"elm:link;elmt:article_link;slk:Paris : Apr\u00e8s les pistes cyclables, la ville va se doter de\u2026 pistes de running !;itc:0;sec:content-canvas\" data-yga=\"{&quot;yLinkElement&quot;:&quot;context_link&quot;,&quot;yModuleName&quot;:&quot;content-canvas&quot;,&quot;yLinkText&quot;:&quot;Paris &quot;}\" class=\"link \">Paris : Apr\u00e8s les pistes cyclables, la ville va se doter de\u2026 pistes de running !<\/a><br \/><a href=\"https:\/\/www.20minutes.fr\/societe\/4226085-20260529-canicule-maire-asnieres-envoie-facture-2-000-euros-familles-apres-ouverture-bouches-incendie?at_medium=RSS%20feed&amp;at_campaign=ynews&amp;utm_source=yahoo&amp;utm_medium=rss&amp;utm_campaign=news_feed&amp;utm_content=related_content_link\" rel=\"nofollow noopener\" target=\"_blank\" data-ylk=\"elm:link;elmt:article_link;slk:Canicule : Le maire d\u2019Asni\u00e8res envoie la facture de 2.000 euros aux familles apr\u00e8s l\u2019ouverture de bouches d\u2019incendie;itc:0;sec:content-canvas\" data-yga=\"{&quot;yLinkElement&quot;:&quot;context_link&quot;,&quot;yModuleName&quot;:&quot;content-canvas&quot;,&quot;yLinkText&quot;:&quot;Canicule &quot;}\" class=\"link \">Canicule : Le maire d\u2019Asni\u00e8res envoie la facture de 2.000 euros aux familles apr\u00e8s l\u2019ouverture de bouches d\u2019incendie<\/a><\/p>\n","protected":false},"excerpt":{"rendered":"A bien y r\u00e9fl\u00e9chir\u2026 &#8211; Apr\u00e8s avoir interdit la baignade dans le canal Saint-Martin en mai, la municipalit\u00e9&hellip;\n","protected":false},"author":2,"featured_media":1004067,"comment_status":"","ping_status":"","sticky":false,"template":"","format":"standard","meta":{"footnotes":"","_share_on_mastodon":"0"},"categories":[1888],"tags":[1111,1928,11,1927,2379,10474,1777,674,3160,1011,27,12,1926,626,1925,4524,105188,25,26085],"class_list":["post-1004066","post","type-post","status-publish","format-standard","has-post-thumbnail","category-paris","tag-actu","tag-actu-paris","tag-actualites","tag-actualites-paris","tag-bassin-de-la-villette","tag-canal","tag-eu","tag-europe","tag-forces-de-lordre","tag-fr","tag-france","tag-news","tag-news-paris","tag-paris","tag-paris-news","tag-prefecture-de-police","tag-prefecture-de-region","tag-republique-francaise","tag-saint-martin"],"share_on_mastodon":{"url":"https:\/\/pubeurope.com\/@fr\/116760537132790156","error":""},"_links":{"self":[{"href":"https:\/\/www.europesays.com\/fr\/wp-json\/wp\/v2\/posts\/1004066","targetHints":{"allow":["GET"]}}],"collection":[{"href":"https:\/\/www.europesays.com\/fr\/wp-json\/wp\/v2\/posts"}],"about":[{"href":"https:\/\/www.europesays.com\/fr\/wp-json\/wp\/v2\/types\/post"}],"author":[{"embeddable":true,"href":"https:\/\/www.europesays.com\/fr\/wp-json\/wp\/v2\/users\/2"}],"replies":[{"embeddable":true,"href":"https:\/\/www.europesays.com\/fr\/wp-json\/wp\/v2\/comments?post=1004066"}],"version-history":[{"count":0,"href":"https:\/\/www.europesays.com\/fr\/wp-json\/wp\/v2\/posts\/1004066\/revisions"}],"wp:featuredmedia":[{"embeddable":true,"href":"https:\/\/www.europesays.com\/fr\/wp-json\/wp\/v2\/media\/1004067"}],"wp:attachment":[{"href":"https:\/\/www.europesays.com\/fr\/wp-json\/wp\/v2\/media?parent=1004066"}],"wp:term":[{"taxonomy":"category","embeddable":true,"href":"https:\/\/www.europesays.com\/fr\/wp-json\/wp\/v2\/categories?post=1004066"},{"taxonomy":"post_tag","embeddable":true,"href":"https:\/\/www.europesays.com\/fr\/wp-json\/wp\/v2\/tags?post=1004066"}],"curies":[{"name":"wp","href":"https:\/\/api.w.org\/{rel}","templated":true}]}}