{"id":100407,"date":"2025-05-14T22:17:09","date_gmt":"2025-05-14T22:17:09","guid":{"rendered":"https:\/\/www.europesays.com\/fr\/100407\/"},"modified":"2025-05-14T22:17:09","modified_gmt":"2025-05-14T22:17:09","slug":"vladimir-poutine-absent-de-la-delegation-russe-en-vue-des-pourparlers-a-istanbul-donald-trump-nira-pas-non-plus","status":"publish","type":"post","link":"https:\/\/www.europesays.com\/fr\/100407\/","title":{"rendered":"Vladimir Poutine absent de la d\u00e9l\u00e9gation russe en vue des pourparlers \u00e0 Istanbul, Donald Trump n\u2019ira pas non plus"},"content":{"rendered":"<p>                             Par Le Figaro avec AFP<\/p>\n<p>                Il y a 33 minutes<\/p>\n<p>\u00a0\u00bb<br \/>\n        data-script=\u00a0\u00bbhttps:\/\/static.lefigaro.fr\/widget-video\/short-ttl\/video\/index.js\u00a0\u00bb<br \/>\n    &gt;<\/p>\n<p>Le pr\u00e9sident ukrainien Volodymyr Zelensky avait affirm\u00e9 qu\u2019il d\u00e9ciderait des \u00abmesures \u00e0 prendre\u00bb lorsqu\u2019il saurait qui repr\u00e9sentera Moscou aux pourparlers pr\u00e9vus jeudi.<\/p>\n<p class=\"fig-paragraph\">Le\u00a0<a href=\"http:\/\/www.lefigaro.fr\/international\/sous-la-pression-des-occidentaux-et-des-ukrainiens-la-partie-de-poker-menteur-de-vladimir-poutine-20250514\" target=\"_blank\" data-fig-type=\"Article\" rel=\"noopener nofollow\" data-gtm-custom-categorie=\"navigation\" data-gtm-custom-action=\"crossclick\" data-gtm-custom-label=\"Contextuel\" data-gtm-event=\"customEventSPE\" data-fig-domain=\"LEFIGARO\">pr\u00e9sident russe Vladimir Poutine<\/a>\u00a0n\u2019assistera pas jeudi \u00e0 Istanbul aux pourparlers directs avec les Ukrainiens, malgr\u00e9 l\u2019invitation de son homologue am\u00e9ricain Donald Trump qui avait \u00e9voqu\u00e9 \u00abla possibilit\u00e9\u00bb d\u2019aller en Turquie si son homologue russe en faisait de m\u00eame.<\/p>\n<p class=\"fig-paragraph\">Le Kremlin a d\u00e9voil\u00e9 mercredi soir les membres de la d\u00e9l\u00e9gation qui se rendront \u00e0 Istanbul jeudi pour des pourparlers directs avec les Ukrainiens, sans mention du nom de Vladimir Poutine qui avait \u00e9t\u00e9 \u00e9galement invit\u00e9 \u00e0 s\u2019y rendre par son homologue Volodymyr Zelensky. La d\u00e9l\u00e9gation russe sera men\u00e9e par le conseiller pr\u00e9sidentiel Vladimir Medinski, le vice-ministre des Affaires \u00e9trang\u00e8res Mikha\u00efl Galouzine et le vice-ministre de la D\u00e9fense Alexandre Fomine, selon la liste publi\u00e9e en soir\u00e9e par le Kremlin. Cette annonce met un terme \u00e0 la possibilit\u00e9 que le pr\u00e9sident russe rencontre son homologue ukrainien.<\/p>\n<p>Trump absent<\/p>\n<p class=\"fig-paragraph\">Ces derniers jours, Volodymyr Zelensky avait appel\u00e9 Vladimir Poutine \u00e0 se rendre \u00aben personne\u00bb \u00e0 ces discussions, annonc\u00e9es par le ma\u00eetre du Kremlin et cens\u00e9es ouvrir un processus diplomatique pour trouver une issue \u00e0 plus de trois ans d\u2019offensive russe meurtri\u00e8re en Ukraine. Le pr\u00e9sident russe, apparu publiquement \u00e0 plusieurs reprises depuis l\u2019offre de Volodymyr Zelensky, avait gard\u00e9 le silence sur le sujet. C\u2019est en vain que le pr\u00e9sident br\u00e9silien Lula a appel\u00e9, lors d\u2019une conversation t\u00e9l\u00e9phonique mercredi, son homologue russe \u00e0 se rendre \u00e0 Istanbul, selon la pr\u00e9sidence br\u00e9silienne.<\/p>\n<p class=\"fig-paragraph\">Sans surprise, Donald Trump ne se rendra pas non plus en Turquie, alors qu\u2019il avait \u00e9voqu\u00e9 mercredi apr\u00e8s-midi \u00abla possibilit\u00e9\u00bb d\u2019assister aux n\u00e9gociations cette semaine si son homologue russe en faisait de m\u00eame. \u00abJe ne sais pas si (Vladimir Poutine) y va. Je sais qu\u2019il voudrait que j\u2019y sois. C\u2019est une possibilit\u00e9\u00bb, avait d\u00e9clar\u00e9 le pr\u00e9sident am\u00e9ricain, tout en pr\u00e9cisant plus tard que son \u00abprogramme demain (jeudi) est complet\u00bb.<\/p>\n<p class=\"fig-paragraph\">Plus t\u00f4t dans la journ\u00e9e, le pr\u00e9sident ukrainien Volodymyr Zelensky s\u2019\u00e9tait dit pr\u00eat \u00e0 \u00abtoute forme de n\u00e9gociations\u00bb pour mettre fin \u00e0 la guerre avec la Russie et avait affirm\u00e9 qu\u2019il d\u00e9ciderait des \u00abmesures \u00e0 prendre\u00bb lorsqu\u2019il saurait qui repr\u00e9sentera Moscou aux pourparlers pr\u00e9vus \u00e0 Istanbul jeudi.<\/p>\n","protected":false},"excerpt":{"rendered":"Par Le Figaro avec AFP Il y a 33 minutes \u00a0\u00bb data-script=\u00a0\u00bbhttps:\/\/static.lefigaro.fr\/widget-video\/short-ttl\/video\/index.js\u00a0\u00bb &gt; Le pr\u00e9sident ukrainien Volodymyr Zelensky&hellip;\n","protected":false},"author":2,"featured_media":100408,"comment_status":"","ping_status":"","sticky":false,"template":"","format":"standard","meta":{"footnotes":""},"categories":[1591],"tags":[259,11,260,1887,14,261,12,262,1885,1886,132,135],"class_list":{"0":"post-100407","1":"post","2":"type-post","3":"status-publish","4":"format-standard","5":"has-post-thumbnail","7":"category-russie","8":"tag-actualite-internationale","9":"tag-actualites","10":"tag-affaires-etrangeres","11":"tag-federation-de-russie","12":"tag-international","13":"tag-ministere-des-affaires-etrangeres","14":"tag-news","15":"tag-politique-etrangere","16":"tag-russia","17":"tag-russian-federation","18":"tag-russie","19":"tag-vladimir-poutine"},"share_on_mastodon":{"url":"https:\/\/pubeurope.com\/@fr\/114508506340036757","error":""},"_links":{"self":[{"href":"https:\/\/www.europesays.com\/fr\/wp-json\/wp\/v2\/posts\/100407","targetHints":{"allow":["GET"]}}],"collection":[{"href":"https:\/\/www.europesays.com\/fr\/wp-json\/wp\/v2\/posts"}],"about":[{"href":"https:\/\/www.europesays.com\/fr\/wp-json\/wp\/v2\/types\/post"}],"author":[{"embeddable":true,"href":"https:\/\/www.europesays.com\/fr\/wp-json\/wp\/v2\/users\/2"}],"replies":[{"embeddable":true,"href":"https:\/\/www.europesays.com\/fr\/wp-json\/wp\/v2\/comments?post=100407"}],"version-history":[{"count":0,"href":"https:\/\/www.europesays.com\/fr\/wp-json\/wp\/v2\/posts\/100407\/revisions"}],"wp:featuredmedia":[{"embeddable":true,"href":"https:\/\/www.europesays.com\/fr\/wp-json\/wp\/v2\/media\/100408"}],"wp:attachment":[{"href":"https:\/\/www.europesays.com\/fr\/wp-json\/wp\/v2\/media?parent=100407"}],"wp:term":[{"taxonomy":"category","embeddable":true,"href":"https:\/\/www.europesays.com\/fr\/wp-json\/wp\/v2\/categories?post=100407"},{"taxonomy":"post_tag","embeddable":true,"href":"https:\/\/www.europesays.com\/fr\/wp-json\/wp\/v2\/tags?post=100407"}],"curies":[{"name":"wp","href":"https:\/\/api.w.org\/{rel}","templated":true}]}}