{"id":1004295,"date":"2026-06-16T17:56:17","date_gmt":"2026-06-16T17:56:17","guid":{"rendered":"https:\/\/www.europesays.com\/fr\/1004295\/"},"modified":"2026-06-16T17:56:17","modified_gmt":"2026-06-16T17:56:17","slug":"le-festival-de-litterature-jeunesse-partir-en-livre-revient-a-marseille-des-ce-mercredi","status":"publish","type":"post","link":"https:\/\/www.europesays.com\/fr\/1004295\/","title":{"rendered":"Le festival de litt\u00e9rature jeunesse \u00ab\u00a0Partir en Livre\u00a0\u00bb revient \u00e0 Marseille d\u00e8s ce mercredi"},"content":{"rendered":"<p>Marseille c\u00e9l\u00e8bre le livre jeunesse \u00e0 partir d\u2019aujourd\u2019hui jusqu\u2019au 19\u00a0juillet, dans plusieurs lieux embl\u00e9matiques de la cit\u00e9 phoc\u00e9enne. Pour la 12e \u00e9dition de \u00ab\u00a0Partir en Livre\u00a0\u00bb, les h\u00e9ros et h\u00e9ro\u00efnes de la litt\u00e9rature jeunesse sont mis \u00e0 l\u2019honneur.<\/p>\n<p>Organis\u00e9e depuis\u00a02015 par le Centre national du livre sous l\u2019impulsion du minist\u00e8re de la Culture, c\u2019est la \u00ab\u00a0premi\u00e8re manifestation qui promeut le plaisir de la lecture aupr\u00e8s des jeunes, sur tout le territoire\u00a0\u00bb. Une quarantaine d\u2019activit\u00e9s litt\u00e9raires et artistiques sont organis\u00e9es pour les petits Marseillais et leurs familles, le tout gratuitement.<\/p>\n<p>Lecture, dessin et fanzine au programme<\/p>\n<p>Les animations se d\u00e9roulent notamment au <a href=\"https:\/\/www.laprovence.com\/article\/societe\/1567088224795115\/a-marseille-le-nouveau-parc-un-bol-dair-pour-le-quartier-bougainville\" target=\"_blank\" rel=\"nofollow noopener\">parc de Bougainville<\/a>, au parc de <a href=\"https:\/\/www.laprovence.com\/article\/region\/8898873446090814\/video-relai-de-la-flamme-une-belle-fete-populaire-dans-les-quartiers-nord-de-marseille\" target=\"_blank\" rel=\"nofollow noopener\">Font Obscure<\/a> ainsi que, pour la premi\u00e8re fois, au <a href=\"https:\/\/www.laprovence.com\/article\/societe\/4035944876904814\/tout-faire-pour-eviter-ca-face-au-risque-incendie-la-metropole-debroussaille-le-vallon-de-la-jarre\" target=\"_blank\" rel=\"nofollow noopener\">parc de la Jarre<\/a> et au <a href=\"https:\/\/www.laprovence.com\/article\/edition-marseille\/4783317\/a-la-castellane-le-centre-social-ne-demande-qua-garder-son-ancrage.html\" target=\"_blank\" rel=\"nofollow noopener\">parc de la Jougarelle<\/a>. De nouveaux espaces seront \u00e9galement investis comme une section de la ligne 3 du tramway avec des lectures \u00e0 voix haute et des animations propos\u00e9es aux voyageurs par les <a href=\"https:\/\/www.laprovence.com\/article\/region\/1574406218900215\/lalcazar-a-marseille-ferme-son-secteur-jeunesse-jusquau-18-aout\" target=\"_blank\" rel=\"nofollow noopener\">biblioth\u00e9caires municipaux<\/a>. Par ailleurs, la lecture sera aussi une occasion de se baigner, puisqu\u2019un atelier m\u00ealant lecture et peinture en plein air est organis\u00e9 \u00e0 la<a href=\"https:\/\/www.laprovence.com\/article\/region\/39994787529484\/saint-joseph-quand-les-petits-marseillais-se-jettent-dans-le-grand-bain\" target=\"_blank\" rel=\"nofollow noopener\"> piscine Saint-Joseph<\/a> vendredi 26\u00a0juin. \u00c0 cette occasion, l\u2019entr\u00e9e de la piscine sera exceptionnellement gratuite pour tous les publics.<\/p>\n<p>Le<a href=\"https:\/\/www.laprovence.com\/article\/sortie-loisirs\/10377619808339\/plongee-dans-le-ventre-antique-de-marseille-pour-les-journees-europeennes-de-larcheologie\" target=\"_blank\" rel=\"nofollow noopener\"> Mus\u00e9e d\u2019histoire de Marseille<\/a> accueillera \u00e9galement des activit\u00e9s le 4 et le 5\u00a0juillet, en compagnie des biblioth\u00e8ques municipales. Un atelier invitera les enfants \u00e0 dessiner leurs chim\u00e8res, tandis que des contes sur des mythes fantastiques seront racont\u00e9s.<\/p>\n<p>La Ligue de l\u2019enseignement participera \u00e0 ce temps fort de l\u2019\u00e9t\u00e9 en organisant notamment deux journ\u00e9es d\u2019ateliers artistiques avec l\u2019illustratrice Alice Durot, d\u00e9but juillet. L\u2019objectif pour ces jeunes issus des quartiers prioritaires de la ville est de cr\u00e9er un fanzine sur le th\u00e8me, \u00ab\u00a0On va pas en faire une montagne, si\u00a0?\u00a0\u00bb. Une belle occasion de donner le go\u00fbt de la lecture aux jeunes, tout au long de l\u2019\u00e9t\u00e9.<\/p>\n","protected":false},"excerpt":{"rendered":"Marseille c\u00e9l\u00e8bre le livre jeunesse \u00e0 partir d\u2019aujourd\u2019hui jusqu\u2019au 19\u00a0juillet, dans plusieurs lieux embl\u00e9matiques de la cit\u00e9 phoc\u00e9enne.&hellip;\n","protected":false},"author":2,"featured_media":1004296,"comment_status":"","ping_status":"","sticky":false,"template":"","format":"standard","meta":{"footnotes":"","_share_on_mastodon":"0"},"categories":[2814],"tags":[5734,1111,11,1777,674,849,1011,27,4075,1351,2003,2831,884,12,5537,882,25,14173],"class_list":["post-1004295","post","type-post","status-publish","format-standard","has-post-thumbnail","category-marseille","tag-5734","tag-actu","tag-actualites","tag-eu","tag-europe","tag-festival","tag-fr","tag-france","tag-jeunesse","tag-litterature","tag-livre","tag-loisirs-traditions","tag-marseille","tag-news","tag-partir","tag-provence-alpes-cote-dazur","tag-republique-francaise","tag-revient"],"share_on_mastodon":{"url":"https:\/\/pubeurope.com\/@fr\/116761079914000588","error":""},"_links":{"self":[{"href":"https:\/\/www.europesays.com\/fr\/wp-json\/wp\/v2\/posts\/1004295","targetHints":{"allow":["GET"]}}],"collection":[{"href":"https:\/\/www.europesays.com\/fr\/wp-json\/wp\/v2\/posts"}],"about":[{"href":"https:\/\/www.europesays.com\/fr\/wp-json\/wp\/v2\/types\/post"}],"author":[{"embeddable":true,"href":"https:\/\/www.europesays.com\/fr\/wp-json\/wp\/v2\/users\/2"}],"replies":[{"embeddable":true,"href":"https:\/\/www.europesays.com\/fr\/wp-json\/wp\/v2\/comments?post=1004295"}],"version-history":[{"count":0,"href":"https:\/\/www.europesays.com\/fr\/wp-json\/wp\/v2\/posts\/1004295\/revisions"}],"wp:featuredmedia":[{"embeddable":true,"href":"https:\/\/www.europesays.com\/fr\/wp-json\/wp\/v2\/media\/1004296"}],"wp:attachment":[{"href":"https:\/\/www.europesays.com\/fr\/wp-json\/wp\/v2\/media?parent=1004295"}],"wp:term":[{"taxonomy":"category","embeddable":true,"href":"https:\/\/www.europesays.com\/fr\/wp-json\/wp\/v2\/categories?post=1004295"},{"taxonomy":"post_tag","embeddable":true,"href":"https:\/\/www.europesays.com\/fr\/wp-json\/wp\/v2\/tags?post=1004295"}],"curies":[{"name":"wp","href":"https:\/\/api.w.org\/{rel}","templated":true}]}}