{"id":1004405,"date":"2026-06-16T19:05:16","date_gmt":"2026-06-16T19:05:16","guid":{"rendered":"https:\/\/www.europesays.com\/fr\/1004405\/"},"modified":"2026-06-16T19:05:16","modified_gmt":"2026-06-16T19:05:16","slug":"decazeville-a-la-decouverte-de-toulouse-pour-les-jeunes-eleves","status":"publish","type":"post","link":"https:\/\/www.europesays.com\/fr\/1004405\/","title":{"rendered":"Decazeville. \u00c0 la d\u00e9couverte de Toulouse pour les jeunes \u00e9l\u00e8ves"},"content":{"rendered":"<p>\n                                                                Les \u00e9l\u00e8ves de l\u2019\u00e9cole Fran\u00e7ois-Fabi\u00e9 ont visit\u00e9 Toulouse pendant plusieurs jours. Cette sortie a \u00e9t\u00e9 rendue possible gr\u00e2ce \u00e0 plusieurs partenaires.\n                            <\/p>\n<p>Trente-trois \u00e9l\u00e8ves de la Grande Section au CM2 de l\u2019\u00e9cole Fran\u00e7ois-Fabi\u00e9 ont pris la direction de Toulouse entre le 1er et le 3 juin dans le cadre d\u2019une classe urbaine riche en d\u00e9couvertes et en apprentissages.<\/p>\n<p>Un s\u00e9jour de 3 jours rendu possible gr\u00e2ce \u00e0 l\u2019op\u00e9ration mise en place par la R\u00e9gion Occitanie permettant aux groupes scolaires de voyager en train pour seulement 1 \u20ac l\u2019aller et 1 \u20ac le retour par personne, mais \u00e9galement gr\u00e2ce \u00e0 la participation financi\u00e8re de la mairie de Decazeville (1 683 \u20ac), du Conseil d\u00e9partemental (396 \u20ac) et de l\u2019APE de l\u2019\u00e9cole (2 000 \u20ac). Pour de nombreux enfants, cette sortie a constitu\u00e9 une premi\u00e8re exp\u00e9rience ferroviaire. Une d\u00e9couverte \u00e0 la fois ludique, \u00e9ducative et citoyenne, qui permet d\u2019encourager l\u2019usage des transports collectifs tout en r\u00e9duisant consid\u00e9rablement le co\u00fbt du voyage pour les familles et l\u2019\u00e9cole.<\/p>\n<p>Arriv\u00e9s \u00e0 Toulouse \u00e0 10 h 50 en gare de Toulouse-Matabiau, les \u00e9l\u00e8ves ont imm\u00e9diatement plong\u00e9 au c\u0153ur de la Ville Rose avec un jeu de piste autour de la place du Capitole et de ses principaux monuments. Une mani\u00e8re originale de d\u00e9couvrir le patrimoine historique et culturel de la capitale r\u00e9gionale. Les enfants ont ensuite rejoint le Domaine d\u2019Ariane \u00e0 Mondonville, lieu d\u2019h\u00e9bergement durant le s\u00e9jour. Le programme \u00e9tait particuli\u00e8rement riche. Les enfants ont profit\u00e9 d\u2019une croisi\u00e8re sur le canal du Midi, joyau inscrit au patrimoine mondial de l\u2019Unesco, avant de visiter la c\u00e9l\u00e8bre Halle de la Machine et d\u2019embarquer \u00e0 bord du spectaculaire Minotaure. <\/p>\n<p>La derni\u00e8re journ\u00e9e a \u00e9t\u00e9 consacr\u00e9e \u00e0 une d\u00e9couverte du centre-ville en petit train touristique puis \u00e0 la visite du Mus\u00e9um d\u2019Histoire Naturelle. Les enfants ont \u00e9galement d\u00e9couvert durant ce s\u00e9jour les transports urbains tels que le tramway et le m\u00e9tro toulousains.<\/p>\n<p>Au-del\u00e0 des visites, cette classe urbaine repr\u00e9sente une formidable opportunit\u00e9 p\u00e9dagogique. Elle permet aux \u00e9l\u00e8ves d\u2019\u00e9largir leurs horizons, de d\u00e9velopper leur autonomie, de renforcer la vie collective et de d\u00e9couvrir des lieux embl\u00e9matiques de leur r\u00e9gion.<\/p>\n<p>Une belle aventure humaine et p\u00e9dagogique pour les \u00e9l\u00e8ves de l\u2019\u00e9cole Fran\u00e7ois-Fabi\u00e9, qui sont revenus avec de nombreux souvenirs, des connaissances nouvelles et des \u00e9toiles plein les yeux !<\/p>\n","protected":false},"excerpt":{"rendered":"Les \u00e9l\u00e8ves de l\u2019\u00e9cole Fran\u00e7ois-Fabi\u00e9 ont visit\u00e9 Toulouse pendant plusieurs jours. Cette sortie a \u00e9t\u00e9 rendue possible gr\u00e2ce&hellip;\n","protected":false},"author":2,"featured_media":1004406,"comment_status":"","ping_status":"","sticky":false,"template":"","format":"standard","meta":{"footnotes":"","_share_on_mastodon":"0"},"categories":[2816],"tags":[1111,11,18483,69132,1057,1777,674,1011,27,12,2680,25,2312],"class_list":["post-1004405","post","type-post","status-publish","format-standard","has-post-thumbnail","category-toulouse","tag-actu","tag-actualites","tag-aveyron","tag-decazeville","tag-education","tag-eu","tag-europe","tag-fr","tag-france","tag-news","tag-occitanie","tag-republique-francaise","tag-toulouse"],"share_on_mastodon":{"url":"https:\/\/pubeurope.com\/@fr\/116761351244672207","error":""},"_links":{"self":[{"href":"https:\/\/www.europesays.com\/fr\/wp-json\/wp\/v2\/posts\/1004405","targetHints":{"allow":["GET"]}}],"collection":[{"href":"https:\/\/www.europesays.com\/fr\/wp-json\/wp\/v2\/posts"}],"about":[{"href":"https:\/\/www.europesays.com\/fr\/wp-json\/wp\/v2\/types\/post"}],"author":[{"embeddable":true,"href":"https:\/\/www.europesays.com\/fr\/wp-json\/wp\/v2\/users\/2"}],"replies":[{"embeddable":true,"href":"https:\/\/www.europesays.com\/fr\/wp-json\/wp\/v2\/comments?post=1004405"}],"version-history":[{"count":0,"href":"https:\/\/www.europesays.com\/fr\/wp-json\/wp\/v2\/posts\/1004405\/revisions"}],"wp:featuredmedia":[{"embeddable":true,"href":"https:\/\/www.europesays.com\/fr\/wp-json\/wp\/v2\/media\/1004406"}],"wp:attachment":[{"href":"https:\/\/www.europesays.com\/fr\/wp-json\/wp\/v2\/media?parent=1004405"}],"wp:term":[{"taxonomy":"category","embeddable":true,"href":"https:\/\/www.europesays.com\/fr\/wp-json\/wp\/v2\/categories?post=1004405"},{"taxonomy":"post_tag","embeddable":true,"href":"https:\/\/www.europesays.com\/fr\/wp-json\/wp\/v2\/tags?post=1004405"}],"curies":[{"name":"wp","href":"https:\/\/api.w.org\/{rel}","templated":true}]}}