{"id":100447,"date":"2025-05-14T22:39:11","date_gmt":"2025-05-14T22:39:11","guid":{"rendered":"https:\/\/www.europesays.com\/fr\/100447\/"},"modified":"2025-05-14T22:39:11","modified_gmt":"2025-05-14T22:39:11","slug":"delphine-ernotte-cunci-reconduite-sans-grande-surprise-a-la-tete-de-france-televisions-mediapart","status":"publish","type":"post","link":"https:\/\/www.europesays.com\/fr\/100447\/","title":{"rendered":"Delphine Ernotte Cunci reconduite sans grande surprise \u00e0 la t\u00eate de France T\u00e9l\u00e9visions &#8211; Mediapart"},"content":{"rendered":"<ol>\n<li><a href=\"https:\/\/news.google.com\/rss\/articles\/CBMi2AFBVV95cUxQZVhJSUV0YjNtQkNfcmtQckREZ1UyYTJnZUR6VkRNaFZvRVhDTFVISGo4RjJzRHk4OUYtWk9PbjZ3OE5FZ0VGUUowTW9wOXUxeGhnMTFRNEs5NVpsZXZkZ0pacWRaNGZvMjhmRkpYUGlTZHo0bHB0SDk3NkdyMFNGTHJVcm1YX3UxXy00MFZfSTEyOEdYNGhpUTE3Q1B4WkhxSzJpZTV3LWpFX09wSFFSa1NHeWFOVlZqUC13Wmh4OG93c1F3dmJQSzB1dUlMV1RwNUdRRU50cnE?oc=5\" target=\"_blank\" rel=\"noopener\">Delphine Ernotte Cunci reconduite sans grande surprise \u00e0 la t\u00eate de France T\u00e9l\u00e9visions<\/a>&nbsp;&nbsp;Mediapart<\/li>\n<li><a href=\"https:\/\/news.google.com\/rss\/articles\/CBMihgJBVV95cUxNLWhueGVscU9YeDhxTjlkY3E3aEU2U1NadXF3dEtwSExwMXkzY0FGYl9MNG83RHpwejlIam9tdUlranpPOURnNTFSUkNLSlZpUElWVTRfX1JTZllOcGdaTDZodDZlZ1h5aEJqRjRnYnpkT1pkMDA5RWVpbzZreGZ4QkZWanJiUWpfVGhkV0xuVlE0UVZpbmY1azRuVnI4LVdVc0FTM3dJWXU3SWxUYXBwYmNYOXBmWHZwbWFLQTFiUFJRcGtzQUljbm1BLUpQYUt4ajRXZ1BZYi1wOWFyM2xuUnA3TDN1SmpqODVIQXl1SHRnQmk4REUzanRyWlVQdnpRQnQyaWdB?oc=5\" target=\"_blank\" rel=\"noopener\">Delphine Ernotte Cunci reconduite \u00e0 la t\u00eate de France T\u00e9l\u00e9visions, ou le choix de la continuit\u00e9<\/a>&nbsp;&nbsp;Le Monde.fr<\/li>\n<li><a href=\"https:\/\/news.google.com\/rss\/articles\/CBMi1gFBVV95cUxQQmNnczN4VlRpTU5JOERCa0ZxcmVNZFY5QkcxVFJyaGowWTZYZDIyU0g3dFJTb0FPTEVYNlIxVzRaZGQ4MVZWMjIxVXZMMktYTk9zV0NocW44cXZlSWxNeWRzUlJ4QUZrVkdkUnVOdXdjNnNiRUhkSUtSRFNSNV92X2Jua3FQY285RHNJR1ptX1ZGd2hfcmhSNjIzRkc2YS1hRjBVSzB5Tng4dEQ5OG1hWi1tdVNlaXYwamlEZHIySEh2bjVhLTIzSVVLUTI5d2Y3R1lzYWV3?oc=5\" target=\"_blank\" rel=\"noopener\">Delphine Ernotte r\u00e9ussit l\u2019exploit de d\u00e9crocher un troisi\u00e8me mandat \u00e0 la t\u00eate de France T\u00e9l\u00e9visions<\/a>&nbsp;&nbsp;Le Figaro<\/li>\n<li><a href=\"https:\/\/news.google.com\/rss\/articles\/CBMi8AFBVV95cUxPc3ZjVE5LSjk1bGNUeW1sd3Ffcjh0eTdsVHZVeHlUbkNmRDRmREprdDZESktEWHRGdWtiYi0ybUhyUllLX2w2NTlUN0ttZXpfaEs4VmZ6V04xc2ZNMW4tNG1tSnAxbGhBQnJVNE9jNGZYWjFJUFhnWVhHMzBBNWtISTVTZFBGZERXYzUycEsyb3duU1VMNjBIelRVeXQ0dUxEdGFTeVNZWUU2N2dFZlZuT0FsZFNzYWRaSjdyUE9ObG00OWlDckZrTXdyNGFJeFJIUUJvV211ckZNY2RmaFNmM2ZKUFVkU3pkd196T3ZsSFg?oc=5\" target=\"_blank\" rel=\"noopener\">Delphine Ernotte (re)nomm\u00e9e pr\u00e9sidente de France T\u00e9l\u00e9visions jusqu\u2019en 2030. Mais en vrai, jusqu\u2019\u00e0 quand ?<\/a>&nbsp;&nbsp;Le Nouvel Obs<\/li>\n<li><a href=\"https:\/\/news.google.com\/rss\/articles\/CBMitwFBVV95cUxNaXlTajF1RzJnV1JnSmNFdDJRd3YxNFFMd1Q2OW1JczlQNEdEMUFCYnl1S1A3bm9ibERIWDdKSWF2SGMtNGpDamhSMGxiMXFRWUExNkRDV21IRXhOS3V1ZmNHdGhJSGhQUUh6RjF5R2NKbHFHUUFMbGFnbzFCcFRSNXlQaWNhMHZCUkw1UHBJLUtHTE53UUc1cHZUVHZ2Wl9zX0xlX1pCYjhhWjloS3RvNWRvUlZ2Zkk?oc=5\" target=\"_blank\" rel=\"noopener\">Audition pr\u00e9sidence France T\u00e9l\u00e9visions : Fr\u00e9d\u00e9rique Dumas pr\u00e9sente son projet<\/a>&nbsp;&nbsp;CB News<\/li>\n<\/ol>\n","protected":false},"excerpt":{"rendered":"Delphine Ernotte Cunci reconduite sans grande surprise \u00e0 la t\u00eate de France T\u00e9l\u00e9visions&nbsp;&nbsp;Mediapart Delphine Ernotte Cunci reconduite \u00e0&hellip;\n","protected":false},"author":2,"featured_media":100448,"comment_status":"","ping_status":"","sticky":false,"template":"","format":"standard","meta":{"footnotes":""},"categories":[1356],"tags":[11255,58,59,1011,27,2400,500,417,252,1364],"class_list":{"0":"post-100447","1":"post","2":"type-post","3":"status-publish","4":"format-standard","5":"has-post-thumbnail","7":"category-television","8":"tag-delphine-ernotte","9":"tag-divertissement","10":"tag-entertainment","11":"tag-fr","12":"tag-france","13":"tag-france-televisions","14":"tag-medias","15":"tag-rachida-dati","16":"tag-television","17":"tag-tv"},"share_on_mastodon":{"url":"https:\/\/pubeurope.com\/@fr\/114508592826188669","error":""},"_links":{"self":[{"href":"https:\/\/www.europesays.com\/fr\/wp-json\/wp\/v2\/posts\/100447","targetHints":{"allow":["GET"]}}],"collection":[{"href":"https:\/\/www.europesays.com\/fr\/wp-json\/wp\/v2\/posts"}],"about":[{"href":"https:\/\/www.europesays.com\/fr\/wp-json\/wp\/v2\/types\/post"}],"author":[{"embeddable":true,"href":"https:\/\/www.europesays.com\/fr\/wp-json\/wp\/v2\/users\/2"}],"replies":[{"embeddable":true,"href":"https:\/\/www.europesays.com\/fr\/wp-json\/wp\/v2\/comments?post=100447"}],"version-history":[{"count":0,"href":"https:\/\/www.europesays.com\/fr\/wp-json\/wp\/v2\/posts\/100447\/revisions"}],"wp:featuredmedia":[{"embeddable":true,"href":"https:\/\/www.europesays.com\/fr\/wp-json\/wp\/v2\/media\/100448"}],"wp:attachment":[{"href":"https:\/\/www.europesays.com\/fr\/wp-json\/wp\/v2\/media?parent=100447"}],"wp:term":[{"taxonomy":"category","embeddable":true,"href":"https:\/\/www.europesays.com\/fr\/wp-json\/wp\/v2\/categories?post=100447"},{"taxonomy":"post_tag","embeddable":true,"href":"https:\/\/www.europesays.com\/fr\/wp-json\/wp\/v2\/tags?post=100447"}],"curies":[{"name":"wp","href":"https:\/\/api.w.org\/{rel}","templated":true}]}}