{"id":1004582,"date":"2026-06-16T21:02:15","date_gmt":"2026-06-16T21:02:15","guid":{"rendered":"https:\/\/www.europesays.com\/fr\/1004582\/"},"modified":"2026-06-16T21:02:15","modified_gmt":"2026-06-16T21:02:15","slug":"ecosse-des-moustiques-responsables-de-la-proliferation-dun-nouveau-virus-tropical-sous-haute-surveillance","status":"publish","type":"post","link":"https:\/\/www.europesays.com\/fr\/1004582\/","title":{"rendered":"\u00c9cosse : des moustiques responsables de la prolif\u00e9ration d&rsquo;un nouveau virus tropical sous haute surveillance"},"content":{"rendered":"<p>\n    Le virus tropical Usutu, identifi\u00e9 pour la premi\u00e8re fois en avril, commence \u00e0 se propager dans la nation britannique en raison du changement climatique.<\/p>\n<p class=\"fig-paragraph\">Les scientifiques \u00e9cossais ne pensaient pas voir \u00e7a de leur vivant\u00a0: un<a href=\"http:\/\/www.lefigaro.fr\/international\/ebola-deux-nouveaux-cas-confirmes-d-infection-au-virus-en-ouganda-20260525\" data-fig-type=\"NewsFlash\" data-gtm-custom-categorie=\"navigation\" data-gtm-custom-action=\"crossclick\" data-gtm-custom-label=\"Contextuel\" data-gtm-event=\"customEventSPE\" data-fig-domain=\"LEFIGARO\" rel=\"nofollow noopener\" target=\"_blank\">\u00a0virus<\/a>\u00a0tropical provoque des d\u00e9c\u00e8s massifs d&rsquo;oiseaux sur l&rsquo;\u00eele d&rsquo;Arran, v\u00e9hicul\u00e9 par des\u00a0<a href=\"http:\/\/www.lefigaro.fr\/vox\/societe\/bertrand-de-saint-vincent-le-moustique-tigre-arme-fatale-en-occident-20260606\" data-fig-type=\"Article\" data-gtm-custom-categorie=\"navigation\" data-gtm-custom-action=\"crossclick\" data-gtm-custom-label=\"Contextuel\" data-gtm-event=\"customEventSPE\" data-fig-domain=\"LEFIGARO\" rel=\"nofollow noopener\" target=\"_blank\">moustiques<\/a>\u00a0jusqu&rsquo;alors peu pr\u00e9sents dans ces contr\u00e9es o\u00f9 ils commencent \u00e0 prolif\u00e9rer en raison du changement climatique.<\/p>\n<p class=\"fig-paragraph\">\u00c9quip\u00e9s de pi\u00e8ges \u00e0 moustiques et d&rsquo;\u00e9puisettes, les chercheurs de l&rsquo;universit\u00e9 de Glasgow ratissent la campagne \u00e9cossaise, \u00e0 la recherche d&rsquo;un minuscule insecte (4 \u00e0 10 mm) qui passe souvent inaper\u00e7u avec sa couleur brun-gris\u00a0: Culex pipiens. Il est responsable de l&rsquo;arriv\u00e9e dans la nation britannique du virus Usutu, identifi\u00e9 pour la premi\u00e8re fois en avril, et qui jusqu&rsquo;ici circulait bien plus au sud de l&rsquo;Europe.<\/p>\n<p>                                                <a class=\"fig-a11y-skip\" href=\"#fig-a11y-skip-main-inarticle\" is=\"fig-a11y-skip\" data-trigger-mode=\"visible-once\"><br \/>\n    Passer la publicit\u00e9<br \/>\n<\/a>            <\/p>\n<p class=\"fig-paragraph\">\u00abSi vous m&rsquo;aviez demand\u00e9 il y a dix ans quel \u00e9tait le risque de voir appara\u00eetre une maladie transmise par les moustiques en \u00c9cosse, j&rsquo;aurais pens\u00e9 (&#8230;) que je ne le verrais pas de mon vivant. Mais le changement climatique a consid\u00e9rablement acc\u00e9l\u00e9r\u00e9 le rythme de ces changements\u00bb, explique Heather Ferguson, professeure d&rsquo;\u00e9cologie des maladies infectieuses \u00e0 l&rsquo;universit\u00e9 de Glasgow.<\/p>\n<p>                                                Signal d\u2019alarme<\/p>\n<p class=\"fig-paragraph\">Tout a commenc\u00e9 \u00e0 l&rsquo;\u00e9t\u00e9 2025. Des habitants de l&rsquo;\u00eele d&rsquo;Arran, au sud de Glasgow, ont commenc\u00e9 \u00e0 voir des merles avec des \u00absympt\u00f4mes \u00e9tranges\u00bb: affaiblis, d\u00e9sorient\u00e9s, \u00abavec le cou tordu\u00bb, ils semblaient ne plus pouvoir se nourrir, avant de mourir par dizaines. Alert\u00e9e plusieurs mois apr\u00e8s, une v\u00e9t\u00e9rinaire locale envoie leurs d\u00e9pouilles pour analyses. Verdict\u00a0: ils ont \u00e9t\u00e9 victimes du virus Usutu transmis par des piq\u00fbres de moustique.<\/p>\n<p class=\"fig-paragraph\">D\u00e9tect\u00e9 pour la premi\u00e8re fois en 1959 au Swaziland (aujourd&rsquo;hui Eswatini), pr\u00e8s d&rsquo;une rivi\u00e8re dont il a tir\u00e9 son nom, Usutu s\u00e9vit en Europe depuis les ann\u00e9es 2000. Mais jamais il ne s&rsquo;\u00e9tait aventur\u00e9 si au nord. \u00abOn ne pensait pas que c&rsquo;\u00e9tait possible, parce que les conditions climatiques \u00e9taient encore trop froides\u00bb, explique Mme Ferguson.<\/p>\n<p class=\"fig-paragraph\">Culex Pipiens prosp\u00e8re autour de 25\u00b0C. Avec le r\u00e9chauffement plan\u00e9taire, ces temp\u00e9ratures autrefois rares au Royaume-Uni sont d\u00e9sormais r\u00e9guli\u00e8rement atteintes. 2025 a \u00e9t\u00e9 l&rsquo;ann\u00e9e la plus chaude jamais enregistr\u00e9e dans le pays, avec un record local de 32,2\u00b0C en juillet \u00e0 Aviemore dans les Highlands. Voir arriver de tels virus jusqu&rsquo;en \u00c9cosse, c&rsquo;est \u00abun signal d&rsquo;alarme\u00a0: le risque se rapproche de chez nous (&#8230;). Nous devons nous y pr\u00e9parer\u00bb, souligne la scientifique.<\/p>\n<p>                                                \u00abL\u2019Usutu est le premier signe de maladies plus graves\u00bb<\/p>\n<p class=\"fig-paragraph\">Pour l&rsquo;heure, les menaces de transmission \u00e0 l&rsquo;homme de l&rsquo;Usutu sont limit\u00e9es &#8211; 235 cas selon une \u00e9tude publi\u00e9e fin 2024 dans la revue Viruses. Mais, note Heather Ferguson, \u00abdans d&rsquo;autres r\u00e9gions d&rsquo;Europe continentale, (&#8230;) l&rsquo;Usutu est le premier signe de maladies plus graves\u00bb comme le virus du Nil occidental, qui peut affecter la sant\u00e9 humaine. Ce virus a \u00e9t\u00e9 d\u00e9tect\u00e9 pour la premi\u00e8re fois dans des moustiques britanniques en mai 2025.<\/p>\n<p>                                                <a class=\"fig-a11y-skip\" href=\"#fig-a11y-skip-main-inarticle_mtf\" is=\"fig-a11y-skip\" data-trigger-mode=\"visible-once\"><br \/>\n    Passer la publicit\u00e9<br \/>\n<\/a>            <\/p>\n<p class=\"fig-paragraph\">C&rsquo;est pourquoi les chercheurs de Glasgow m\u00e8nent d\u00e9j\u00e0 une s\u00e9rie de tests en laboratoire pour \u00e9tudier les m\u00e9canismes de transmission des virus par les moustiques aux animaux, mais aussi \u00e0 l&rsquo;homme. Premier constat: des temp\u00e9ratures plus \u00e9lev\u00e9es favorisent la prolif\u00e9ration des moustiques (&#8230;) mais aussi leur capacit\u00e9 \u00e0 transmettre des virus.<\/p>\n<p class=\"fig-paragraph\">\u00abPar temps froid, les moustiques ne transmettent pas de maladies car la temp\u00e9rature est insuffisante pour que le virus puisse survivre \u00e0 l&rsquo;int\u00e9rieur du moustique. La transmission est donc impossible. Il existe donc un \u00e9quilibre entre la temp\u00e9rature \u00e0 laquelle les moustiques peuvent survivre et celle que le virus pr\u00e9f\u00e8re, ainsi qu&rsquo;une interaction entre ces deux facteurs\u00bb, explique \u00c9milie Pondeville, chercheuse au centre de recherche sur les virus de l&rsquo;universit\u00e9 de Glasgow.<\/p>\n<p>                                                Les experts craignent l\u2019extinction de plusieurs oiseaux<\/p>\n<p class=\"fig-paragraph\">Pour l&rsquo;instant, ce qui inqui\u00e8te surtout les biologistes est l&rsquo;impact des virus transmis par les moustiques sur certains oiseaux. L&rsquo;Usutu a d\u00e9j\u00e0 d\u00e9cim\u00e9 certaines populations de merles, notamment en Autriche en 2001 et en Europe de l&rsquo;Est en 2018. Le virus touche aussi les chouettes, les rapaces et plusieurs passereaux.<\/p>\n<p class=\"fig-paragraph\">\u00c0 terme, la multiplication des moustiques pourrait conduire \u00e0 l&rsquo;extinction de plusieurs oiseaux, craignent les experts. \u00c0 Hawa\u00ef, l&rsquo;arriv\u00e9e de Culex quinquefasciatus, cousin tropical de Culex Pipiens et agent de transmission du paludisme aviaire, a d\u00e9j\u00e0 provoqu\u00e9 la disparition de plusieurs esp\u00e8ces, comme Po&rsquo;ouli, petit oiseau chanteur end\u00e9mique de Maui.<\/p>\n<p class=\"fig-paragraph\">D&rsquo;autres, comme l&rsquo;Akikiki ou l&#8217;embl\u00e9matique I&rsquo;iwi au plumage rougeoyant, en partie d\u00e9cim\u00e9es, ont tent\u00e9 de trouver refuge en altitude. Mais avec le r\u00e9chauffement climatique, le moustique et ses agents pathog\u00e8nes se d\u00e9veloppent au-dessus de 1500 m\u00e8tres.<\/p>\n","protected":false},"excerpt":{"rendered":"Le virus tropical Usutu, identifi\u00e9 pour la premi\u00e8re fois en avril, commence \u00e0 se propager dans la nation&hellip;\n","protected":false},"author":2,"featured_media":1004583,"comment_status":"","ping_status":"","sticky":false,"template":"","format":"standard","meta":{"footnotes":"","_share_on_mastodon":"0"},"categories":[10],"tags":[442,228,440,6609,441,436,1011,27,72,226,439,229,71,435,437,227,438,5336],"class_list":["post-1004582","post","type-post","status-publish","format-standard","has-post-thumbnail","category-sante","tag-administration-de-la-sante","tag-diagnostic","tag-droit-a-la-sante","tag-ecosse","tag-education-sanitaire-education-sanitaire-individuelle-et-collective","tag-environnement","tag-fr","tag-france","tag-health","tag-maladie","tag-niveau-de-vie","tag-pathologie","tag-sante","tag-sante-de-la-population","tag-services-medicaux","tag-traitement","tag-traitement-preventif","tag-virus"],"share_on_mastodon":{"url":"https:\/\/pubeurope.com\/@fr\/116761811193873226","error":""},"_links":{"self":[{"href":"https:\/\/www.europesays.com\/fr\/wp-json\/wp\/v2\/posts\/1004582","targetHints":{"allow":["GET"]}}],"collection":[{"href":"https:\/\/www.europesays.com\/fr\/wp-json\/wp\/v2\/posts"}],"about":[{"href":"https:\/\/www.europesays.com\/fr\/wp-json\/wp\/v2\/types\/post"}],"author":[{"embeddable":true,"href":"https:\/\/www.europesays.com\/fr\/wp-json\/wp\/v2\/users\/2"}],"replies":[{"embeddable":true,"href":"https:\/\/www.europesays.com\/fr\/wp-json\/wp\/v2\/comments?post=1004582"}],"version-history":[{"count":0,"href":"https:\/\/www.europesays.com\/fr\/wp-json\/wp\/v2\/posts\/1004582\/revisions"}],"wp:featuredmedia":[{"embeddable":true,"href":"https:\/\/www.europesays.com\/fr\/wp-json\/wp\/v2\/media\/1004583"}],"wp:attachment":[{"href":"https:\/\/www.europesays.com\/fr\/wp-json\/wp\/v2\/media?parent=1004582"}],"wp:term":[{"taxonomy":"category","embeddable":true,"href":"https:\/\/www.europesays.com\/fr\/wp-json\/wp\/v2\/categories?post=1004582"},{"taxonomy":"post_tag","embeddable":true,"href":"https:\/\/www.europesays.com\/fr\/wp-json\/wp\/v2\/tags?post=1004582"}],"curies":[{"name":"wp","href":"https:\/\/api.w.org\/{rel}","templated":true}]}}