{"id":1004808,"date":"2026-06-16T23:28:18","date_gmt":"2026-06-16T23:28:18","guid":{"rendered":"https:\/\/www.europesays.com\/fr\/1004808\/"},"modified":"2026-06-16T23:28:18","modified_gmt":"2026-06-16T23:28:18","slug":"marie-christine-dran-devoile-son-eclat-de-couleurs-au-pole-culturel-de-plumeliau","status":"publish","type":"post","link":"https:\/\/www.europesays.com\/fr\/1004808\/","title":{"rendered":"Marie-Christine Dran d\u00e9voile son \u00ab\u00a0\u00c9clat de couleurs\u00a0\u00bb au p\u00f4le culturel de Plum\u00e9liau"},"content":{"rendered":"<p>Derri\u00e8re cette exposition, \u00e0 la m\u00e9diath\u00e8que de<a href=\"https:\/\/www.ouest-france.fr\/bretagne\/plumeliau-bieuzy-56930\/\" rel=\"nofollow noopener\" target=\"_blank\"> Plum\u00e9liau\u00a0(Morbihan)<\/a>, se cache une histoire singuli\u00e8re, n\u00e9e d\u2019un pari audacieux en 2019. Alors qu\u2019elle admire une \u0153uvre sur un catalogue avec un proche, Marie-Christine Dran lance\u00a0: Je suis capable de le faire. Le d\u00e9fi est relev\u00e9. Son premier tableau voit le jour. Mais la pand\u00e9mie du Covid-19\u00a0ralentit ses \u00e9lans, par manque de mat\u00e9riel. C\u2019est finalement en 2022 qu\u2019elle s\u2019y consacre pleinement.<\/p>\n<p>        \u00ab\u00a0Je mets un temps infini \u00e0 d\u00e9cider si le tableau me convient\u00a0\u00bb<\/p>\n<p>Si elle dessine avec aisance depuis son plus jeune \u00e2ge, le passage aux pinceaux a demand\u00e9 un vrai temps d\u2019apprentissage\u00a0: Au d\u00e9part, ce sont les couleurs qui me posaient probl\u00e8me et j\u2019ai appris \u00e0 les m\u00e9langer, confie l\u2019artiste\u00a0autodidacte, qui a d\u00fb multiplier les essais. Sa peinture est le fruit d\u2019un travail solitaire et secret\u00a0: Je peins lorsque je suis seule chez moi, \u00e0 tel point que certaines personnes ne connaissaient pas mon go\u00fbt pour la peinture et l\u2019ont d\u00e9couvert avec cette exposition.<\/p>\n<p>Tout son univers se d\u00e9ploie \u00e0 partir d\u2019une feuille blanche\u00a0: Je peins ce que j\u2019aime, comme les animaux, mais aussi les paysages o\u00f9 j\u2019aimerais me trouver ou que j\u2019observerais \u00e0 travers une fen\u00eatre.<\/p>\n<p>L\u2019artiste fait preuve d\u2019une grande rigueur envers son travail. Si une toile ne lui convient pas, elle la repeint enti\u00e8rement en noir, puis redessine par-dessus, notamment des animaux, pour mieux les faire ressortir. Le doute persiste souvent jusqu\u2019au dernier moment\u00a0: Une fois que j\u2019ai fini un tableau, je mets un temps infini \u00e0 d\u00e9cider s\u2019il me convient. J\u2019attends la critique de ma part ou de mes proches avant de le signer.<\/p>\n<p>Exposition jusqu\u2019au 31\u00a0juillet \u00e0 la m\u00e9diath\u00e8que de Plum\u00e9liau\u00a0(Morbihan). Quelques-unes sont \u00e9galement expos\u00e9es \u00e0 la m\u00e9diath\u00e8que de Bieuzy.<\/p>\n<p>        Autres temps forts du p\u00f4le culturel<\/p>\n<p>La Micro-Folie propose, mercredi 17\u00a0juin, \u00e0 15\u00a0h, un go\u00fbter-op\u00e9ra, autour de Bastien et Bastienne, de Mozart. Mercredi 1er\u00a0juillet, \u00e0 14\u00a0h\u00a030, les participants pourront s\u2019essayer \u00e0 la sculpture d\u2019argile, inspir\u00e9e de \u00ab\u00a0La Petite Danseuse\u00a0\u00bb de Degas.<\/p>\n<p>C\u00f4t\u00e9 musique, une balade musicale est pr\u00e9vue samedi 4\u00a0juillet, \u00e0 14\u00a0h\u00a030, avec l\u2019association L\u2019Abeille buissonni\u00e8re. Mercredi 8\u00a0juillet, \u00e0 14\u00a0h\u00a030, un \u00ab\u00a0Apr\u00e8s-midi en musique\u00a0\u00bb avec\u00a0blind tests, Just dance et jeux festifs, rassemblera petits et grands dans une ambiance conviviale.<\/p>\n<p>Pour les plus jeunes lecteurs, \u00ab\u00a0Croq\u2019histoires\u00a0\u00bb aura lieu mercredi 24\u00a0juin \u00e0 15\u00a0h\u00a030. Les amateurs de lecture ont rendez-vous mardi 7\u00a0juillet, \u00e0 18\u00a0h, pour le caf\u00e9 litt\u00e9raire \u00ab\u00a0\u00c0 la page\u00a0!\u00a0\u00bb. Un Ap\u00e9ro romance est \u00e9galement annonc\u00e9 vendredi 24\u00a0juillet, \u00e0 18\u00a0h. Pour les plus jeunes, \u00ab\u00a0Croq\u2019histoires\u00a0\u00bb aura lieu mercredi 24\u00a0juin \u00e0 15\u00a0h\u00a030.<\/p>\n<p><strong>Contact\u00a0: <\/strong>tel. 02\u00a097\u00a007\u00a082\u00a020<\/p>\n","protected":false},"excerpt":{"rendered":"Derri\u00e8re cette exposition, \u00e0 la m\u00e9diath\u00e8que de Plum\u00e9liau\u00a0(Morbihan), se cache une histoire singuli\u00e8re, n\u00e9e d\u2019un pari audacieux en&hellip;\n","protected":false},"author":2,"featured_media":1004809,"comment_status":"","ping_status":"","sticky":false,"template":"","format":"standard","meta":{"footnotes":"","_share_on_mastodon":"0"},"categories":[1358],"tags":[1348,1384,1385,27953,1386,58,59,1349,1011,27,22567,105270,6099],"class_list":["post-1004808","post","type-post","status-publish","format-standard","has-post-thumbnail","category-arts-et-design","tag-arts","tag-arts-and-design","tag-arts-et-design","tag-baud","tag-design","tag-divertissement","tag-entertainment","tag-expositions","tag-fr","tag-france","tag-locmine","tag-plumeliau-bieuzy","tag-pontivy"],"share_on_mastodon":{"url":"https:\/\/pubeurope.com\/@fr\/116762385225282650","error":""},"_links":{"self":[{"href":"https:\/\/www.europesays.com\/fr\/wp-json\/wp\/v2\/posts\/1004808","targetHints":{"allow":["GET"]}}],"collection":[{"href":"https:\/\/www.europesays.com\/fr\/wp-json\/wp\/v2\/posts"}],"about":[{"href":"https:\/\/www.europesays.com\/fr\/wp-json\/wp\/v2\/types\/post"}],"author":[{"embeddable":true,"href":"https:\/\/www.europesays.com\/fr\/wp-json\/wp\/v2\/users\/2"}],"replies":[{"embeddable":true,"href":"https:\/\/www.europesays.com\/fr\/wp-json\/wp\/v2\/comments?post=1004808"}],"version-history":[{"count":0,"href":"https:\/\/www.europesays.com\/fr\/wp-json\/wp\/v2\/posts\/1004808\/revisions"}],"wp:featuredmedia":[{"embeddable":true,"href":"https:\/\/www.europesays.com\/fr\/wp-json\/wp\/v2\/media\/1004809"}],"wp:attachment":[{"href":"https:\/\/www.europesays.com\/fr\/wp-json\/wp\/v2\/media?parent=1004808"}],"wp:term":[{"taxonomy":"category","embeddable":true,"href":"https:\/\/www.europesays.com\/fr\/wp-json\/wp\/v2\/categories?post=1004808"},{"taxonomy":"post_tag","embeddable":true,"href":"https:\/\/www.europesays.com\/fr\/wp-json\/wp\/v2\/tags?post=1004808"}],"curies":[{"name":"wp","href":"https:\/\/api.w.org\/{rel}","templated":true}]}}