{"id":100488,"date":"2025-05-14T23:03:30","date_gmt":"2025-05-14T23:03:30","guid":{"rendered":"https:\/\/www.europesays.com\/fr\/100488\/"},"modified":"2025-05-14T23:03:30","modified_gmt":"2025-05-14T23:03:30","slug":"une-nouvelle-destination-souvre-bientot-vers-linternational-et-le-soleil","status":"publish","type":"post","link":"https:\/\/www.europesays.com\/fr\/100488\/","title":{"rendered":"une nouvelle destination s&rsquo;ouvre bient\u00f4t vers l&rsquo;international (et le soleil !)"},"content":{"rendered":"<p>Les vols, assur\u00e9s deux fois par semaine, seront propos\u00e9s les lundis et vendredis par la compagnie Transavia. On vous explique.<\/p>\n<p>      <img loading=\"lazy\"   decoding=\"async\" src=\"https:\/\/www.europesays.com\/fr\/wp-content\/uploads\/2025\/05\/transavia-aeroport-de-rennes-avion-960x640.jpg\" alt=\"xxx\" width=\"960\" height=\"640\"\/><br \/>\n    La compagnie Transavia assurera deux vols par semaine, les lundis et vendredis, d\u00e8s l\u2019automne 2025. (\u00a9 A\u00e9roport de Rennes)                <\/p>\n<p>            Par<br \/>\n        <strong><br \/>\n            <a href=\"https:\/\/actu.fr\/auteur\/laurene-fertin\" title=\"Consulter tous les articles de Laur\u00e8ne Fertin\" target=\"_blank\" rel=\"noopener\">Laur\u00e8ne Fertin<\/a><br \/>\n        <\/strong><\/p>\n<p>        Publi\u00e9 le<\/p>\n<p>            14 mai 2025 \u00e0 16h32        <\/p>\n<p><a href=\"https:\/\/actu.fr\/marseille\/\" target=\"_blank\" rel=\"noopener\">Marseille<\/a>, <a href=\"https:\/\/actu.fr\/bretagne\/rennes_35238\/aeroport-de-rennes-une-nouvelle-ligne-inauguree-direction-le-sud-de-la-france-et-le-soleil_61838815.html\" target=\"_blank\" rel=\"noopener\">Montpellier<\/a> ou encore r\u00e9cemment <a href=\"https:\/\/actu.fr\/bretagne\/rennes_35238\/aeroport-de-rennes-volotea-ouvre-une-nouvelle-ligne-vers-le-sud-de-la-france-et-concurrence-twin-jet_62399849.html\" target=\"_blank\" rel=\"noopener\">Toulouse<\/a>\u2026 <a href=\"https:\/\/actu.fr\/tag\/aeroport-de-rennes\" target=\"_blank\" rel=\"noopener\">L\u2019a\u00e9roport de Rennes<\/a> diversifie son offre et ouvre <strong>de nouvelles lignes<\/strong> pour ses voyageurs et voyageuses.<\/p>\n<p class=\" wall-content\"><strong>D\u00e8s l\u2019automne 2025<\/strong>, une <strong>nouvelle destination<\/strong> \u00e0 <strong>l\u2019international<\/strong> sera propos\u00e9e.<\/p>\n<p>La compagnie Transavia<\/p>\n<p class=\" wall-content\">\u00c0 compter du <strong>22\u00a0octobre 2025<\/strong>, la compagnie <strong>Transavia<\/strong> proposera des vols vers <strong>Agadir<\/strong> au <strong>Maroc.<\/strong><\/p>\n<p class=\" wall-content\">Apr\u00e8s avoir investi <a href=\"https:\/\/actu.fr\/bretagne\/rennes_35238\/aeroport-de-rennes-une-ligne-internationale-va-faire-son-grand-retour-en-octobre-2024_60991116.html\" target=\"_blank\" rel=\"noopener\">la ville de Marrakech<\/a>, \u00e0 l\u2019automne 2024, direction d\u00e9sormais Agadir. Et ce, <strong>deux fois par semaine les lundis et vendredis<\/strong>.<\/p>\n<p class=\" wall-content\">Suivez toute l\u2019actualit\u00e9 de vos villes et m\u00e9dias favoris en vous inscrivant \u00e0 <a href=\"https:\/\/moncompte.actu.fr\" title=\"D\u00e9couvez Mon Actu\" rel=\"nofollow noopener\" data-trk=\"{&quot;cta&quot;:{&quot;action&quot;:&quot;https:\\\/\\\/moncompte.actu.fr&quot;,&quot;category&quot;:&quot;mon compte&quot;,&quot;from&quot;:&quot;article footer&quot;,&quot;name&quot;:&quot;Mon actu&quot;,&quot;type&quot;:&quot;cta&quot;}}\" target=\"_blank\">Mon Actu<\/a>.<\/p>\n","protected":false},"excerpt":{"rendered":"Les vols, assur\u00e9s deux fois par semaine, seront propos\u00e9s les lundis et vendredis par la compagnie Transavia. On&hellip;\n","protected":false},"author":2,"featured_media":100489,"comment_status":"","ping_status":"","sticky":false,"template":"","format":"standard","meta":{"footnotes":""},"categories":[2821],"tags":[1111,11,21542,829,1777,674,3727,1011,27,1652,2223,12,584,25,586],"class_list":{"0":"post-100488","1":"post","2":"type-post","3":"status-publish","4":"format-standard","5":"has-post-thumbnail","7":"category-rennes","8":"tag-actu","9":"tag-actualites","10":"tag-aeroport-de-rennes","11":"tag-bretagne","12":"tag-eu","13":"tag-europe","14":"tag-evasion","15":"tag-fr","16":"tag-france","17":"tag-loisirs-culture","18":"tag-maroc","19":"tag-news","20":"tag-rennes","21":"tag-republique-francaise","22":"tag-voyage"},"share_on_mastodon":{"url":"https:\/\/pubeurope.com\/@fr\/114508687261969281","error":""},"_links":{"self":[{"href":"https:\/\/www.europesays.com\/fr\/wp-json\/wp\/v2\/posts\/100488","targetHints":{"allow":["GET"]}}],"collection":[{"href":"https:\/\/www.europesays.com\/fr\/wp-json\/wp\/v2\/posts"}],"about":[{"href":"https:\/\/www.europesays.com\/fr\/wp-json\/wp\/v2\/types\/post"}],"author":[{"embeddable":true,"href":"https:\/\/www.europesays.com\/fr\/wp-json\/wp\/v2\/users\/2"}],"replies":[{"embeddable":true,"href":"https:\/\/www.europesays.com\/fr\/wp-json\/wp\/v2\/comments?post=100488"}],"version-history":[{"count":0,"href":"https:\/\/www.europesays.com\/fr\/wp-json\/wp\/v2\/posts\/100488\/revisions"}],"wp:featuredmedia":[{"embeddable":true,"href":"https:\/\/www.europesays.com\/fr\/wp-json\/wp\/v2\/media\/100489"}],"wp:attachment":[{"href":"https:\/\/www.europesays.com\/fr\/wp-json\/wp\/v2\/media?parent=100488"}],"wp:term":[{"taxonomy":"category","embeddable":true,"href":"https:\/\/www.europesays.com\/fr\/wp-json\/wp\/v2\/categories?post=100488"},{"taxonomy":"post_tag","embeddable":true,"href":"https:\/\/www.europesays.com\/fr\/wp-json\/wp\/v2\/tags?post=100488"}],"curies":[{"name":"wp","href":"https:\/\/api.w.org\/{rel}","templated":true}]}}