{"id":100493,"date":"2025-05-14T23:06:09","date_gmt":"2025-05-14T23:06:09","guid":{"rendered":"https:\/\/www.europesays.com\/fr\/100493\/"},"modified":"2025-05-14T23:06:09","modified_gmt":"2025-05-14T23:06:09","slug":"previsions-du-jeudi-15-mai-2025-2","status":"publish","type":"post","link":"https:\/\/www.europesays.com\/fr\/100493\/","title":{"rendered":"pr\u00e9visions du jeudi 15 mai 2025"},"content":{"rendered":"<p>La journ\u00e9e qui s&rsquo;annonce \u00e0 Nice, promet d&rsquo;\u00eatre superbe et ensoleill\u00e9e ! Les temp\u00e9ratures avoisineront les 17\u00b0C. Un vent de nord-ouest rafra\u00eechira l\u00e9g\u00e8rement l&rsquo;atmosph\u00e8re. Le matin, on pr\u00e9voit des temp\u00e9ratures avoisinant 19\u00b0C. Les maximales pourront atteindre 20\u00b0C dans l&rsquo;apr\u00e8s-midi alors que les minimales seront de 19\u00b0C. Il faudra emporter son parapluie le soir pour se prot\u00e9ger des pluies \u00e9parses. Les valeurs avoisineront les 16\u00b0C. Entre jeudi et vendredi, la nuit sera claire.<\/p>\n<p>Demain, \u00e0 Nice, on sera sous un ciel bien maussade, couvert de nuages. Intemp\u00e9ries : on pr\u00e9voit des pluies \u00e9parses. Le mercure affichera 17\u00b0C en moyenne. Un petit vent de sud-ouest sera ressenti par les habitants. Les temp\u00e9ratures s&rsquo;\u00e9chelonneront entre 16 et 18\u00b0C durant la matin\u00e9e. Le soleil aura du mal \u00e0 percer au milieu des nuages qui persisteront dans l&rsquo;apr\u00e8s-midi. Les valeurs seront de 18\u00b0C au minimum et de 19\u00b0C au maximum. Il va faire 16\u00b0C en moyenne demain soir.<\/p>\n<p>La m\u00e9t\u00e9o va s&rsquo;am\u00e9liorer dans les journ\u00e9es qui suivent. Comptez sur 17\u00b0C en moyenne qui accompagneront des journ\u00e9es ensoleill\u00e9es.<\/p>\n<p><\/p>\n","protected":false},"excerpt":{"rendered":"La journ\u00e9e qui s&rsquo;annonce \u00e0 Nice, promet d&rsquo;\u00eatre superbe et ensoleill\u00e9e ! Les temp\u00e9ratures avoisineront les 17\u00b0C. Un&hellip;\n","protected":false},"author":2,"featured_media":100494,"comment_status":"","ping_status":"","sticky":false,"template":"","format":"standard","meta":{"footnotes":""},"categories":[2819],"tags":[1111,11,2898,1777,674,1011,27,12,2401,883,2119,882,25],"class_list":{"0":"post-100493","1":"post","2":"type-post","3":"status-publish","4":"format-standard","5":"has-post-thumbnail","7":"category-nice","8":"tag-actu","9":"tag-actualites","10":"tag-alpes-maritimes","11":"tag-eu","12":"tag-europe","13":"tag-fr","14":"tag-france","15":"tag-news","16":"tag-nice","17":"tag-paca","18":"tag-previsions-meteo","19":"tag-provence-alpes-cote-dazur","20":"tag-republique-francaise"},"share_on_mastodon":{"url":"https:\/\/pubeurope.com\/@fr\/114508699047980515","error":""},"_links":{"self":[{"href":"https:\/\/www.europesays.com\/fr\/wp-json\/wp\/v2\/posts\/100493","targetHints":{"allow":["GET"]}}],"collection":[{"href":"https:\/\/www.europesays.com\/fr\/wp-json\/wp\/v2\/posts"}],"about":[{"href":"https:\/\/www.europesays.com\/fr\/wp-json\/wp\/v2\/types\/post"}],"author":[{"embeddable":true,"href":"https:\/\/www.europesays.com\/fr\/wp-json\/wp\/v2\/users\/2"}],"replies":[{"embeddable":true,"href":"https:\/\/www.europesays.com\/fr\/wp-json\/wp\/v2\/comments?post=100493"}],"version-history":[{"count":0,"href":"https:\/\/www.europesays.com\/fr\/wp-json\/wp\/v2\/posts\/100493\/revisions"}],"wp:featuredmedia":[{"embeddable":true,"href":"https:\/\/www.europesays.com\/fr\/wp-json\/wp\/v2\/media\/100494"}],"wp:attachment":[{"href":"https:\/\/www.europesays.com\/fr\/wp-json\/wp\/v2\/media?parent=100493"}],"wp:term":[{"taxonomy":"category","embeddable":true,"href":"https:\/\/www.europesays.com\/fr\/wp-json\/wp\/v2\/categories?post=100493"},{"taxonomy":"post_tag","embeddable":true,"href":"https:\/\/www.europesays.com\/fr\/wp-json\/wp\/v2\/tags?post=100493"}],"curies":[{"name":"wp","href":"https:\/\/api.w.org\/{rel}","templated":true}]}}