{"id":1004978,"date":"2026-06-17T01:18:23","date_gmt":"2026-06-17T01:18:23","guid":{"rendered":"https:\/\/www.europesays.com\/fr\/1004978\/"},"modified":"2026-06-17T01:18:23","modified_gmt":"2026-06-17T01:18:23","slug":"dncg-les-decisions-sont-tombees-un-adversaire-des-girondins-retrograde","status":"publish","type":"post","link":"https:\/\/www.europesays.com\/fr\/1004978\/","title":{"rendered":"DNCG : les d\u00e9cisions sont tomb\u00e9es, un adversaire des Girondins r\u00e9trograd\u00e9"},"content":{"rendered":"<p><img decoding=\"async\" src=\"https:\/\/www.europesays.com\/fr\/wp-content\/uploads\/2026\/06\/671_71c424a03c806d565731aba2b87c024d.png\" alt=\"DNCG : les d\u00e9cisions sont tomb\u00e9es, un adversaire des Girondins r\u00e9trograd\u00e9\" class=\"img-responsive mt-3\"\/><\/p>\n<p class=\"text-center mb-3\" style=\"font-size: 14px\">\u00a9 Iconsport<\/p>\n<p><strong>La DNCG valide plusieurs clubs du groupe des Girondins de Bordeaux<\/strong><\/p>\n<p style=\"text-align: justify;\">Les clubs d&rsquo;Avranches, Locmin\u00e9, Ch\u00e2teaubriant et Granville, qui \u00e9volueront sans doute, dans le groupe des Girondins de Bordeaux en National 1, ont tous obtenu le feu vert de la DNCG pour la saison \u00e0 venir.<\/p>\n<p style=\"text-align: justify;\">Concernant les autres groupes de National 1, seul Chambly Oise \u00e9cope d&rsquo;un encadrement de sa masse salariale.<\/p>\n<p style=\"text-align: justify;\">Le principal fait marquant concerne toutefois la Division 3 f\u00e9minine. Albi Marssac TF, <a href=\"https:\/\/www.webgirondins.com\/actualite-girondins-d3f-les-girondins-recrutent-la-meilleure-buteuse-de-regional-1-133563\" target=\"_blank\" rel=\"noopener nofollow\">adversaire des Girondines de Bordeaux<\/a>, est r\u00e9trograd\u00e9 en R\u00e9gional 1 par la DNCG, alors que le club avait termin\u00e9 \u00e0 la deuxi\u00e8me place de son groupe la saison pass\u00e9e. Il s&rsquo;agit du deuxi\u00e8me club de D3 f\u00e9minine sanctionn\u00e9 d&rsquo;une r\u00e9trogradation apr\u00e8s l&rsquo;AS Monaco.<\/p>\n<p style=\"text-align: justify;\"><img decoding=\"async\" src=\"https:\/\/www.europesays.com\/fr\/wp-content\/uploads\/2026\/06\/Capture d\u2019\u00e9cran_16-6-2026_171140_media.fff.fr.jpeg\" alt=\"Capture d\u2019\u00e9cran_16-6-2026_171140_media.fff.fr.jpeg (460 KB)\" style=\"width:494px;max-width:100%;\"\/><\/p>\n<p style=\"text-align: justify;\">\u00c0 lire : <strong><a href=\"https:\/\/www.webgirondins.com\/actualite-girondins-girondins-david-gluzman-evoque-un-precedent-dangereux-apres-la-decision-de-la-fifa-133566\" target=\"_blank\" rel=\"noopener nofollow\">Girondins : David Gluzman \u00e9voque un \u00ab\u00a0pr\u00e9c\u00e9dent dangereux\u00a0\u00bb apr\u00e8s la d\u00e9cision de la FIFA<\/a><\/strong><\/p>\n<p style=\"text-align: justify;\">\u00c9coutez notre podcast court sur l&rsquo;actu des Girondins :<\/p>\n<p style=\"text-align: justify;\">\u00a0<\/p>\n","protected":false},"excerpt":{"rendered":"\u00a9 Iconsport La DNCG valide plusieurs clubs du groupe des Girondins de Bordeaux Les clubs d&rsquo;Avranches, Locmin\u00e9, Ch\u00e2teaubriant&hellip;\n","protected":false},"author":2,"featured_media":1004979,"comment_status":"","ping_status":"","sticky":false,"template":"","format":"standard","meta":{"footnotes":"","_share_on_mastodon":"0"},"categories":[2817],"tags":[1111,11,4612,1997,4930,6410,27875,8374,19747,1777,674,4283,1011,27,1987,3238,12,4565,2219,2513,2694,11755,25,79872,3333,32868,105277],"class_list":["post-1004978","post","type-post","status-publish","format-standard","has-post-thumbnail","category-bordeaux","tag-actu","tag-actualites","tag-adversaire","tag-bordeaux","tag-clubs","tag-concernant","tag-decisions","tag-division","tag-dncg","tag-eu","tag-europe","tag-feminine","tag-fr","tag-france","tag-girondins","tag-national","tag-news","tag-nouveau","tag-nouvelle-aquitaine","tag-plusieurs","tag-proces","tag-publie","tag-republique-francaise","tag-retrograde","tag-sont","tag-tombees","tag-verbal"],"share_on_mastodon":{"url":"https:\/\/pubeurope.com\/@fr\/116762817949093013","error":""},"_links":{"self":[{"href":"https:\/\/www.europesays.com\/fr\/wp-json\/wp\/v2\/posts\/1004978","targetHints":{"allow":["GET"]}}],"collection":[{"href":"https:\/\/www.europesays.com\/fr\/wp-json\/wp\/v2\/posts"}],"about":[{"href":"https:\/\/www.europesays.com\/fr\/wp-json\/wp\/v2\/types\/post"}],"author":[{"embeddable":true,"href":"https:\/\/www.europesays.com\/fr\/wp-json\/wp\/v2\/users\/2"}],"replies":[{"embeddable":true,"href":"https:\/\/www.europesays.com\/fr\/wp-json\/wp\/v2\/comments?post=1004978"}],"version-history":[{"count":0,"href":"https:\/\/www.europesays.com\/fr\/wp-json\/wp\/v2\/posts\/1004978\/revisions"}],"wp:featuredmedia":[{"embeddable":true,"href":"https:\/\/www.europesays.com\/fr\/wp-json\/wp\/v2\/media\/1004979"}],"wp:attachment":[{"href":"https:\/\/www.europesays.com\/fr\/wp-json\/wp\/v2\/media?parent=1004978"}],"wp:term":[{"taxonomy":"category","embeddable":true,"href":"https:\/\/www.europesays.com\/fr\/wp-json\/wp\/v2\/categories?post=1004978"},{"taxonomy":"post_tag","embeddable":true,"href":"https:\/\/www.europesays.com\/fr\/wp-json\/wp\/v2\/tags?post=1004978"}],"curies":[{"name":"wp","href":"https:\/\/api.w.org\/{rel}","templated":true}]}}