{"id":1005035,"date":"2026-06-17T01:58:50","date_gmt":"2026-06-17T01:58:50","guid":{"rendered":"https:\/\/www.europesays.com\/fr\/1005035\/"},"modified":"2026-06-17T01:58:50","modified_gmt":"2026-06-17T01:58:50","slug":"lair-con-audrey-fleurot-choquee-par-la-tenue-danne-elisabet","status":"publish","type":"post","link":"https:\/\/www.europesays.com\/fr\/1005035\/","title":{"rendered":"\u201cL\u2019air con\u201d : Audrey Fleurot choqu\u00e9e par la tenue d\u2019Anne-Elisabet &#8230;"},"content":{"rendered":"<ul class=\"en-bref-list\">\n<li>Audrey Fleurot et Ramzy B\u00e9dia \u00e9taient invit\u00e9s dans C \u00e0 Vous<br \/>\npour promouvoir leur film Les Parfait(s) : arnaques en<br \/>\nfamille.<\/li>\n<li>Audrey Fleurot a d\u00e9couvert en direct qu\u2019elle portait une tenue<br \/>\ntr\u00e8s proche de celle d\u2019Anne-\u00c9lisabeth Lemoine.<\/li>\n<li>L\u2019\u00e9change a provoqu\u00e9 un moment dr\u00f4le et g\u00eanant sur le plateau,<br \/>\nentre surprise et autod\u00e9rision.<\/li>\n<li>Ce r\u00e9sum\u00e9 g\u00e9n\u00e9r\u00e9 par IA a \u00e9t\u00e9 valid\u00e9 par les journalistes de la<br \/>\nr\u00e9daction.<\/li>\n<\/ul>\n<p data-start=\"290\" data-end=\"584\">C\u2019est une sc\u00e8ne pour le moins<br \/>\ninattendue qui s\u2019est d\u00e9roul\u00e9e sur le plateau de C \u00e0 Vous le lundi 15 juin. Ce soir-l\u00e0,<br \/>\n<a href=\"https:\/\/www.telestar.fr\/actu_tv\/c-a-vous-ou-catho-fm-ramzy-bedia-cash-face-a-anne-elisabeth-lemoine-incomprehension-totale-sur-le-plateau-1768988\" rel=\"nofollow noopener\" target=\"_blank\"><br \/>\nAnne-\u00c9lisabeth Lemoine a re\u00e7u Ramzy B\u00e9dia<\/a> et Audrey Fleurot,<br \/>\nvenus faire la promotion du film Les Parfait(s) : arnaques en famille, une com\u00e9die<br \/>\nr\u00e9alis\u00e9e par Ludovic Bernard.<\/p>\n<p data-start=\"586\" data-end=\"786\">Le moins que l\u2019on puisse dire,<br \/>\nc\u2019est que l\u2019actrice a fait une entr\u00e9e remarqu\u00e9e sur le plateau. \u00c0<br \/>\npeine arriv\u00e9e, elle n\u2019a pas manqu\u00e9 de faire une r\u00e9flexion \u00e0<br \/>\nAnne-\u00c9lisabeth Lemoine concernant sa tenue.<\/p>\n<p>C \u00e0 Vous : l\u2019entr\u00e9e remarqu\u00e9e<br \/>\nd\u2019Audrey Fleurot sur le plateau<\/p>\n<p data-start=\"853\" data-end=\"1316\">Bien qu\u2019ils soient tous les<br \/>\ndeux des acteurs tr\u00e8s connus, c\u2019est <strong>la premi\u00e8re fois que<br \/>\nRamzy B\u00e9dia et Audrey Fleurot sont r\u00e9unis \u00e0 l\u2019\u00e9cran.<\/strong><br \/>\nL\u2019histoire de cette com\u00e9die ? Celle de la famille Toussaint. Chez<br \/>\neux, du grand-p\u00e8re au petit dernier, l\u2019arnaque est un art qui<br \/>\nrapporte. Poursuivis, ils doivent fuir. Seule option ? Emprunter<br \/>\nl\u2019identit\u00e9 d\u2019une famille sans histoire, les Parfait, et se r\u00e9fugier<br \/>\nen \u00c9cosse. Mais tout ne va \u00e9videmment pas se passer comme<br \/>\npr\u00e9vu.<\/p>\n<p data-start=\"1318\" data-end=\"1799\">Lundi 15 juin, Anne-\u00c9lisabeth<br \/>\nLemoine a donc accueilli le duo dans son talk-show. Et quelle ne<br \/>\nfut pas la surprise d\u2019Audrey Fleurot, lorsque celle-ci a d\u00e9couvert<br \/>\nqu\u2019elle portait presque <strong>la m\u00eame tenue qu\u2019Anne-\u00c9lisabeth<br \/>\nLemoine !<\/strong> En effet, toutes les deux \u00e9taient v\u00eatues d\u2019une<br \/>\nrobe verte kaki pour l\u2019animatrice et d\u2019une combi-short vert sapin<br \/>\npour l\u2019actrice, taill\u00e9e de la m\u00eame mani\u00e8re : \u00ab\u00a0<strong>On a l\u2019air con maintenant !<\/strong> Je<br \/>\nn\u2019avais pas lu le dress code\u00a0\u00bb, s\u2019est exclam\u00e9e Audrey<br \/>\nFleurot.<\/p>\n<p>Audrey Fleurot et Anne-\u00c9lisabeth Lemoine : cette ressemblance \u00e0<br \/>\nlaquelle personne n\u2019a \u00e9chapp\u00e9<\/p>\n<p data-start=\"1898\" data-end=\"2468\">Lors de l\u2019\u00e9mission, Audrey<br \/>\nFleurot \u00e9tait tellement captiv\u00e9e par <a href=\"https:\/\/www.telestar.fr\/actu_tv\/c_a_vous\/anne-elisabeth-lemoine-ose-le-decollete-plongeant-ses-chroniqueurs-lachent-des-wow-dadmiration-1722726\" rel=\"nofollow noopener\" target=\"_blank\"><br \/>\nla tenue d\u2019Anne-\u00c9lisabeth Lemoine<\/a> qu\u2019elle en a perdu le fil de<br \/>\nl\u2019interview : <strong>\u00ab\u00a0Excusez-moi, je n\u2019arrive pas \u00e0 me concentrer, je<br \/>\nn\u2019arrive pas \u00e0 me concentrer parce que je suis extr\u00eamement jalouse<br \/>\nde ce petit ensemble vert<\/strong>. Je n\u2019arrive pas \u00e0 passer \u00e0<br \/>\nautre chose\u00a0\u00bb. Mais pour l\u2019animatrice, cette concordance de<br \/>\ntenue n\u2019est pas vraiment une surprise : \u00ab\u00a0En plus je savais que vous seriez en vert, vous<br \/>\n\u00eates tout le temps en vert\u00a0\u00bb. \u00ab\u00a0Je suis tellement pr\u00e9visible\u00a0\u00bb, a r\u00e9torqu\u00e9 la compagne<br \/>\nde Djibril Glissant.<\/p>\n<p data-start=\"2470\" data-end=\"2866\">Il est vrai que <a href=\"https:\/\/www.telestar.fr\/serie_tv\/audrey-fleurot-harcelee-elles-viennent-tout-le-temps-confidences-sur-les-fans-de-hpi-1724338\" rel=\"nofollow noopener\" target=\"_blank\"><br \/>\nla protagoniste de HPI<\/a> appara\u00eet souvent v\u00eatue de vert lorsqu\u2019elle se<br \/>\nrend \u00e0 un \u00e9v\u00e9nement. Pas plus tard que le 15 juin, elle portait une<br \/>\nrobe courte de cette couleur, \u00e0 l\u2019occasion de l\u2019avant-premi\u00e8re de<br \/>\nla com\u00e9die Les Parfait(s) :<br \/>\narnaques en famille, qui sortira en salle le 24 juin. Il faut<br \/>\ndire que le vert se marie tr\u00e8s bien avec sa couleur de cheveux, un<br \/>\nroux flamboyant.<\/p>\n","protected":false},"excerpt":{"rendered":"Audrey Fleurot et Ramzy B\u00e9dia \u00e9taient invit\u00e9s dans C \u00e0 Vous pour promouvoir leur film Les Parfait(s) :&hellip;\n","protected":false},"author":2,"featured_media":1005036,"comment_status":"","ping_status":"","sticky":false,"template":"","format":"standard","meta":{"footnotes":"","_share_on_mastodon":"0"},"categories":[1356],"tags":[5631,548,21259,5632,58,59,1011,27,252,65861,1364],"class_list":["post-1005035","post","type-post","status-publish","format-standard","has-post-thumbnail","category-television","tag-anne-elisabeth-lemoine","tag-article-simple","tag-audrey-fleurot","tag-c-a-vous","tag-divertissement","tag-entertainment","tag-fr","tag-france","tag-television","tag-trend","tag-tv"],"share_on_mastodon":{"url":"https:\/\/pubeurope.com\/@fr\/116762978998272688","error":""},"_links":{"self":[{"href":"https:\/\/www.europesays.com\/fr\/wp-json\/wp\/v2\/posts\/1005035","targetHints":{"allow":["GET"]}}],"collection":[{"href":"https:\/\/www.europesays.com\/fr\/wp-json\/wp\/v2\/posts"}],"about":[{"href":"https:\/\/www.europesays.com\/fr\/wp-json\/wp\/v2\/types\/post"}],"author":[{"embeddable":true,"href":"https:\/\/www.europesays.com\/fr\/wp-json\/wp\/v2\/users\/2"}],"replies":[{"embeddable":true,"href":"https:\/\/www.europesays.com\/fr\/wp-json\/wp\/v2\/comments?post=1005035"}],"version-history":[{"count":0,"href":"https:\/\/www.europesays.com\/fr\/wp-json\/wp\/v2\/posts\/1005035\/revisions"}],"wp:featuredmedia":[{"embeddable":true,"href":"https:\/\/www.europesays.com\/fr\/wp-json\/wp\/v2\/media\/1005036"}],"wp:attachment":[{"href":"https:\/\/www.europesays.com\/fr\/wp-json\/wp\/v2\/media?parent=1005035"}],"wp:term":[{"taxonomy":"category","embeddable":true,"href":"https:\/\/www.europesays.com\/fr\/wp-json\/wp\/v2\/categories?post=1005035"},{"taxonomy":"post_tag","embeddable":true,"href":"https:\/\/www.europesays.com\/fr\/wp-json\/wp\/v2\/tags?post=1005035"}],"curies":[{"name":"wp","href":"https:\/\/api.w.org\/{rel}","templated":true}]}}