{"id":1005049,"date":"2026-06-17T02:09:13","date_gmt":"2026-06-17T02:09:13","guid":{"rendered":"https:\/\/www.europesays.com\/fr\/1005049\/"},"modified":"2026-06-17T02:09:13","modified_gmt":"2026-06-17T02:09:13","slug":"meurtre-dune-octogenaire-pres-dun-camping-du-gard-un-suspect-en-garde-a-vue","status":"publish","type":"post","link":"https:\/\/www.europesays.com\/fr\/1005049\/","title":{"rendered":"Meurtre d\u2019une octog\u00e9naire pr\u00e8s d\u2019un camping du Gard\u00a0: un suspect en garde \u00e0 vue"},"content":{"rendered":"<p>Un suspect a \u00e9t\u00e9 plac\u00e9 en garde \u00e0 vue pour <a href=\"https:\/\/www.ouest-france.fr\/societe\/faits-divers\/une-octogenaire-tuee-pres-dun-camping-au-grau-du-roi-un-homme-toujours-en-fuite-c9363876-6648-11f1-99fc-6db54956824f\" target=\"_blank\" rel=\"nofollow noopener\">le meurtre d\u2019une femme de 86\u00a0ans la semaine derni\u00e8re, pr\u00e8s d\u2019un camping dans la station baln\u00e9aire du Grau-du-Roi<\/a>, en Camargue gardoise, a indiqu\u00e9 ce mardi soir la procureure de N\u00eemes.\u00a0La victime avait \u00e9t\u00e9 violemment agress\u00e9e le 11\u00a0juin 2026 et son corps d\u00e9couvert \u00e0 proximit\u00e9 d\u2019un \u00e9tang et d\u2019un camping de la commune du Grau-du-Roi.<\/p>\n<p>        Des \u00ab\u00a0investigations pour meurtre\u00a0\u00bb<\/p>\n<p>Les premiers \u00e9l\u00e9ments orientaient les enqu\u00eateurs vers une th\u00e8se criminelle, avait d\u00e8s le lendemain annonc\u00e9 dans un communiqu\u00e9 la procureure de N\u00eemes, C\u00e9cile Gensac, \u00e9voquant des investigations pour meurtre sans plus de d\u00e9tails sur les circonstances des faits.<\/p>\n<p>Une source proche de l\u2019enqu\u00eate avait alors indiqu\u00e9 \u00e0 l\u2019AFP que l\u2019agresseur \u00e9tait toujours recherch\u00e9, pr\u00e9cisant que la victime r\u00e9sidait dans un camping proche de la plage de l\u2019Espiguette, l\u2019une des plus connues de la r\u00e9gion.<\/p>\n<p>Je confirme une garde \u00e0 vue. En l\u2019\u00e9tat, pas d\u2019autres informations fiabilis\u00e9es \u00e0 20\u00a0h\u00a024, a indiqu\u00e9 la procureure de N\u00eemes, interrog\u00e9e par des journalistes sur cette affaire.\u00a0Sur son site Internet,  <a href=\"https:\/\/france3-regions.franceinfo.fr\/occitanie\/gard\/nimes\/octogenaire-sauvagement-tuee-au-grau-du-roi-un-suspect-est-passe-aux-aveux-il-est-en-garde-a-vue-3370060.html\" target=\"_blank\" rel=\"nofollow noopener\">France 3<\/a> \u00a0indique qu\u2019un suspect a \u00e9t\u00e9 identifi\u00e9 et qu\u2019il serait pass\u00e9 aux aveux.<\/p>\n<p>Les m\u00e9decins l\u00e9gistes ont relev\u00e9 d\u2019importantes l\u00e9sions sur le corps de la victime. Elles t\u00e9moignent de l\u2019extr\u00eame violence de l\u2019agression de l\u2019octog\u00e9naire, qui avait l\u2019habitude de passer ses vacances dans ce m\u00eame camping depuis de nombreuses ann\u00e9es, dit encore France 3.<\/p>\n","protected":false},"excerpt":{"rendered":"Un suspect a \u00e9t\u00e9 plac\u00e9 en garde \u00e0 vue pour le meurtre d\u2019une femme de 86\u00a0ans la semaine&hellip;\n","protected":false},"author":2,"featured_media":1005050,"comment_status":"","ping_status":"","sticky":false,"template":"","format":"standard","meta":{"footnotes":"","_share_on_mastodon":"0"},"categories":[4],"tags":[74853,11,118,1011,27,2679,105288,28152,12,2682,16417,25,96],"class_list":["post-1005049","post","type-post","status-publish","format-standard","has-post-thumbnail","category-france","tag-actualite-en-continu","tag-actualites","tag-faits-divers","tag-fr","tag-france","tag-gard","tag-le-grau-du-roi","tag-meurtres","tag-news","tag-nimes","tag-region-occitanie","tag-republique-francaise","tag-une"],"share_on_mastodon":{"url":"https:\/\/pubeurope.com\/@fr\/116763018850501014","error":""},"_links":{"self":[{"href":"https:\/\/www.europesays.com\/fr\/wp-json\/wp\/v2\/posts\/1005049","targetHints":{"allow":["GET"]}}],"collection":[{"href":"https:\/\/www.europesays.com\/fr\/wp-json\/wp\/v2\/posts"}],"about":[{"href":"https:\/\/www.europesays.com\/fr\/wp-json\/wp\/v2\/types\/post"}],"author":[{"embeddable":true,"href":"https:\/\/www.europesays.com\/fr\/wp-json\/wp\/v2\/users\/2"}],"replies":[{"embeddable":true,"href":"https:\/\/www.europesays.com\/fr\/wp-json\/wp\/v2\/comments?post=1005049"}],"version-history":[{"count":0,"href":"https:\/\/www.europesays.com\/fr\/wp-json\/wp\/v2\/posts\/1005049\/revisions"}],"wp:featuredmedia":[{"embeddable":true,"href":"https:\/\/www.europesays.com\/fr\/wp-json\/wp\/v2\/media\/1005050"}],"wp:attachment":[{"href":"https:\/\/www.europesays.com\/fr\/wp-json\/wp\/v2\/media?parent=1005049"}],"wp:term":[{"taxonomy":"category","embeddable":true,"href":"https:\/\/www.europesays.com\/fr\/wp-json\/wp\/v2\/categories?post=1005049"},{"taxonomy":"post_tag","embeddable":true,"href":"https:\/\/www.europesays.com\/fr\/wp-json\/wp\/v2\/tags?post=1005049"}],"curies":[{"name":"wp","href":"https:\/\/api.w.org\/{rel}","templated":true}]}}