{"id":100505,"date":"2025-05-14T23:12:21","date_gmt":"2025-05-14T23:12:21","guid":{"rendered":"https:\/\/www.europesays.com\/fr\/100505\/"},"modified":"2025-05-14T23:12:21","modified_gmt":"2025-05-14T23:12:21","slug":"10-supers-idees-pour-ce-week-end","status":"publish","type":"post","link":"https:\/\/www.europesays.com\/fr\/100505\/","title":{"rendered":"10 supers id\u00e9es pour ce week-end"},"content":{"rendered":"<p>            Par<br \/>\n        <strong><br \/>\n            <a href=\"https:\/\/actu.fr\/auteur\/gabriel-kenedi\" title=\"Consulter tous les articles de Gabriel Kenedi\" target=\"_blank\" rel=\"noopener\">Gabriel Kenedi<\/a><br \/>\n        <\/strong><\/p>\n<p>        Publi\u00e9 le<\/p>\n<p>            14 mai 2025 \u00e0 17h36        <\/p>\n<p>Attention, attention\u2026 le week-end s\u2019annonce particuli\u00e8rement charg\u00e9 sur le plan culturel dans la Ville rose. Et ce n\u2019est pas pour nous d\u00e9plaire ! <a href=\"https:\/\/actu.fr\/toulouse\/loisirs-culture\" target=\"_blank\" rel=\"noopener\">Actu Toulouse<\/a> a s\u00e9lectionn\u00e9 pour vous quelques \u00e9v\u00e9nements absolument immanquables \u00e0 venir les vendredi 16, samedi 17 et dimanche 18 mai 2025 ! Suivez le guide !\u00a0<\/p>\n<p>#1. La Nuit des Mus\u00e9es<br \/>\n      <img   decoding=\"async\" loading=\"lazy\" src=\"https:\/\/www.europesays.com\/fr\/wp-content\/uploads\/2025\/05\/mus-e-des-abattoirs-960x640.jpeg\" alt=\"Le mus\u00e9e des Abattoirs accueille en ce moment l'expo \u00e9v\u00e9nement qui donne carte blanche \u00e0 Oli. Plus de 70 000 visiteurs s'y sont d\u00e9j\u00e0 press\u00e9s ! \" width=\"960\" height=\"640\"\/><br \/>\n    Le mus\u00e9e des Abattoirs participe \u00e0 la Nuit des mus\u00e9es 2025 (\u00a9Mar\u00e9va Laville \/Actu Toulouse)<\/p>\n<p class=\" wall-content\">\u00a0C\u2019est l\u2019\u00e9v\u00e9nement culturel du week-end ! Samedi 17 mai aura lieu la 21e Nuit europ\u00e9enne des mus\u00e9es. Et \u00e0 Toulouse, de nombreux jouent le jeu en proposant des nocturnes et autres \u00e9v\u00e9nements in\u00e9dits, samedi soir\u2026 et la tr\u00e8s grande majorit\u00e9 d\u2019entre eux sont gratuits ! Autant en profiter, donc.\u00a0<\/p>\n<p class=\" wall-content\">Pour en savoir plus, consultez <strong>notre programme complet :<\/strong>\u00a0<\/p>\n<p class=\" wall-content\"><strong>[merci de rajouter le lire aussi SVP]<\/strong><\/p>\n<p>#2. Un open-air \u00e9lectro \u00e0 Pech David\u00a0<br \/>\n      <img   decoding=\"async\" loading=\"lazy\" src=\"https:\/\/www.europesays.com\/fr\/wp-content\/uploads\/2025\/05\/plein-phare-festival-juliengloria-960x640.jpg\" alt=\"Le Plein Phare festival revient pendant trois jours sur les hauteurs de Toulouse, du 3 au 5 mai 2024.\" width=\"960\" height=\"640\"\/><br \/>\n    Le Plein Phare festival revient \u00e0 Toulouse, les 16 et 17 mai 2025. (\u00a9Julien Gloria)<\/p>\n<p class=\" wall-content\">Deux jours de f\u00eate en plein air sur une belle sc\u00e8ne, un dancefloor couvert et une prog (r\u00e9solument \u00e9lectro), c\u2019est ce que porpose le Plein Phare Festival. Le collectif toulousain mettra en \u00e0 l\u2019honneur les talents locaux : 47 artistes se succ\u00e8deront derri\u00e8re les platines, pour un total de 35 heures de musiques \u00e9lectronique \u00e0 Pech David ! Des afters sont \u00e9galement pr\u00e9vus au Rex, au Bikini et au Cri de la Mouette.<\/p>\n<p>Les 16 et 17 mai, \u00e0 l\u2019Observatoire de Pech David. Tarifs : 16,6\u20ac \u00e0 36\u20ac. Plus d\u2019infos sur Instagram : @<a href=\"https:\/\/www.instagram.com\/plein.phare\/\" target=\"_blank\" rel=\"noopener\">plein.phare\u00a0<\/a>#3. Grosse f\u00eate \u00e9lectro \u00e0 Interference\u00a0<\/p>\n<p class=\" wall-content\">Dans la s\u00e9rie gros \u00e9v\u00e9nements \u00e9lectro, celui de l\u2019association Wyld est \u00e0 ne pas manquer ! Le collectif \u00e9lectro toulousain organise une nuit de folie \u00e0 Interference, la nouvelle salle de spectacles situ\u00e9e \u00e0 Balma. Au programme ? Des artistes locaux, nationaux et internationaux et une nuit entre techno, \u00e9lectro, house et groove ! Le tout compl\u00e9t\u00e9 par une sc\u00e9nographie immersive, des danseurs, performeurs et acrobates et un doux m\u00e9lange de paillettes, barbes \u00e0 papa et boules \u00e0 facettes.\u00a0<\/p>\n<p>Le 16 mai, de 23h30 \u00e0 5h30 \u00e0 <a href=\"https:\/\/www.interference-toulouse.fr\/event\/wyld-la-fete-3\" target=\"_blank\" rel=\"noopener\">Interference<\/a> (Balma). Tarifs : 15 \u00e0 25\u20ac.\u00a0#4. Rio Loco, c\u00f4t\u00e9 Jardins\u00a0<br \/>\n      <img   decoding=\"async\" loading=\"lazy\" src=\"https:\/\/www.europesays.com\/fr\/wp-content\/uploads\/2025\/05\/347138301-638086031083717-7274333615451289359-n-960x640.jpg\" alt=\"Les Jardins du Mus\u00e9um accueillent une nouvelle \u00e9dition de Rio Loco c\u00f4t\u00e9 Jardins... et c'est gratuit !\" width=\"960\" height=\"640\"\/><br \/>\n    Les Jardins du Mus\u00e9um accueillent une nouvelle \u00e9dition de Rio Loco c\u00f4t\u00e9 Jardins\u2026 et c\u2019est gratuit ! (\u00a9Metronum )<\/p>\n<p class=\" wall-content\">Musiques br\u00e9siliennes, Samba et carnaval de Rio sont au programme de cette \u00e9dition de Rio Loco c\u00f4t\u00e9 Jardin(s), qui se d\u00e9roule aux Jardins du Mus\u00e9um \u00e0 Borderouge ! Un \u00e9v\u00e9nement organis\u00e9 en partenariat avec le collectif Samba R\u00e9sille\u2026 un gage de qualit\u00e9, assur\u00e9ment !<\/p>\n<p class=\" wall-content\">Au programme ? batucada (10h), concert de Roda Samba (12h), parade des G\u00e9ants des mers (14h), et concerts de Matriarcas de Samba (16h30) et de Mundo Kanaval (18h). Et tout est gratuit !\u00a0<\/p>\n<p>Dimanche 18 mai, de 10h \u00e0 19h, aux Jardins du Mus\u00e9um et dans le parc de la Maourine, \u00e0 Toulouse. <a href=\"https:\/\/samba-resille.org\/site\/2025\/04\/04\/evenement-super-onda-dimanche-18-mai\/\" target=\"_blank\" rel=\"noopener\">Gratuit<\/a>, tout public.\u00a0#5. Moli\u00e8re, l\u2019op\u00e9ra urbain<\/p>\n<p class=\" wall-content\">Au Z\u00e9nith\u00a0La nouvelle com\u00e9die musicale produite par Dove Attia est un carton partout dans l\u2019Hexagone. Ce spectacle r\u00e9unit sur sc\u00e8ne chanteurs, slammeurs, rappeurs, danseurs, com\u00e9diens et musiciens dans des d\u00e9cors et costumes du 17e si\u00e8cle. Un spectacle qui raconte l\u2019histoire de Jean-Baptiste Poquelin, l\u2019homme qui deviendra Moli\u00e8re\u00a0<\/p>\n<p>Le 17 mai, \u00e0 15h et \u00e0 20h30 au <a href=\"https:\/\/zenith-toulousemetropole.com\/shows\/Moli%C3%A8re%20-%20L%27Op%C3%A9ra%20Urbain-16584\" target=\"_blank\" rel=\"noopener\">Z\u00e9nith<\/a> de Toulouse . Tarifs : 25 \u00e0 86 euros.\u00a0#6. France-Slov\u00e9nie au Palais des Sports<br \/>\n      <img   decoding=\"async\" loading=\"lazy\" src=\"https:\/\/www.europesays.com\/fr\/wp-content\/uploads\/2025\/05\/iconsport-242019-0003-960x640.jpg\" alt=\"L'\u00e9quipe de France f\u00e9minine de volleyball a rendez-vous \u00e0 Toulouse. \" width=\"960\" height=\"640\"\/><br \/>\n    L\u2019\u00e9quipe de France f\u00e9minine de volleyball a rendez-vous \u00e0 Toulouse. (\u00a9IconSport \/ Illustration)<\/p>\n<p class=\" wall-content\">L\u2019\u00c9quipe de France de Volley f\u00e9minine d\u00e9bute sa saison internationale \u00e0 Toulouse ! Au programme, au Palais des Sports ? Un match de pr\u00e9paration \u00e0 la Volleyball Nations League face \u00e0 la Slov\u00e9nie. Une belle occasion d\u2019aller encourager les Bleues \u00e0 Toulouse !\u00a0<\/p>\n<p>\u00c0 20h30, vendredi 16 mai, au Palais des Sports . Tarifs : <a href=\"https:\/\/billetterie.ffvolley.org\/fr\/meeting\/99\/france_slovenie_edf_f_toulouse\" target=\"_blank\" rel=\"noopener\">d\u00e8s 15 euros.<\/a>\u00a0#7. Les Tambours du Bronx au Metronum\u00a0<\/p>\n<p class=\" wall-content\">Les Tambours du Bronx, c\u2019est bient\u00f4t 40 ans d\u2019histoire ! Le groupe de percussions industrielles n\u00e9 en 1987 \u00e0 Nevers a sorti en 2023 sont 9eme album studio, et deuxi\u00e8me album consacr\u00e9 aux musiques satur\u00e9es. Toujours sur les routes du monde entier, ils seront \u00e0 nouveau de passage \u00e0 Toulouse pour une soir\u00e9e exceptionnelle qui se d\u00e9roulera au Metronum.\u00a0<\/p>\n<p>\u00c0 20h, le vendredi 16 mai, au <a href=\"https:\/\/lemetronum.fr\/evenement\/les-tambours-du-bronx\/\" target=\"_blank\" rel=\"noopener\">Metronum<\/a>. Tarifs : d\u00e8s 28 euros.\u00a0#8. L\u2019expo Lay-Up, c\u2019est reparti !\u00a0<br \/>\n      <img   decoding=\"async\" loading=\"lazy\" src=\"https:\/\/www.europesays.com\/fr\/wp-content\/uploads\/2025\/05\/d38ee48cd7076a78ee48cd7075b8eev-960x640.jpg\" alt=\"Lay Up Toulouse\" width=\"960\" height=\"640\"\/><br \/>\n    Lay Up est de retour avec une nouvelle exposition ! (\u00a9G.K.)<\/p>\n<p class=\" wall-content\">Et si vous profitiez de ce week-end pour d\u00e9couvrir la nouvelle expo de street-art sign\u00e9e Lay-Up ? Toujours situ\u00e9e en plein c\u0153ur du quartier Saint-Michel, 47 artistes, reconnus et \u00e9mergents, y pr\u00e9sentent \u0153uvres, fresques et installations in-situ.\u00a0<\/p>\n<p>11, Boulevard Delacourtie, 31 400 Toulouse.<a href=\"https:\/\/www.expolayup.com\/\" target=\"_blank\" rel=\"noopener\"> Entr\u00e9e gratuite<\/a> sur participation libre. Horaires : Vendredi : 17h \u2013 22 \/ Samedi : 11h \u2013 23h \/ Dimanche : 11h \u2013 19h#9. La Tendresse, au Th\u00e9\u00e2tre de la Cit\u00e9\u00a0<\/p>\n<p class=\" wall-content\">Voil\u00e0 une pi\u00e8ce de th\u00e9\u00e2tre mise en sc\u00e8ne par Julie Ber\u00e8s. \u00ab\u00a0Pour La Tendresse, nous sommes all\u00e9s \u00e0 la rencontre de jeunes hommes, pour questionner chacun sur son lien au masculin et \u00e0 la virilit\u00e9\u00a0\u00bb, r\u00e9sume-t-elle. Une pi\u00e8ce qui raconte donc l\u2019histoire de ces hommes qui se d\u00e9battent avec les clich\u00e9s du masculin et les injonctions de la soci\u00e9t\u00e9.<\/p>\n<p>Vendredi 16 (19h30) et samedi 17 mai (18h). Tarifs : 13 \u00e0 23 euros.\u00a0<\/p>\n<p>#10. Deluxe en concert acoustique et gratuit\u00a0<br \/>\n      <img   decoding=\"async\" loading=\"lazy\" src=\"https:\/\/www.europesays.com\/fr\/wp-content\/uploads\/2025\/05\/photo-deluxe-c-pilou-1-960x640.jpg\" alt=\"Deluxe annonce un concert sauvage et gratuit, place de la Trinit\u00e9, \u00e0 Toulouse, vendredi 16 mai 2025 ! \" width=\"960\" height=\"640\"\/><br \/>\n    Deluxe annonce un concert sauvage et gratuit, place de la Trinit\u00e9, \u00e0 Toulouse, vendredi 16 mai 2025 ! (\u00a9Pilou)<\/p>\n<p class=\" wall-content\">Le groupe Deluxe sera en concert gratuit, \u00e0 Toulouse, vendredi 16 mai 2025, \u00e0 partir de 18 heures. Autant vous dire que c\u2019est le genre d\u2019\u00e9v\u00e9nement qui ne se manque pas ! Pour en savoir plus, consultez notre interview avec la chanteuse Liliboy.\u00a0<\/p>\n<p>Deluxe en concert acoustique et gratuit \u00e0 Toulouse, vendredi 16 mai 2025, \u00e0 18 heures, place de la Trinit\u00e9.\u00a0<\/p>\n<p class=\" wall-content\">Suivez toute l\u2019actualit\u00e9 de vos villes et m\u00e9dias favoris en vous inscrivant \u00e0 <a href=\"https:\/\/moncompte.actu.fr\" title=\"D\u00e9couvez Mon Actu\" rel=\"nofollow noopener\" data-trk=\"{&quot;cta&quot;:{&quot;action&quot;:&quot;https:\\\/\\\/moncompte.actu.fr&quot;,&quot;category&quot;:&quot;mon compte&quot;,&quot;from&quot;:&quot;article footer&quot;,&quot;name&quot;:&quot;Mon actu&quot;,&quot;type&quot;:&quot;cta&quot;}}\" target=\"_blank\">Mon Actu<\/a>.<\/p>\n<ul class=\"ac-article-tag wall-content\">\n<li><a href=\"https:\/\/actu.fr\/tag\/sortir-a-toulouse\" data-trk=\"{&quot;cta&quot;:{&quot;action&quot;:&quot;Sortir \\u00e0 Toulouse&quot;,&quot;category&quot;:&quot;tag&quot;,&quot;from&quot;:&quot;article footer&quot;,&quot;name&quot;:&quot;Sortir \\u00e0 Toulouse&quot;,&quot;type&quot;:&quot;cta&quot;}}\" target=\"_blank\" rel=\"noopener\">#Sortir \u00e0 Toulouse<\/a><\/li>\n<li><a href=\"https:\/\/actu.fr\/tag\/zenith-de-toulouse\" data-trk=\"{&quot;cta&quot;:{&quot;action&quot;:&quot;Z\\u00e9nith de Toulouse&quot;,&quot;category&quot;:&quot;tag&quot;,&quot;from&quot;:&quot;article footer&quot;,&quot;name&quot;:&quot;Z\\u00e9nith de Toulouse&quot;,&quot;type&quot;:&quot;cta&quot;}}\" target=\"_blank\" rel=\"noopener\">#Z\u00e9nith de Toulouse<\/a><\/li>\n<\/ul>\n<p>                    <script async src=\"\/\/www.instagram.com\/embed.js\"><\/script><\/p>\n","protected":false},"excerpt":{"rendered":"Par Gabriel Kenedi Publi\u00e9 le 14 mai 2025 \u00e0 17h36 Attention, attention\u2026 le week-end s\u2019annonce particuli\u00e8rement charg\u00e9 sur&hellip;\n","protected":false},"author":2,"featured_media":100506,"comment_status":"","ping_status":"","sticky":false,"template":"","format":"standard","meta":{"footnotes":""},"categories":[2816],"tags":[1111,11,1777,674,1011,27,1652,12,2680,25,1341,2312,9738],"class_list":{"0":"post-100505","1":"post","2":"type-post","3":"status-publish","4":"format-standard","5":"has-post-thumbnail","7":"category-toulouse","8":"tag-actu","9":"tag-actualites","10":"tag-eu","11":"tag-europe","12":"tag-fr","13":"tag-france","14":"tag-loisirs-culture","15":"tag-news","16":"tag-occitanie","17":"tag-republique-francaise","18":"tag-sortir-a-toulouse","19":"tag-toulouse","20":"tag-zenith-de-toulouse"},"share_on_mastodon":{"url":"https:\/\/pubeurope.com\/@fr\/114508722655074074","error":""},"_links":{"self":[{"href":"https:\/\/www.europesays.com\/fr\/wp-json\/wp\/v2\/posts\/100505","targetHints":{"allow":["GET"]}}],"collection":[{"href":"https:\/\/www.europesays.com\/fr\/wp-json\/wp\/v2\/posts"}],"about":[{"href":"https:\/\/www.europesays.com\/fr\/wp-json\/wp\/v2\/types\/post"}],"author":[{"embeddable":true,"href":"https:\/\/www.europesays.com\/fr\/wp-json\/wp\/v2\/users\/2"}],"replies":[{"embeddable":true,"href":"https:\/\/www.europesays.com\/fr\/wp-json\/wp\/v2\/comments?post=100505"}],"version-history":[{"count":0,"href":"https:\/\/www.europesays.com\/fr\/wp-json\/wp\/v2\/posts\/100505\/revisions"}],"wp:featuredmedia":[{"embeddable":true,"href":"https:\/\/www.europesays.com\/fr\/wp-json\/wp\/v2\/media\/100506"}],"wp:attachment":[{"href":"https:\/\/www.europesays.com\/fr\/wp-json\/wp\/v2\/media?parent=100505"}],"wp:term":[{"taxonomy":"category","embeddable":true,"href":"https:\/\/www.europesays.com\/fr\/wp-json\/wp\/v2\/categories?post=100505"},{"taxonomy":"post_tag","embeddable":true,"href":"https:\/\/www.europesays.com\/fr\/wp-json\/wp\/v2\/tags?post=100505"}],"curies":[{"name":"wp","href":"https:\/\/api.w.org\/{rel}","templated":true}]}}