{"id":100509,"date":"2025-05-14T23:14:12","date_gmt":"2025-05-14T23:14:12","guid":{"rendered":"https:\/\/www.europesays.com\/fr\/100509\/"},"modified":"2025-05-14T23:14:12","modified_gmt":"2025-05-14T23:14:12","slug":"pourquoi-les-parents-choisissent-de-scolariser-leurs-enfants-au-lycee-musulman-averroes","status":"publish","type":"post","link":"https:\/\/www.europesays.com\/fr\/100509\/","title":{"rendered":"Pourquoi les parents choisissent de scolariser leurs enfants au lyc\u00e9e musulman Averro\u00e8s"},"content":{"rendered":"<p>\n                                                Le lyc\u00e9e Averro\u00e8s de Lille (Nord) est l&rsquo;un des derniers \u00e9tablissements priv\u00e9s musulmans sous contrat avec l&rsquo;\u00c9tat. Un contrat qu&rsquo;il a failli perdre pour de bon : la pr\u00e9fecture du Nord l&rsquo;avait r\u00e9sili\u00e9 en 2023, invoquant de graves manquements aux valeurs de la R\u00e9publique. Une raison contest\u00e9e par les familles et par le tribunal administratif. En avril dernier, le tribunal a demand\u00e9 le r\u00e9tablissement imm\u00e9diat du contrat. Un soulagement pour les \u00e9l\u00e8ves et leurs parents.\u00a0Pour eux, \u00eatre scolaris\u00e9s dans cet \u00e9tablissement est essentiel. C&rsquo;est la garantie de bons r\u00e9sultats, d&rsquo;une qualit\u00e9 d&rsquo;enseignement et surtout la possibilit\u00e9 de vivre sa religion.                    <\/p>\n<p>Thomas, 43 ans, nous accueille dans son appartement. Musulman converti, il a six filles. Trois d&rsquo;entre elles sont scolaris\u00e9es dans l&rsquo;\u00e9tablissement musulman Averro\u00e8s. \u00ab\u00a0Ce que je vois, c&rsquo;est le c\u00f4t\u00e9 familial, chaleureux, en tout cas, c&rsquo;est que me disent mes filles.\u00a0\u00bb Hajar, 12 ans, est rentr\u00e9e du coll\u00e8ge. Elle acquiesce\u00a0: \u00ab\u00a0L&rsquo;enseignement est, je trouve, s\u00e9rieux, et les profs sont \u00e0 fond pour aider les \u00e9l\u00e8ves. Ils nous aident jusqu&rsquo;\u00e0 ce que l\u2019on r\u00e9ussisse. Tant qu&rsquo;on ne r\u00e9ussit pas, ils ne nous l\u00e2chent pas.\u00a0\u00bb<\/p>\n<p>Ce qui a aussi convaincu Thomas, c&rsquo;est la possibilit\u00e9 pour ses filles de vivre leur religion. Des salles de pri\u00e8res sont \u00e0 disposition des \u00e9l\u00e8ves et le voile est autoris\u00e9\u00a0: \u00ab\u00a0Ma fille, si elle le d\u00e9sire, si elle veut porter le voile, elle peut le faire l\u00e0-bas, \u00e7a compte \u00e9norm\u00e9ment. C&rsquo;est important qu&rsquo;elle se sente \u00e9panouie, si jamais elle veut suivre la religion de la famille, qu&rsquo;elle puisse le faire \u00e0 la maison, mais aussi \u00e0 l&rsquo;\u00e9cole.\u00a0\u00bb \u00a0<\/p>\n<p>La\u00efla est maman de trois enfants. Cette m\u00e8re de famille a toujours \u00e9t\u00e9 attentive au contenu de l&rsquo;enseignement, notamment \u00e0 ce que l&rsquo;\u00e9tablissement appelle \u00ab\u00a0cours d&rsquo;\u00e9thique\u00a0\u00bb, des cours consacr\u00e9s \u00e0 la question des religions. Nous la rencontrons dans un parc avec sa fille d\u00e9sormais \u00e0 la fac\u00a0: \u00ab\u00a0R\u00e9guli\u00e8rement, je leur demandais de quoi elles avaient parl\u00e9. C\u2019\u00e9tait tr\u00e8s rassurant, car ce qui \u00e9tait abord\u00e9 tournait beaucoup autour des valeurs, du respect de l\u2019autre, etc.\u00a0\u00bb<\/p>\n<p>L&rsquo;autre point important pour Leila et pour sa fille Safa : que les programmes soient les m\u00eames que dans n&rsquo;importe quel autre \u00e9tablissement. \u00ab\u00a0Est-ce que l&rsquo;on enseigne bien les cours de musique, de SVT, etc. Oui\u00a0\u00bb,\u00a0affirme la maman. \u00ab\u00a0Je pense que s\u2019il y avait abstraction de quelque chose, cela se verrait sur les r\u00e9sultats scolaires ou sur les dipl\u00f4mes sur les examens nationaux, comme le brevet ou le bac\u00a0\u00bb, ajoute sa fille.<\/p>\n<p>\u00ab On voyait cela comme une injustice \u00bb<\/p>\n<p>Le lyc\u00e9e a enregistr\u00e9 96% de r\u00e9ussite au bac l&rsquo;an dernier. Safa l&rsquo;a eu, avec mention, et elle vient de terminer sa premi\u00e8re ann\u00e9e de m\u00e9decine. Mais la pr\u00e9fecture et les autorit\u00e9s, comme le pr\u00e9sident de la r\u00e9gion Xavier Bertrand, ont essay\u00e9 pendant deux ans de supprimer le contrat entre le lyc\u00e9e et l&rsquo;\u00c9tat. \u00ab\u00a0Nous, on voyait cela comme une injustice, on ne comprenait pas. Nous, on est \u00e0 Averro\u00e8s du matin au soir et depuis des ann\u00e9es et on sait ce qui s\u2019y passe et il n&rsquo;y a pas de probl\u00e8mes \u00bb, affirme Safa.<\/p>\n<p>\u00ab\u00a0Ce lyc\u00e9e avec un tel taux de r\u00e9ussite d\u00e9range. C\u2019est un lyc\u00e9e musulman, dans la banlieue de Lille, avec un taux d\u2019\u00e9l\u00e8ves boursiers de 60%. C\u2019est de l&rsquo;acharnement. Est-ce que ce sont les musulmans qui sont cibl\u00e9s, est-ce que l\u2019on ne veut pas les voir r\u00e9ussir\u00a0?\u00a0\u00bb, se demande la m\u00e8re de famille. \u00a0<\/p>\n<p>L&rsquo;\u00e9tablissement a retrouv\u00e9 son contrat, mais l&rsquo;affaire a laiss\u00e9 des traces. Les frais de scolarit\u00e9 ont augment\u00e9 l&rsquo;ann\u00e9e derni\u00e8re, for\u00e7ant certains \u00e9l\u00e8ves \u00e0 changer d&rsquo;\u00e9cole. Comme Hajar, la fille de Thomas, qui quittera \u00e0 contrec\u0153ur Averro\u00e8s \u00e0 la rentr\u00e9e pour un coll\u00e8ge public.<\/p>\n<p class=\"a-read-more\">\u00c0 lire aussi<a href=\"https:\/\/www.rfi.fr\/fr\/podcasts\/20201029-lenseignement-larabe-en-france-\u00e9ternel-d\u00e9bat\" target=\"_self\" class=\"a-read-more__link\" rel=\"noopener\">L\u2019enseignement de l\u2019arabe en France: un \u00e9ternel d\u00e9bat? <\/a><\/p>\n","protected":false},"excerpt":{"rendered":"Le lyc\u00e9e Averro\u00e8s de Lille (Nord) est l&rsquo;un des derniers \u00e9tablissements priv\u00e9s musulmans sous contrat avec l&rsquo;\u00c9tat. Un&hellip;\n","protected":false},"author":2,"featured_media":100510,"comment_status":"","ping_status":"","sticky":false,"template":"","format":"standard","meta":{"footnotes":""},"categories":[2815],"tags":[1111,11,1057,1777,674,1011,27,811,1307,12,4020,5920,25],"class_list":{"0":"post-100509","1":"post","2":"type-post","3":"status-publish","4":"format-standard","5":"has-post-thumbnail","7":"category-lille","8":"tag-actu","9":"tag-actualites","10":"tag-education","11":"tag-eu","12":"tag-europe","13":"tag-fr","14":"tag-france","15":"tag-hauts-de-france","16":"tag-lille","17":"tag-news","18":"tag-religion","19":"tag-reportage-france","20":"tag-republique-francaise"},"share_on_mastodon":{"url":"https:\/\/pubeurope.com\/@fr\/114508730469667873","error":""},"_links":{"self":[{"href":"https:\/\/www.europesays.com\/fr\/wp-json\/wp\/v2\/posts\/100509","targetHints":{"allow":["GET"]}}],"collection":[{"href":"https:\/\/www.europesays.com\/fr\/wp-json\/wp\/v2\/posts"}],"about":[{"href":"https:\/\/www.europesays.com\/fr\/wp-json\/wp\/v2\/types\/post"}],"author":[{"embeddable":true,"href":"https:\/\/www.europesays.com\/fr\/wp-json\/wp\/v2\/users\/2"}],"replies":[{"embeddable":true,"href":"https:\/\/www.europesays.com\/fr\/wp-json\/wp\/v2\/comments?post=100509"}],"version-history":[{"count":0,"href":"https:\/\/www.europesays.com\/fr\/wp-json\/wp\/v2\/posts\/100509\/revisions"}],"wp:featuredmedia":[{"embeddable":true,"href":"https:\/\/www.europesays.com\/fr\/wp-json\/wp\/v2\/media\/100510"}],"wp:attachment":[{"href":"https:\/\/www.europesays.com\/fr\/wp-json\/wp\/v2\/media?parent=100509"}],"wp:term":[{"taxonomy":"category","embeddable":true,"href":"https:\/\/www.europesays.com\/fr\/wp-json\/wp\/v2\/categories?post=100509"},{"taxonomy":"post_tag","embeddable":true,"href":"https:\/\/www.europesays.com\/fr\/wp-json\/wp\/v2\/tags?post=100509"}],"curies":[{"name":"wp","href":"https:\/\/api.w.org\/{rel}","templated":true}]}}