{"id":100513,"date":"2025-05-14T23:16:13","date_gmt":"2025-05-14T23:16:13","guid":{"rendered":"https:\/\/www.europesays.com\/fr\/100513\/"},"modified":"2025-05-14T23:16:13","modified_gmt":"2025-05-14T23:16:13","slug":"le-salon-slow-vino-met-en-lumiere-les-vins-naturels-et-aux-elevages-xxl","status":"publish","type":"post","link":"https:\/\/www.europesays.com\/fr\/100513\/","title":{"rendered":"le salon Slow Vino met en lumi\u00e8re les vins naturels et aux \u00e9levages XXL"},"content":{"rendered":"<p>Slow Vino comme on parle de Slow Art ou de Slow Food. Soit un \u00e9loge des choses qui prennent leur temps et qui savent d\u2019o\u00f9 elles viennent.<\/p>\n<p>Les dimanche\u00a018 et lundi 19\u00a0mai au restaurant Tumulte \u00e0 Marseille, dix vignerons viendront pr\u00e9senter leurs vins naturels (sans soufre ajout\u00e9) et surtout qui ont pris leur temps au moment de l\u2019\u00e9levage, qu\u2019il soit en f\u00fbts de ch\u00eane, en cuves b\u00e9ton, en jarres\u2026<\/p>\n<p>Professionnels et grand public<\/p>\n<p>Le salon est ouvert au grand public avec une participation de 5\u00a0\u20ac ouvrant droit aux d\u00e9gustations. Il est gratuit pour les professionnels de la fili\u00e8re, sommeliers, restaurateurs, cavistes\u2026<\/p>\n<p>\u00ab\u00a0Nous proposons des vins naturels, aboutis par plusieurs ann\u00e9es de vinification ou d\u2019\u00e9levage car tous les vins pr\u00e9sents ont un \u00e9levage sup\u00e9rieur \u00e0 48 mois et tous sont actuellement disponibles \u00e0 la vente\u00a0\u00bb, pr\u00e9cise Julien Ditte, vigneron catalan (domaine Amistat) et cofondateur du mouvement <a href=\"https:\/\/www.instagram.com\/slow.vino\/\" target=\"_blank\" rel=\"noopener\">Slow Vino<\/a>.<\/p>\n<p>Vins sans soufre ajout\u00e9 et bien plus<\/p>\n<p>Dans le d\u00e9tail, tous les domaines pr\u00e9sents s\u2019engagent, via une charte, \u00e0 ne pr\u00e9senter que des vins \u00ab\u00a0\u00e9labor\u00e9s \u00e0 partir de raisins exclusivement produits par le vigneron\u00a0\u00bb. Ils doivent, en outre, adopter \u00ab\u00a0une \u00e9thique \u00e9cologique par des pratiques respectant les pr\u00e9ceptes de l\u2019agriculture biologique, qu\u2019elle soit certifi\u00e9e ou non\u00a0\u00bb.<\/p>\n<p>Autre exigence de Slow Vino, les cuv\u00e9es sont \u00e9labor\u00e9es sans intrants lors de la vinification et uniquement en levures indig\u00e8nes.<\/p>\n<p>Parmi les vignerons pr\u00e9sents, on retrouvera ainsi deux de nos domaines r\u00e9gionaux pr\u00e9f\u00e9r\u00e9s, les Vauclusiens du Pourra (sablet et gigondas) et du Clos de T (ventoux) mais aussi des vins de Sauternes, du Roussillon, de Loire, de la r\u00e9gion de Naples\u2026<\/p>\n<p>Le dimanche soir, Tumulte accueillera en outre un d\u00eener exceptionnel avec les vignerons du salon et leurs vins, \u00e0 r\u00e9server directement aupr\u00e8s du restaurant.<\/p>\n<p>Les dimanche 18\u00a0mai de 11\u00a0h \u00e0 19 h et lundi 19\u00a0mai de 10\u00a0h \u00e0 17\u00a0h au restaurant Tumulte, 2\u00a0rue Pastoret, Marseille 6e\u00a0arrondissement, 09\u00a078\u00a080\u00a084\u00a087.<\/p>\n<p><script async src=\"\/\/www.instagram.com\/embed.js\"><\/script><\/p>\n","protected":false},"excerpt":{"rendered":"Slow Vino comme on parle de Slow Art ou de Slow Food. Soit un \u00e9loge des choses qui&hellip;\n","protected":false},"author":2,"featured_media":100514,"comment_status":"","ping_status":"","sticky":false,"template":"","format":"standard","meta":{"footnotes":""},"categories":[2814],"tags":[17,1111,11,1777,674,1011,27,151,15926,884,3736,12,882,16,25,6290,21547,21548],"class_list":{"0":"post-100513","1":"post","2":"type-post","3":"status-publish","4":"format-standard","5":"has-post-thumbnail","7":"category-marseille","8":"tag-17","9":"tag-actu","10":"tag-actualites","11":"tag-eu","12":"tag-europe","13":"tag-fr","14":"tag-france","15":"tag-les","16":"tag-lumiere","17":"tag-marseille","18":"tag-met","19":"tag-news","20":"tag-provence-alpes-cote-dazur","21":"tag-region","22":"tag-republique-francaise","23":"tag-salon","24":"tag-slow","25":"tag-vino"},"share_on_mastodon":{"url":"https:\/\/pubeurope.com\/@fr\/114508738445650825","error":""},"_links":{"self":[{"href":"https:\/\/www.europesays.com\/fr\/wp-json\/wp\/v2\/posts\/100513","targetHints":{"allow":["GET"]}}],"collection":[{"href":"https:\/\/www.europesays.com\/fr\/wp-json\/wp\/v2\/posts"}],"about":[{"href":"https:\/\/www.europesays.com\/fr\/wp-json\/wp\/v2\/types\/post"}],"author":[{"embeddable":true,"href":"https:\/\/www.europesays.com\/fr\/wp-json\/wp\/v2\/users\/2"}],"replies":[{"embeddable":true,"href":"https:\/\/www.europesays.com\/fr\/wp-json\/wp\/v2\/comments?post=100513"}],"version-history":[{"count":0,"href":"https:\/\/www.europesays.com\/fr\/wp-json\/wp\/v2\/posts\/100513\/revisions"}],"wp:featuredmedia":[{"embeddable":true,"href":"https:\/\/www.europesays.com\/fr\/wp-json\/wp\/v2\/media\/100514"}],"wp:attachment":[{"href":"https:\/\/www.europesays.com\/fr\/wp-json\/wp\/v2\/media?parent=100513"}],"wp:term":[{"taxonomy":"category","embeddable":true,"href":"https:\/\/www.europesays.com\/fr\/wp-json\/wp\/v2\/categories?post=100513"},{"taxonomy":"post_tag","embeddable":true,"href":"https:\/\/www.europesays.com\/fr\/wp-json\/wp\/v2\/tags?post=100513"}],"curies":[{"name":"wp","href":"https:\/\/api.w.org\/{rel}","templated":true}]}}