{"id":100523,"date":"2025-05-14T23:22:09","date_gmt":"2025-05-14T23:22:09","guid":{"rendered":"https:\/\/www.europesays.com\/fr\/100523\/"},"modified":"2025-05-14T23:22:09","modified_gmt":"2025-05-14T23:22:09","slug":"la-mere-de-confession-juive-condamnee","status":"publish","type":"post","link":"https:\/\/www.europesays.com\/fr\/100523\/","title":{"rendered":"la m\u00e8re de confession juive condamn\u00e9e"},"content":{"rendered":"<p>            Par<br \/>\n        <strong><br \/>\n            <a href=\"https:\/\/actu.fr\/auteur\/antoine-blanchet\" title=\"Consulter tous les articles de Antoine Blanchet\" rel=\"nofollow noopener\" target=\"_blank\">Antoine Blanchet<\/a><br \/>\n        <\/strong><\/p>\n<p>        Publi\u00e9 le<\/p>\n<p>            14 mai 2025 \u00e0 14h04        <\/p>\n<p>Une plaignante qui \u00e9tait elle-m\u00eame auteure des faits. Ce mercredi 14\u00a0mai 2025, le tribunal correctionnel de <a href=\"https:\/\/actu.fr\/paris\/\" rel=\"nofollow noopener\" target=\"_blank\">Paris<\/a> a condamn\u00e9 Nancy S.. La m\u00e8re de famille de 51\u00a0ans <a href=\"https:\/\/actu.fr\/ile-de-france\/paris_75056\/paris-les-tags-antisemites-dans-l-immeuble-de-mireille-knoll-cachaient-ils-une-crise-familiale_62447279.html\" rel=\"nofollow noopener\" target=\"_blank\">avait inscrit des tags antis\u00e9mites dans son immeuble HLM<\/a>. Une peine de<strong> 30 mois de prison, dont 12 fermes,<\/strong> a \u00e9t\u00e9 prononc\u00e9e \u00e0 son encontre. Durant ses 18 mois de sursis, une obligation de soins et de travail a \u00e9t\u00e9 prononc\u00e9e. Nancy S. devra aussi payer des dommages et int\u00e9r\u00eats au bailleur social et aux voisins victimes.\u00a0<\/p>\n<p>\u00ab\u2009Mort au juif\u2009\u00bb<\/p>\n<p class=\" wall-content\">Entre septembre et d\u00e9cembre\u00a02024, de nombreux tags haineux ont recouvert les parties communes d\u2019un immeuble HLM situ\u00e9 au <strong>30 avenue Philippe-Auguste<\/strong> dans le 20\u1d49 arrondissement de la capitale. \u00ab\u2009Mort au juif\u2009\u00bb, ou encore \u00ab\u2009Sale juif cr\u00e8ve\u2009\u00bb, les <a href=\"https:\/\/actu.fr\/tag\/antisemitisme\" rel=\"nofollow noopener\" target=\"_blank\">messages antis\u00e9mites<\/a> visaient particuli\u00e8rement Nancy S., femme de confession juive r\u00e9sidant dans l\u2019immeuble. Cette derni\u00e8re avait port\u00e9 plainte<strong> \u00e0 17 reprises.<\/strong><\/p>\n<p>Trois ans de prison requis<\/p>\n<p class=\" wall-content\">Tr\u00e8s vite, les m\u00e9dias s\u2019\u00e9taient empar\u00e9s de l\u2019affaire. Finalement, les investigations avaient permis d\u2019identifier les auteurs\u2009: Nancy S. elle-m\u00eame ainsi que sa fille adolescente. La femme et l\u2019adolescente sont vues sur vid\u00e9osurveillance <strong>en train de commettre des d\u00e9gradations<\/strong> dans la cage d\u2019escalier.<\/p>\n<p class=\" wall-content\">Lors de l\u2019audience, la pr\u00e9venue avait expliqu\u00e9 que c\u2019\u00e9tait sa fille qui \u00e9tait \u00e0 l\u2019origine des tags. La cause\u2009: l\u2019adolescente, adopt\u00e9e, vivait mal un rejet de la part de la communaut\u00e9 religieuse de sa m\u00e8re. Par col\u00e8re, elle aurait commis toutes ces d\u00e9gradations, allant jusqu\u2019\u00e0 inscrire des menaces de mort sur la porte d\u2019un voisin octog\u00e9naire.<\/p>\n<p class=\" wall-content\">Le parquet n\u2019avait pas cru cette absence de responsabilit\u00e9 de Nancy S. et avait requis \u00e0 son encontre <strong>trois ans de prison, dont deux ann\u00e9es avec sursis.\u00a0<\/strong>Ce mercredi, le tribunal a aussi prononc\u00e9 une interdiction \u00e0 la pr\u00e9venue d\u2019entrer en contact avec sa fille et avec les voisins.\u00a0<\/p>\n<p>Vid\u00e9os : en ce moment sur Actu<\/p>\n<p class=\" wall-content\">Nancy S. dispose de dix jours pour faire appel de la d\u00e9cision.\u00a0<\/p>\n<p class=\" wall-content\">Suivez toute l\u2019actualit\u00e9 de vos villes et m\u00e9dias favoris en vous inscrivant \u00e0 <a href=\"https:\/\/moncompte.actu.fr\" title=\"D\u00e9couvez Mon Actu\" rel=\"nofollow noopener\" data-trk=\"{&quot;cta&quot;:{&quot;action&quot;:&quot;https:\\\/\\\/moncompte.actu.fr&quot;,&quot;category&quot;:&quot;mon compte&quot;,&quot;from&quot;:&quot;article footer&quot;,&quot;name&quot;:&quot;Mon actu&quot;,&quot;type&quot;:&quot;cta&quot;}}\" target=\"_blank\">Mon Actu<\/a>.<\/p>\n","protected":false},"excerpt":{"rendered":"Par Antoine Blanchet Publi\u00e9 le 14 mai 2025 \u00e0 14h04 Une plaignante qui \u00e9tait elle-m\u00eame auteure des faits.&hellip;\n","protected":false},"author":2,"featured_media":100524,"comment_status":"","ping_status":"","sticky":false,"template":"","format":"standard","meta":{"footnotes":""},"categories":[1888],"tags":[1111,1928,11,1927,6155,1777,674,118,1011,27,303,12,1926,626,1925,25],"class_list":{"0":"post-100523","1":"post","2":"type-post","3":"status-publish","4":"format-standard","5":"has-post-thumbnail","7":"category-paris","8":"tag-actu","9":"tag-actu-paris","10":"tag-actualites","11":"tag-actualites-paris","12":"tag-antisemitisme","13":"tag-eu","14":"tag-europe","15":"tag-faits-divers","16":"tag-fr","17":"tag-france","18":"tag-justice","19":"tag-news","20":"tag-news-paris","21":"tag-paris","22":"tag-paris-news","23":"tag-republique-francaise"},"share_on_mastodon":{"url":"https:\/\/pubeurope.com\/@fr\/114508761867186072","error":""},"_links":{"self":[{"href":"https:\/\/www.europesays.com\/fr\/wp-json\/wp\/v2\/posts\/100523","targetHints":{"allow":["GET"]}}],"collection":[{"href":"https:\/\/www.europesays.com\/fr\/wp-json\/wp\/v2\/posts"}],"about":[{"href":"https:\/\/www.europesays.com\/fr\/wp-json\/wp\/v2\/types\/post"}],"author":[{"embeddable":true,"href":"https:\/\/www.europesays.com\/fr\/wp-json\/wp\/v2\/users\/2"}],"replies":[{"embeddable":true,"href":"https:\/\/www.europesays.com\/fr\/wp-json\/wp\/v2\/comments?post=100523"}],"version-history":[{"count":0,"href":"https:\/\/www.europesays.com\/fr\/wp-json\/wp\/v2\/posts\/100523\/revisions"}],"wp:featuredmedia":[{"embeddable":true,"href":"https:\/\/www.europesays.com\/fr\/wp-json\/wp\/v2\/media\/100524"}],"wp:attachment":[{"href":"https:\/\/www.europesays.com\/fr\/wp-json\/wp\/v2\/media?parent=100523"}],"wp:term":[{"taxonomy":"category","embeddable":true,"href":"https:\/\/www.europesays.com\/fr\/wp-json\/wp\/v2\/categories?post=100523"},{"taxonomy":"post_tag","embeddable":true,"href":"https:\/\/www.europesays.com\/fr\/wp-json\/wp\/v2\/tags?post=100523"}],"curies":[{"name":"wp","href":"https:\/\/api.w.org\/{rel}","templated":true}]}}