{"id":100531,"date":"2025-05-14T23:26:14","date_gmt":"2025-05-14T23:26:14","guid":{"rendered":"https:\/\/www.europesays.com\/fr\/100531\/"},"modified":"2025-05-14T23:26:14","modified_gmt":"2025-05-14T23:26:14","slug":"exclusion-partielle-des-russes-aux-qualifications-olympiques-quand-la-geopolitique-sinvite-sur-la-glace","status":"publish","type":"post","link":"https:\/\/www.europesays.com\/fr\/100531\/","title":{"rendered":"Exclusion partielle des Russes aux qualifications olympiques : quand la g\u00e9opolitique s\u2019invite sur la glace"},"content":{"rendered":"<p><strong>L\u2019Union internationale de patinage (ISU) a enfin rendu publique sa d\u00e9cision concernant la participation des patineurs russes aux \u00e9preuves qualificatives pour les Jeux olympiques de 2026. <\/strong><\/p>\n<p>Une annonce qui, loin d\u2019apaiser les tensions, soul\u00e8ve de nombreuses interrogations, notamment sur les crit\u00e8res d\u2019\u00e9ligibilit\u00e9 appliqu\u00e9s par l\u2019instance.<\/p>\n<p>Une s\u00e9lection partielle en patinage artistique<\/p>\n<p>Les patineurs russes engag\u00e9s en individuel ont obtenu l\u2019autorisation de participer sous statut neutre. <strong>Adelia Petrosyan et Pyotr Gumennik repr\u00e9senteront la Russie en tant que principaux s\u00e9lectionn\u00e9s<\/strong>. Alina Gorbatcheva et Vladislav Dikidzhi seront r\u00e9servistes.<\/p>\n<p>En revanche, aucun couple en patinage artistique ni duo en danse sur glace ne prendra part aux qualifications. <strong>Aucune des paires n\u2019a \u00e9t\u00e9 jug\u00e9e apte \u00e0 remplir les exigences de neutralit\u00e9.<\/strong><\/p>\n<p>Crit\u00e8res flous, d\u00e9cisions contest\u00e9es<\/p>\n<p>Le pr\u00e9sident de la F\u00e9d\u00e9ration russe de patinage artistique, Anton Sikharulidze, a confirm\u00e9 que <strong>l\u2019ISU n\u2019a pas justifi\u00e9 ses choix, comme le pr\u00e9voyait pourtant un communiqu\u00e9 ant\u00e9rieur de l\u2019organisation<\/strong>. Pire encore, l\u2019ISU a supprim\u00e9 toute possibilit\u00e9 de recours. <strong>Seule option restante : un \u00e9ventuel appel devant le Tribunal arbitral du sport (TAS).<\/strong><\/p>\n<p><strong>Cependant, l\u2019ISU affirme avoir examin\u00e9 les ant\u00e9c\u00e9dents publics des patineurs depuis f\u00e9vrier 2022<\/strong>. M\u00eame sans preuve de participation directe \u00e0 des \u00e9v\u00e9nements politiques pour les duos \u00e9cart\u00e9s, elle a visiblement tenu compte de leur pr\u00e9sence \u00e0 des c\u00e9r\u00e9monies officielles ou de certaines publications sur les r\u00e9seaux sociaux.<\/p>\n<p>Stepanova et Bukin, par exemple, \u00e9taient pr\u00e9sents lors du discours pr\u00e9sidentiel de Vladimir Poutine \u00e0 l\u2019Assembl\u00e9e f\u00e9d\u00e9rale, en 2023.<\/p>\n<p>Anastasia Mishina et Alexander Galliamov, invit\u00e9s au Kremlin en avril 2022 pour recevoir des r\u00e9compenses d\u2019\u00c9tat, s\u2019\u00e9taient publiquement r\u00e9jouis de leur rencontre avec le pr\u00e9sident russe.<\/p>\n<p><strong>Cela aurait particip\u00e9 \u00e0 compromettre leur admissibilit\u00e9.<\/strong><\/p>\n<p><strong>Des choix techniques\u2026 mais pas seulement<\/strong><\/p>\n<p><strong>Dans les disciplines individuelles, la s\u00e9lection a \u00e9galement suscit\u00e9 des r\u00e9actions<\/strong>. Le choix d\u2019Adelia Petrosyan fait largement consensus. Sa domination sur la sc\u00e8ne nationale est \u00e9vidente. En revanche, la s\u00e9lection de Pyotr Gumennik a suscit\u00e9 davantage de d\u00e9bats. Certains s\u2019interrogent sur sa pr\u00e9sence au d\u00e9triment d\u2019Evgeny Semenenko par exemple.<\/p>\n<p>Gumennik est capable de livrer des performances artistiques audacieuses mais une certaine irr\u00e9gularit\u00e9 persiste. Quant \u00e0 Semenenko, sa pr\u00e9sence sur la liste de sanctions ukrainiennes a jou\u00e9 en sa d\u00e9faveur.<\/p>\n<p><strong>Une neutralit\u00e9 conditionnelle et r\u00e9versible<\/strong><\/p>\n<p><strong>M\u00eame pour ceux qui figurent sur la liste de l\u2019ISU, rien n\u2019est d\u00e9finitivement acquis<\/strong>. L\u2019organisation a pr\u00e9cis\u00e9 que de nouvelles preuves ou informations pourraient remettre en cause leur statut, \u00e0 tout moment. Une forme de pr\u00e9carit\u00e9 juridique qui installe un climat d\u2019instabilit\u00e9 permanent.<\/p>\n<p><strong>Les rempla\u00e7ants, Gorbatcheva et Dikidzhi, ne pourraient \u00eatre align\u00e9s qu\u2019en cas de blessure de leurs co\u00e9quipiers, non pour des raisons administratives ou politiques<\/strong>. Ainsi, une \u00e9ventuelle disqualification de Petrosyan ou de Gumennik, pour des motifs extra-sportifs, pourrait laisser la Russie sans repr\u00e9sentants.<\/p>\n<p><strong>Le sport mondial au prisme du conflit<\/strong><\/p>\n<p><strong>Ce cas embl\u00e9matique illustre \u00e0 quel point le sport n\u2019est pas un terrain neutre<\/strong>. Alors que le CIO continue d\u2019afficher une volont\u00e9 d\u2019universalit\u00e9 et d\u2019apolitisme, les f\u00e9d\u00e9rations sp\u00e9cialis\u00e9es prennent des d\u00e9cisions influenc\u00e9es par des dynamiques g\u00e9opolitiques.<\/p>\n<p><strong>Le patinage artistique, discipline \u00e0 la fois esth\u00e9tique et technique, devient malgr\u00e9 lui un champ de bataille symbolique<\/strong>. Les athl\u00e8tes ne sont plus seulement jug\u00e9s sur leur talent, mais aussi sur leurs relations, leurs gestes pass\u00e9s, voire leurs silences. <strong>Dans un tel climat, la pr\u00e9paration aux Jeux ne se r\u00e9sume plus \u00e0 l\u2019entra\u00eenement physique : elle implique une prudence diplomatique constante.<\/strong><\/p>\n<p><strong>P\u00e9kin 2025, Milan 2026 : l\u2019avenir sous surveillance<\/strong><\/p>\n<p><strong>La qualification olympique se jouera en septembre \u00e0 P\u00e9kin<\/strong>. Pour d\u00e9crocher leur billet pour Milan, les patineurs russes devront se hisser dans le top 5 mondial. Mais au-del\u00e0 du r\u00e9sultat, c\u2019est leur droit m\u00eame \u00e0 concourir qui reste suspendu \u00e0 des \u00e9quilibres fragiles.<\/p>\n<p>Le cas russe pourrait bien faire jurisprudence. A\u2019 l\u2019heure o\u00f9 les conflits s\u2019intensifient sur la sc\u00e8ne internationale, combien d\u2019autres athl\u00e8tes verront leurs carri\u00e8res influenc\u00e9es par des d\u00e9cisions qui d\u00e9passent le cadre sportif ? La question reste ouverte, mais le patinage artistique, lui, patine d\u00e9j\u00e0 sur une glace politique de plus en plus fine.<\/p>\n<p>\u00a0<\/p>\n","protected":false},"excerpt":{"rendered":"L\u2019Union internationale de patinage (ISU) a enfin rendu publique sa d\u00e9cision concernant la participation des patineurs russes aux&hellip;\n","protected":false},"author":2,"featured_media":100532,"comment_status":"","ping_status":"","sticky":false,"template":"","format":"standard","meta":{"footnotes":""},"categories":[1591],"tags":[11,21549,1887,21550,3535,21551,21552,21553,8628,21554,21555,12,14349,21556,21557,316,7720,1885,1886,132],"class_list":{"0":"post-100531","1":"post","2":"type-post","3":"status-publish","4":"format-standard","5":"has-post-thumbnail","7":"category-russie","8":"tag-actualites","9":"tag-cio","10":"tag-federation-de-russie","11":"tag-geopo","12":"tag-geopolitique","13":"tag-gumennik","14":"tag-jeuxolympiques","15":"tag-jomilano","16":"tag-milan","17":"tag-milano2026","18":"tag-milanocortina","19":"tag-news","20":"tag-patinage","21":"tag-patinageartistique","22":"tag-petrosyan","23":"tag-politique","24":"tag-qualification","25":"tag-russia","26":"tag-russian-federation","27":"tag-russie"},"share_on_mastodon":{"url":"https:\/\/pubeurope.com\/@fr\/114508777605138460","error":""},"_links":{"self":[{"href":"https:\/\/www.europesays.com\/fr\/wp-json\/wp\/v2\/posts\/100531","targetHints":{"allow":["GET"]}}],"collection":[{"href":"https:\/\/www.europesays.com\/fr\/wp-json\/wp\/v2\/posts"}],"about":[{"href":"https:\/\/www.europesays.com\/fr\/wp-json\/wp\/v2\/types\/post"}],"author":[{"embeddable":true,"href":"https:\/\/www.europesays.com\/fr\/wp-json\/wp\/v2\/users\/2"}],"replies":[{"embeddable":true,"href":"https:\/\/www.europesays.com\/fr\/wp-json\/wp\/v2\/comments?post=100531"}],"version-history":[{"count":0,"href":"https:\/\/www.europesays.com\/fr\/wp-json\/wp\/v2\/posts\/100531\/revisions"}],"wp:featuredmedia":[{"embeddable":true,"href":"https:\/\/www.europesays.com\/fr\/wp-json\/wp\/v2\/media\/100532"}],"wp:attachment":[{"href":"https:\/\/www.europesays.com\/fr\/wp-json\/wp\/v2\/media?parent=100531"}],"wp:term":[{"taxonomy":"category","embeddable":true,"href":"https:\/\/www.europesays.com\/fr\/wp-json\/wp\/v2\/categories?post=100531"},{"taxonomy":"post_tag","embeddable":true,"href":"https:\/\/www.europesays.com\/fr\/wp-json\/wp\/v2\/tags?post=100531"}],"curies":[{"name":"wp","href":"https:\/\/api.w.org\/{rel}","templated":true}]}}