{"id":100533,"date":"2025-05-14T23:27:09","date_gmt":"2025-05-14T23:27:09","guid":{"rendered":"https:\/\/www.europesays.com\/fr\/100533\/"},"modified":"2025-05-14T23:27:09","modified_gmt":"2025-05-14T23:27:09","slug":"ukraine-un-tir-de-missile-russe-fait-trois-morts-a-soumy-15-05-2025-a-0049","status":"publish","type":"post","link":"https:\/\/www.europesays.com\/fr\/100533\/","title":{"rendered":"Ukraine-Un tir de missile russe fait trois morts \u00e0 Soumy &#8211; 15\/05\/2025 \u00e0 00:49"},"content":{"rendered":"<p>\n Trois personnes ont \u00e9t\u00e9 tu\u00e9es dans<br \/>\nune attaque de missile russe ayant vis\u00e9 mercredi un site<br \/>\nindustriel situ\u00e9 pr\u00e8s de la ville de Soumy, dans le nord-est de<br \/>\nl&rsquo;Ukraine, a d\u00e9clar\u00e9 sur Facebook le gouverneur de la r\u00e9gion,<br \/>\nOleh Hryhorov.\n<\/p>\n<p>\n La r\u00e9gion de Soumy, situ\u00e9e en face de la r\u00e9gion russe de<br \/>\nKoursk, a \u00e9t\u00e9 la cible d&rsquo;attaques r\u00e9p\u00e9t\u00e9es de la Russie au cours<br \/>\nde la guerre, particuli\u00e8rement au cours des derniers mois.\n<\/p>\n<p>\n (Ron Popeski et Oleksandr Kozhukhar; version fran\u00e7aise Camille<br \/>\nRaynaud)<\/p>\n","protected":false},"excerpt":{"rendered":"Trois personnes ont \u00e9t\u00e9 tu\u00e9es dans une attaque de missile russe ayant vis\u00e9 mercredi un site industriel situ\u00e9&hellip;\n","protected":false},"author":2,"featured_media":2486,"comment_status":"","ping_status":"","sticky":false,"template":"","format":"standard","meta":{"footnotes":""},"categories":[1590],"tags":[400,11,398,408,405,1777,674,403,402,399,404,12,401,406,220,407],"class_list":{"0":"post-100533","1":"post","2":"type-post","3":"status-publish","4":"format-standard","5":"has-post-thumbnail","7":"category-ukraine","8":"tag-action-cac-40","9":"tag-actualites","10":"tag-bourse-de-paris","11":"tag-boursorama","12":"tag-cotations","13":"tag-eu","14":"tag-europe","15":"tag-indices-devises","16":"tag-investir","17":"tag-investissement","18":"tag-marche-boursier","19":"tag-news","20":"tag-sicav","21":"tag-trackers","22":"tag-ukraine","23":"tag-warrants"},"share_on_mastodon":{"url":"https:\/\/pubeurope.com\/@fr\/114508781559389539","error":""},"_links":{"self":[{"href":"https:\/\/www.europesays.com\/fr\/wp-json\/wp\/v2\/posts\/100533","targetHints":{"allow":["GET"]}}],"collection":[{"href":"https:\/\/www.europesays.com\/fr\/wp-json\/wp\/v2\/posts"}],"about":[{"href":"https:\/\/www.europesays.com\/fr\/wp-json\/wp\/v2\/types\/post"}],"author":[{"embeddable":true,"href":"https:\/\/www.europesays.com\/fr\/wp-json\/wp\/v2\/users\/2"}],"replies":[{"embeddable":true,"href":"https:\/\/www.europesays.com\/fr\/wp-json\/wp\/v2\/comments?post=100533"}],"version-history":[{"count":0,"href":"https:\/\/www.europesays.com\/fr\/wp-json\/wp\/v2\/posts\/100533\/revisions"}],"wp:featuredmedia":[{"embeddable":true,"href":"https:\/\/www.europesays.com\/fr\/wp-json\/wp\/v2\/media\/2486"}],"wp:attachment":[{"href":"https:\/\/www.europesays.com\/fr\/wp-json\/wp\/v2\/media?parent=100533"}],"wp:term":[{"taxonomy":"category","embeddable":true,"href":"https:\/\/www.europesays.com\/fr\/wp-json\/wp\/v2\/categories?post=100533"},{"taxonomy":"post_tag","embeddable":true,"href":"https:\/\/www.europesays.com\/fr\/wp-json\/wp\/v2\/tags?post=100533"}],"curies":[{"name":"wp","href":"https:\/\/api.w.org\/{rel}","templated":true}]}}