{"id":100534,"date":"2025-05-14T23:28:12","date_gmt":"2025-05-14T23:28:12","guid":{"rendered":"https:\/\/www.europesays.com\/fr\/100534\/"},"modified":"2025-05-14T23:28:12","modified_gmt":"2025-05-14T23:28:12","slug":"neuf-immigres-sont-morts-en-detention-aux-etats-unis-depuis-linvestiture-de-trump","status":"publish","type":"post","link":"https:\/\/www.europesays.com\/fr\/100534\/","title":{"rendered":"Neuf immigr\u00e9s sont morts en d\u00e9tention aux \u00c9tats-Unis depuis l&rsquo;investiture de Trump"},"content":{"rendered":"<p class=\"fig-paragraph\">Neuf personnes immigr\u00e9es sont d\u00e9c\u00e9d\u00e9es en d\u00e9tention aux \u00c9tats-Unis depuis le retour au pouvoir de\u00a0<a href=\"http:\/\/www.lefigaro.fr\/international\/donald-trump-deploie-ses-premieres-mesures-contre-les-immigres-clandestins-20250121\" target=\"_blank\" data-fig-type=\"Article\" rel=\"noopener\" data-gtm-custom-categorie=\"navigation\" data-gtm-custom-action=\"crossclick\" data-gtm-custom-label=\"Contextuel\" data-gtm-event=\"customEventSPE\" data-fig-domain=\"LEFIGARO\">Donald Trump<\/a>\u00a0le 20 janvier, a annonc\u00e9 mercredi 14 mai Todd Lyons, le directeur des services f\u00e9d\u00e9raux de l&rsquo;immigration (ICE). Devant une commission de la Chambre des repr\u00e9sentants am\u00e9ricaine, Todd Lyons a affirm\u00e9 que \u00able nombre total de morts en d\u00e9tention est de neuf\u00bb et assur\u00e9 que l\u2019ICE agissait avec \u00abtransparence\u00bb. \u00abNous menons une enqu\u00eate approfondie\u00bb sur ces cas, a-t-il ajout\u00e9.<\/p>\n<p class=\"fig-paragraph\">Les services f\u00e9d\u00e9raux de l\u2019immigration sous-traitent \u00e0 des entreprises priv\u00e9es une partie de leurs services notamment dans les centres de d\u00e9tention, ce qui suscite notamment la pol\u00e9mique en raison des profits engrang\u00e9s. Press\u00e9 par les \u00e9lus de la commission, Todd Lyons a assur\u00e9 que ses services avaient \u00ables normes de d\u00e9tention parmi les plus \u00e9lev\u00e9es\u00bb. L\u2019\u00e9lue d\u00e9mocrate Veronica Escobar a d\u00e9nonc\u00e9 quant \u00e0 elle la d\u00e9tention d\u2019immigr\u00e9s \u00abqui dans leur majorit\u00e9 ne repr\u00e9sentent aucune menace pour les gens\u00bb, ajoutant que l\u2019ICE perp\u00e9tuait \u00abun sch\u00e9ma pr\u00e9occupant que l\u2019on voit dans une police autoritaire et non pas dans une r\u00e9publique d\u00e9mocratique\u00bb.<\/p>\n<p class=\"fig-paragraph\">Le pr\u00e9sident am\u00e9ricain Donald Trump a \u00e9rig\u00e9 la lutte contre l&rsquo;immigration clandestine en priorit\u00e9 absolue de son second mandat, \u00e9voquant une \u00abinvasion\u00bb des \u00c9tats-Unis par des \u00abcriminels venus de l&rsquo;\u00e9tranger\u00bb et communiquant abondamment sur les expulsions d&rsquo;immigr\u00e9s.<\/p>\n","protected":false},"excerpt":{"rendered":"Neuf personnes immigr\u00e9es sont d\u00e9c\u00e9d\u00e9es en d\u00e9tention aux \u00c9tats-Unis depuis le retour au pouvoir de\u00a0Donald Trump\u00a0le 20 janvier,&hellip;\n","protected":false},"author":2,"featured_media":100535,"comment_status":"","ping_status":"","sticky":false,"template":"","format":"standard","meta":{"footnotes":""},"categories":[1589],"tags":[1111,47,11,1109,1112,73,1866,118,1108,107,1106,1107,27,1110,1114,14,12,1113,316,1864,1865,1863,308],"class_list":{"0":"post-100534","1":"post","2":"type-post","3":"status-publish","4":"format-standard","5":"has-post-thumbnail","7":"category-etats-unis","8":"tag-actu","9":"tag-actualite","10":"tag-actualites","11":"tag-breves","12":"tag-depeches","13":"tag-etats-unis","14":"tag-etats-unis-damerique","15":"tag-faits-divers","16":"tag-fil","17":"tag-fil-info","18":"tag-flash","19":"tag-flash-actu","20":"tag-france","21":"tag-informations","22":"tag-infos","23":"tag-international","24":"tag-news","25":"tag-nouvelles","26":"tag-politique","27":"tag-united-states","28":"tag-united-states-of-america","29":"tag-us","30":"tag-usa"},"share_on_mastodon":{"url":"https:\/\/pubeurope.com\/@fr\/114508785593421410","error":""},"_links":{"self":[{"href":"https:\/\/www.europesays.com\/fr\/wp-json\/wp\/v2\/posts\/100534","targetHints":{"allow":["GET"]}}],"collection":[{"href":"https:\/\/www.europesays.com\/fr\/wp-json\/wp\/v2\/posts"}],"about":[{"href":"https:\/\/www.europesays.com\/fr\/wp-json\/wp\/v2\/types\/post"}],"author":[{"embeddable":true,"href":"https:\/\/www.europesays.com\/fr\/wp-json\/wp\/v2\/users\/2"}],"replies":[{"embeddable":true,"href":"https:\/\/www.europesays.com\/fr\/wp-json\/wp\/v2\/comments?post=100534"}],"version-history":[{"count":0,"href":"https:\/\/www.europesays.com\/fr\/wp-json\/wp\/v2\/posts\/100534\/revisions"}],"wp:featuredmedia":[{"embeddable":true,"href":"https:\/\/www.europesays.com\/fr\/wp-json\/wp\/v2\/media\/100535"}],"wp:attachment":[{"href":"https:\/\/www.europesays.com\/fr\/wp-json\/wp\/v2\/media?parent=100534"}],"wp:term":[{"taxonomy":"category","embeddable":true,"href":"https:\/\/www.europesays.com\/fr\/wp-json\/wp\/v2\/categories?post=100534"},{"taxonomy":"post_tag","embeddable":true,"href":"https:\/\/www.europesays.com\/fr\/wp-json\/wp\/v2\/tags?post=100534"}],"curies":[{"name":"wp","href":"https:\/\/api.w.org\/{rel}","templated":true}]}}