{"id":1005354,"date":"2026-06-17T05:29:28","date_gmt":"2026-06-17T05:29:28","guid":{"rendered":"https:\/\/www.europesays.com\/fr\/1005354\/"},"modified":"2026-06-17T05:29:28","modified_gmt":"2026-06-17T05:29:28","slug":"pologne-et-allemagne-signent-un-accord-de-defense-aux-ambitions-limitees-actualites","status":"publish","type":"post","link":"https:\/\/www.europesays.com\/fr\/1005354\/","title":{"rendered":"Pologne et Allemagne signent un accord de d\u00e9fense aux ambitions limit\u00e9es : Actualit\u00e9s"},"content":{"rendered":"<p class=\"lead \">Apr\u00e8s la signature de trait\u00e9s de d\u00e9fense avec la France et le Royaume-Uni, Varsovie doit parapher mercredi avec Berlin un accord de s\u00e9curit\u00e9 aux ambitions r\u00e9duites du fait des r\u00e9ticences historiques de la droite polonaise et du spectre d&rsquo;un veto pr\u00e9sidentiel.<\/p>\n<p class=\"lead \">L&rsquo;accord doit \u00eatre sign\u00e9 \u00e0 Varsovie par le ministre polonais de la D\u00e9fense, Wladyslaw Kosiniak-Kamysz, et son homologue allemand Boris Pistorius, \u00e0 l&rsquo;occasion du 35e anniversaire du trait\u00e9 de bon voisinage de 1991.<\/p>\n<p class=\"lead \">Les accords bilat\u00e9raux de d\u00e9fense se multiplient en Europe depuis l&rsquo;invasion \u00e0 grande \u00e9chelle de l&rsquo;Ukraine par la Russie en 2022 et surtout dans un contexte d&rsquo;incertitude sur l&rsquo;avenir de l&rsquo;engagement militaire am\u00e9ricain.<\/p>\n<p class=\"lead \">Etat membre de l&rsquo;Union europ\u00e9enne et de l&rsquo;Otan frontalier de l&rsquo;Ukraine, de la Russie (exclave de Kaliningrad) et du B\u00e9larus alli\u00e9 de Moscou, Varsovie a r\u00e9cemment sign\u00e9 deux importants trait\u00e9s avec les deux seules puissances nucl\u00e9aires du continent: la France le 9 mai 2025, et le Royaume\u2011Uni le 27 mai 2026.<\/p>\n<p class=\"lead \">Selon le minist\u00e8re polonais de la D\u00e9fense, l&rsquo;accord avec le voisin allemand met \u00e0 jour un accord-cadre sign\u00e9 en 2011 et couvre principalement la mobilit\u00e9 militaire, le d\u00e9veloppement d&rsquo;infrastructures logistiques, la coop\u00e9ration en mer Baltique, la cybers\u00e9curit\u00e9 et l&rsquo;espace.<\/p>\n<p class=\"lead \">Il ne comporte toutefois aucune clause suppl\u00e9mentaire de garanties mutuelles, celles-ci restant limit\u00e9es aux engagements existants de l&rsquo;Otan (article 5) et de l&rsquo;UE.<\/p>\n<p class=\"lead \">&#8211; Accord limit\u00e9 &#8211;<\/p>\n<p class=\"lead \">En pr\u00e9sentant un texte plus contraignant, le gouvernement pro-europ\u00e9en de Donald Tusk se serait heurt\u00e9 \u00e0 l&rsquo;opposition nationale-conservatrice du parti Droit et Justice (PiS) et aurait risqu\u00e9 la censure du pr\u00e9sident nationaliste Karol Nawrocki.<\/p>\n<p class=\"lead \">\u00ab\u00a0Nous connaissons tous l&rsquo;obsession du PiS et du pr\u00e9sident pour tout ce qui touche \u00e0 l&rsquo;Allemagne, donc bien s\u00fbr qu&rsquo;il opposerait son veto\u00a0\u00bb, a r\u00e9cemment d\u00e9clar\u00e9 le ministre des Affaires \u00e9trang\u00e8res, Radoslaw Sikorski.<\/p>\n<p class=\"lead \">Le trait\u00e9 sign\u00e9 avec Londres n&rsquo;a d&rsquo;ailleurs toujours pas \u00e9t\u00e9 ratifi\u00e9 par le chef de l&rsquo;\u00c9tat.<\/p>\n<p class=\"lead \">L&rsquo;accord pr\u00e9voit une intensification de la coordination entre Varsovie et Berlin, y compris dans le cadre de l&rsquo;Otan. D\u00e8s juillet, des soldats allemands doivent aider la Pologne \u00e0 renforcer sa fronti\u00e8re avec Kaliningrad dans le cadre du projet \u00ab\u00a0Bouclier de l&rsquo;Est\u00a0\u00bb.<\/p>\n<p class=\"lead \">En mer, cette coop\u00e9ration est tout aussi cruciale pour prot\u00e9ger les infrastructures sous-marines essentielles et surveiller la \u00ab\u00a0flotte fant\u00f4me\u00a0\u00bb russe, souligne Piotr Szymanski, du Centre d&rsquo;\u00e9tudes orientales, aupr\u00e8s de l&rsquo;AFP.<\/p>\n<p class=\"lead \">La Pologne participe par ailleurs \u00e0 plusieurs formats r\u00e9gionaux incluant l&rsquo;Allemagne, dont le Triangle de Weimar (France, Allemagne, Pologne), r\u00e9cemment \u00e9largi au format \u00ab\u00a0Weimar+\u00a0\u00bb avec l&rsquo;Ukraine et le Royaume-Uni.<\/p>\n<p class=\"lead \">&#8211; Renforcement du flanc est &#8211;<\/p>\n<p class=\"lead \">En vue du prochain sommet de l&rsquo;Otan \u00e0 Ankara, en juillet, les Europ\u00e9ens entendent afficher une position unie, la question centrale \u00e9tant l&rsquo;avenir de la pr\u00e9sence am\u00e9ricaine sur le continent.<\/p>\n<p class=\"lead \">Une r\u00e9duction des capacit\u00e9s am\u00e9ricaines impliquerait un r\u00f4le accru pour la Pologne et l&rsquo;Allemagne, rappelle le vice-ministre polonais de la D\u00e9fense, Pawel Zalewski.<\/p>\n<p class=\"lead \">Selon M. Szymanski, les capacit\u00e9s de commandement sur le flanc oriental seront renforc\u00e9es avec le transfert du \u00ab\u00a0Command Task Force Baltic\u00a0\u00bb \u00e0 Gdynia, port strat\u00e9gique de la Baltique d\u00e9j\u00e0 consid\u00e9r\u00e9 comme une porte d&rsquo;entr\u00e9e logistique de l&rsquo;Otan.<\/p>\n<p class=\"lead \">Parall\u00e8lement, des discussions se poursuivent au sein du gouvernement polonais sur des pr\u00e9paratifs \u00e0 une \u00e9ventuelle pr\u00e9sence accrue de troupes am\u00e9ricaines en Pologne, ce qui d\u00e9placerait encore davantage le centre de gravit\u00e9 militaire de l&rsquo;Otan vers l&rsquo;est.<\/p>\n<p class=\"small font-weight-bold text-gray3 \"> publi\u00e9 le 17 juin \u00e0 05h22, AFP<\/p>\n<p>                             Partager<\/p>\n","protected":false},"excerpt":{"rendered":"Apr\u00e8s la signature de trait\u00e9s de d\u00e9fense avec la France et le Royaume-Uni, Varsovie doit parapher mercredi avec&hellip;\n","protected":false},"author":2,"featured_media":1005355,"comment_status":"","ping_status":"","sticky":false,"template":"","format":"standard","meta":{"footnotes":"","_share_on_mastodon":"0"},"categories":[1587],"tags":[11,672,1804,19711,1805,1803,312,1777,674,1801,693,12,136,2437,1802,19712,308],"class_list":["post-1005354","post","type-post","status-publish","format-standard","has-post-thumbnail","category-allemagne","tag-actualites","tag-allemagne","tag-bundesrepublik-deutschland","tag-dfense","tag-de","tag-deutschland","tag-diplomatie","tag-eu","tag-europe","tag-germany","tag-industrie","tag-news","tag-otan","tag-pologne","tag-republique-federale-dallemagne","tag-traits","tag-usa"],"share_on_mastodon":{"url":"https:\/\/pubeurope.com\/@fr\/116763804786943297","error":""},"_links":{"self":[{"href":"https:\/\/www.europesays.com\/fr\/wp-json\/wp\/v2\/posts\/1005354","targetHints":{"allow":["GET"]}}],"collection":[{"href":"https:\/\/www.europesays.com\/fr\/wp-json\/wp\/v2\/posts"}],"about":[{"href":"https:\/\/www.europesays.com\/fr\/wp-json\/wp\/v2\/types\/post"}],"author":[{"embeddable":true,"href":"https:\/\/www.europesays.com\/fr\/wp-json\/wp\/v2\/users\/2"}],"replies":[{"embeddable":true,"href":"https:\/\/www.europesays.com\/fr\/wp-json\/wp\/v2\/comments?post=1005354"}],"version-history":[{"count":0,"href":"https:\/\/www.europesays.com\/fr\/wp-json\/wp\/v2\/posts\/1005354\/revisions"}],"wp:featuredmedia":[{"embeddable":true,"href":"https:\/\/www.europesays.com\/fr\/wp-json\/wp\/v2\/media\/1005355"}],"wp:attachment":[{"href":"https:\/\/www.europesays.com\/fr\/wp-json\/wp\/v2\/media?parent=1005354"}],"wp:term":[{"taxonomy":"category","embeddable":true,"href":"https:\/\/www.europesays.com\/fr\/wp-json\/wp\/v2\/categories?post=1005354"},{"taxonomy":"post_tag","embeddable":true,"href":"https:\/\/www.europesays.com\/fr\/wp-json\/wp\/v2\/tags?post=1005354"}],"curies":[{"name":"wp","href":"https:\/\/api.w.org\/{rel}","templated":true}]}}