{"id":100539,"date":"2025-05-14T23:31:12","date_gmt":"2025-05-14T23:31:12","guid":{"rendered":"https:\/\/www.europesays.com\/fr\/100539\/"},"modified":"2025-05-14T23:31:12","modified_gmt":"2025-05-14T23:31:12","slug":"la-france-reste-la-premiere-terre-dinvestissements-etrangers-en-europe-mais-faiblit","status":"publish","type":"post","link":"https:\/\/www.europesays.com\/fr\/100539\/","title":{"rendered":"La France reste la premi\u00e8re terre d&rsquo;investissements \u00e9trangers en Europe mais faiblit"},"content":{"rendered":"<p>\n                                        <b>Par<\/b><br \/>\n                                        <br \/>AFP\n                                    <\/p>\n<p>\n                                    <b>Publi\u00e9 le<\/b><br \/>\n                                    <\/p>\n<p>                                        14 mai 2025<\/p>\n<p class=\"article-content col-md-8 offset-md-1\">\n                                La France a gard\u00e9 en 2024 la premi\u00e8re place europ\u00e9enne des investissements \u00e9trangers pour la sixi\u00e8me ann\u00e9e cons\u00e9cutive, mais souffre des mesures d\u00e9cid\u00e9es avant l&rsquo;arriv\u00e9e de Donald Trump pour renforcer l&rsquo;attractivit\u00e9 des Etats-Unis, a d\u00e9voil\u00e9 le cabinet de conseil EY mercredi.<\/p>\n<p><img decoding=\"async\" class=\"news-image\" style=\"width:100%;max-width:680px;\" src=\"https:\/\/www.europesays.com\/fr\/wp-content\/uploads\/2025\/05\/91e0.png\" alt=\"Logo du cabinet EY (Ernst &amp; Young) \u00e0 Madrid le 27 septembre 2018.\" loading=\"lazy\"\/>Logo du cabinet EY (Ernst &amp; Young) \u00e0 Madrid le 27 septembre 2018. &#8211; AFP<\/p>\n<p>Avec 1.025 projets d&rsquo;investissements annonc\u00e9s par les entreprises \u00e9trang\u00e8res l&rsquo;an dernier, la France demeure devant le Royaume-Uni qui a attir\u00e9 853 annonces de projets d&rsquo;investissements, et l&rsquo;Allemagne qui en a enregistr\u00e9 608, d\u00e9taille EY dans son barom\u00e8tre \u00ab\u00a0barom\u00e8tre de l&rsquo;attractivit\u00e9 de la France 2025\u00a0\u00bb.<\/p>\n<p>La France affiche malgr\u00e9 sa sixi\u00e8me m\u00e9daille d&rsquo;or son plus faible nombre de projets annonc\u00e9s depuis 2020 et le plus bas nombre d&#8217;emplois \u00e0 la cl\u00e9 de ces projets depuis 2017 (29.000 emplois).<\/p>\n<p class=\"col-md-8 offset-md-1 article-content--texte\">Le trio de t\u00eate affiche dans son ensemble un net recul du nombre d&rsquo;investissements annonc\u00e9s, de l&rsquo;ordre de 13 \u00e0 17%, tout comme les 45 pays europ\u00e9ens \u00e9tudi\u00e9s par EY. Le barom\u00e8tre \u00ab\u00a0s&rsquo;inscrit dans un contexte de contraction assez significative de l&rsquo;investissement en Europe et d&rsquo;augmentation de l&rsquo;attractivit\u00e9 des Etats-Unis pour les entreprises internationales\u00a0\u00bb, rel\u00e8ve aupr\u00e8s de l&rsquo;AFP Marc Lhermitte, associ\u00e9 au cabinet EY.<\/p>\n<p>Les nouveaux projets d&rsquo;investissements ont progress\u00e9 de 20% sur un an en zone Am\u00e9rique du nord, \u00e9crit EY en se basant sur des donn\u00e9es de la Cnuced (Conf\u00e9rence des Nations Unies pour le commerce et le d\u00e9veloppement), en raison principalement de la perc\u00e9e am\u00e9ricaine, l\u00e0 o\u00f9 ils ont baiss\u00e9 de 5% en Europe.<\/p>\n<p class=\"col-md-10 exergue\">&#8211; Droits de douane &#8211;<\/p>\n<p>L&rsquo;\u00e9volution am\u00e9ricaine tient davantage \u00e0 la pr\u00e9sidence de Joe Biden qu&rsquo;\u00e0 celle de Donald Trump selon EY, l&rsquo;ex-pr\u00e9sident am\u00e9ricain ayant mis en place des incitations importantes pour les industriels pr\u00e9voyant de d\u00e9velopper des projets d&rsquo;avenir aux Etats-Unis, \u00e0 travers notamment l&rsquo;Inflation Reduction Act (IRA), remis en cause par Donald Trump.<\/p>\n<p>Ce dernier m\u00e8ne aussi une bataille pour attirer les entreprises internationales sur son sol avec l&rsquo;arme des droits de douane, estimant que celles-ci seront incit\u00e9es \u00e0 venir produire aux Etats-Unis afin d&rsquo;\u00e9viter d&rsquo;avoir \u00e0 payer des surtaxes douani\u00e8res.<\/p>\n<p>Les entreprises am\u00e9ricaines investissent en parall\u00e8le moins en Europe, et cela s&rsquo;observe sur les emplois: \u00ab\u00a0en 2021, les entreprises am\u00e9ricaines en Europe g\u00e9n\u00e9raient 113.000 emplois, en 2024 c&rsquo;est 58.000\u00a0\u00bb met en avant Marc Lhermitte, soit une r\u00e9duction de moiti\u00e9.<\/p>\n<p>Le barom\u00e8tre EY pr\u00e9c\u00e8de le sommet Choose France, organis\u00e9 lundi par l&rsquo;Elys\u00e9e au ch\u00e2teau de Versailles et \u00e0 l&rsquo;occasion duquel de nombreuses entreprises \u00e9trang\u00e8res invit\u00e9es doivent annoncer de nouveaux projets d&rsquo;investissements.<\/p>\n<p>Le gouvernement fran\u00e7ais, qui tient cette ann\u00e9e la huiti\u00e8me \u00e9dition de ce sommet, se base r\u00e9guli\u00e8rement sur le barom\u00e8tre EY pour justifier sa position de terre d&rsquo;investissements, favoris\u00e9e selon lui par les r\u00e9formes engag\u00e9es notamment sur la fiscalit\u00e9 et le droit du travail.<\/p>\n<p>Ce classement ne montre toutefois qu&rsquo;une partie de la r\u00e9alit\u00e9 de l&rsquo;attractivit\u00e9, en se focalisant sur le nombre de d\u00e9cisions d&rsquo;investissements annonc\u00e9es et pas sur les montants investis ni les projets effectivement men\u00e9s \u00e0 terme.<\/p>\n<p class=\"col-md-10 exergue\">&#8211; Extensions de sites &#8211;<\/p>\n<p>Le barom\u00e8tre montre par ailleurs un succ\u00e8s mitig\u00e9 en mati\u00e8re d&#8217;emplois cr\u00e9\u00e9s: la France est troisi\u00e8me avec 29.000 emplois, contre 38.196 au Royaume-Uni et 34.603 en Espagne.<\/p>\n<p>La France se singularise aussi en Europe par une grande majorit\u00e9 d&rsquo;annonces qui concernent des extensions de sites d\u00e9j\u00e0 existants plut\u00f4t que des projets d&rsquo;implantations nouvelles.<\/p>\n<p>\u00ab\u00a0On rallume la lumi\u00e8re dans un certain nombre d&rsquo;usines plut\u00f4t qu&rsquo;on ne met en place de nouvelles implantations spectaculaires comme on le fait en Espagne, en Pologne, ou en Allemagne ces derni\u00e8res ann\u00e9es\u00a0\u00bb, r\u00e9sume Marc Lhermitte.<\/p>\n<p>Pour les projets industriels, cheval de bataille des pays occidentaux ces derni\u00e8res ann\u00e9es qui tentent de reprendre la main sur les emplois et les savoirs faire longtemps n\u00e9glig\u00e9s, les nouvelles implantations ne repr\u00e9sentent que 15% du total des investissements dans l&rsquo;industrie. Et les projets industriels ne donnent lieu qu&rsquo;\u00e0 33 emplois en moyenne par site, montre le barom\u00e8tre, \u00e0 la dixi\u00e8me place europ\u00e9enne.<\/p>\n<p>Malgr\u00e9 ses r\u00e9formes, la France souffre encore du co\u00fbt de sa main d&rsquo;oeuvre et de son instabilit\u00e9 politique, selon un sondage men\u00e9 par EY aupr\u00e8s de 200 investisseurs internationaux en mars. Elle profite en revanche du niveau de son innovation et de la qualit\u00e9 de sa main d&rsquo;oeuvre.<\/p>\n<p>\u00ab\u00a0Un projet d&rsquo;investissement sur cinq qui se dirige vers l&rsquo;Europe atterrit en France\u00a0\u00bb, s&rsquo;est tout de m\u00eame f\u00e9licit\u00e9 mercredi le cabinet du ministre d\u00e9l\u00e9gu\u00e9 au Commerce ext\u00e9rieur Laurent Saint-Martin, jugeant que \u00ab\u00a0la strat\u00e9gie de r\u00e9industrialisation (&#8230;) fonctionne\u00a0\u00bb.\n                            <\/p>\n<p>\n                                Tous droits de reproduction et de repr\u00e9sentation r\u00e9serv\u00e9s.<br \/>\u00a9 2025 Agence France-Presse<br \/>Toutes les informations reproduites dans cette rubrique (ou sur cette page selon le cas) sont prot\u00e9g\u00e9es par des droits de propri\u00e9t\u00e9 intellectuelle d\u00e9tenus par l&rsquo;AFP. Par cons\u00e9quent, aucune de ces informations ne peut \u00eatre reproduite, modifi\u00e9e, rediffus\u00e9e, traduite, exploit\u00e9e commercialement ou r\u00e9utilis\u00e9e de quelque mani\u00e8re que ce soit sans l&rsquo;accord pr\u00e9alable \u00e9crit de l&rsquo;AFP. L&rsquo;AFP ne pourra \u00eatre tenue pour responsable des d\u00e9lais, erreurs, omissions qui ne peuvent \u00eatre exclus, ni des cons\u00e9quences des actions ou transactions effectu\u00e9es sur la base de ces informations.\n                            <\/p>\n","protected":false},"excerpt":{"rendered":"Par AFP Publi\u00e9 le 14 mai 2025 La France a gard\u00e9 en 2024 la premi\u00e8re place europ\u00e9enne des&hellip;\n","protected":false},"author":2,"featured_media":100540,"comment_status":"","ping_status":"","sticky":false,"template":"","format":"standard","meta":{"footnotes":""},"categories":[1586],"tags":[11,2424,537,2423,1777,674,1011,27,2425,985,12,2298,2426,2427,25,2421,2422],"class_list":{"0":"post-100539","1":"post","2":"type-post","3":"status-publish","4":"format-standard","5":"has-post-thumbnail","7":"category-europe","8":"tag-actualites","9":"tag-beaute","10":"tag-contact","11":"tag-cosmetiques","12":"tag-eu","13":"tag-europe","14":"tag-fr","15":"tag-france","16":"tag-luxe","17":"tag-mode","18":"tag-news","19":"tag-parfum","20":"tag-professionnel","21":"tag-professionnels","22":"tag-republique-francaise","23":"tag-reseau","24":"tag-textile"},"share_on_mastodon":{"url":"https:\/\/pubeurope.com\/@fr\/114508797402360863","error":""},"_links":{"self":[{"href":"https:\/\/www.europesays.com\/fr\/wp-json\/wp\/v2\/posts\/100539","targetHints":{"allow":["GET"]}}],"collection":[{"href":"https:\/\/www.europesays.com\/fr\/wp-json\/wp\/v2\/posts"}],"about":[{"href":"https:\/\/www.europesays.com\/fr\/wp-json\/wp\/v2\/types\/post"}],"author":[{"embeddable":true,"href":"https:\/\/www.europesays.com\/fr\/wp-json\/wp\/v2\/users\/2"}],"replies":[{"embeddable":true,"href":"https:\/\/www.europesays.com\/fr\/wp-json\/wp\/v2\/comments?post=100539"}],"version-history":[{"count":0,"href":"https:\/\/www.europesays.com\/fr\/wp-json\/wp\/v2\/posts\/100539\/revisions"}],"wp:featuredmedia":[{"embeddable":true,"href":"https:\/\/www.europesays.com\/fr\/wp-json\/wp\/v2\/media\/100540"}],"wp:attachment":[{"href":"https:\/\/www.europesays.com\/fr\/wp-json\/wp\/v2\/media?parent=100539"}],"wp:term":[{"taxonomy":"category","embeddable":true,"href":"https:\/\/www.europesays.com\/fr\/wp-json\/wp\/v2\/categories?post=100539"},{"taxonomy":"post_tag","embeddable":true,"href":"https:\/\/www.europesays.com\/fr\/wp-json\/wp\/v2\/tags?post=100539"}],"curies":[{"name":"wp","href":"https:\/\/api.w.org\/{rel}","templated":true}]}}