{"id":100547,"date":"2025-05-14T23:35:10","date_gmt":"2025-05-14T23:35:10","guid":{"rendered":"https:\/\/www.europesays.com\/fr\/100547\/"},"modified":"2025-05-14T23:35:10","modified_gmt":"2025-05-14T23:35:10","slug":"je-nai-pas-menti-je-nai-rien-cache-insiste-francois-bayrou","status":"publish","type":"post","link":"https:\/\/www.europesays.com\/fr\/100547\/","title":{"rendered":"\u00ab\u00a0Je n\u2019ai pas menti, je n\u2019ai rien cach\u00e9\u00a0\u00bb, insiste Fran\u00e7ois Bayrou"},"content":{"rendered":"<p style=\"text-align:justify;\">AA \/ Nice \/ Fe\u00efza Ben Mohamed <\/p>\n<p style=\"text-align:justify;\">Le Premier ministre fran\u00e7ais, Fran\u00e7ois Bayrou, a \u00e9t\u00e9 auditionn\u00e9 par la commission d\u2019enqu\u00eate parlementaire sur les violences faites aux enfants en milieu scolaire, ce mercredi apr\u00e8s-midi \u00e0 l&rsquo;Assembl\u00e9e nationale.<\/p>\n<p style=\"text-align:justify;\">Pendant plusieurs heures, le chef du gouvernement a \u00e9t\u00e9 questionn\u00e9 en d\u00e9tail sur ce qu\u2019il savait du scandale de l\u2019affaire du groupe scolaire catholique Notre-Dame de B\u00e9tharram. <\/p>\n<p style=\"text-align:justify;\">Fran\u00e7ois Bayrou a d\u00e9but\u00e9 son audition en assurant que son \u00ab seul lien avec B\u00e9tharram \u00bb \u00e9tait d\u2019y avoir \u00e9t\u00e9 \u00ab parent d\u2019\u00e9l\u00e8ve \u00bb, il y a presque 40 ans, alors que sa fille y \u00e9tait scolaris\u00e9e, puis il y a 25 ans, pendant les \u00e9tudes de son fils. <\/p>\n<p style=\"text-align:justify;\">D\u00e9non\u00e7ant \u00ab l\u2019instrumentalisation \u00bb de cette affaire par le biais \u00ab des r\u00e9seaux sociaux \u00bb, le Premier ministre jure que les accusations qui sont port\u00e9es contre lui \u00ab sont infond\u00e9es \u00bb et qu\u2019il n\u2019a jamais \u00ab prot\u00e9g\u00e9 des p\u00e9docriminels \u00bb. <\/p>\n<p style=\"text-align:justify;\">\u00ab Depuis 4 mois, je suis quotidiennement sali et diffam\u00e9 \u00bb, a-t-il lanc\u00e9, en pointant notamment \u00ab les affabulations \u00bb d\u2019une ancienne enseignante de B\u00e9tharram, parmi les premiers lanceurs d\u2019alerte sur les violences commises au sein du groupe scolaire. <\/p>\n<p style=\"text-align:justify;\">S\u2019agissant des faits les plus anciens, Fran\u00e7ois Bayrou a affirm\u00e9 ne pas se souvenir de tous les \u00e9l\u00e9ments d\u00e9voil\u00e9s, aujourd\u2019hui, et consid\u00e8re que \u00ab la m\u00e9moire de personne ne va pas jusqu\u2019\u00e0 40 ans \u00bb. <\/p>\n<p style=\"text-align:justify;\">Il indique n\u2019avoir eu, \u00e0 cette \u00e9poque \u00ab des informations que par la presse \u00bb. <\/p>\n<p style=\"text-align:justify;\">\u00ab Je maintiens n\u2019avoir eu aucune information privil\u00e9gi\u00e9e \u00bb sur les violences \u00e0 B\u00e9tharram, a-t-il assur\u00e9, pointant une volont\u00e9 de le \u00ab coincer \u00bb pour l\u2019obliger \u00ab \u00e0 d\u00e9missionner \u00bb. <\/p>\n<p style=\"text-align:justify;\">Et de poursuivre: \u00ab Vous ne m&rsquo;avez interrog\u00e9 que sur moi, sur ma responsabilit\u00e9, sur ce que j&rsquo;avais fait ou pas fait, sur le soup\u00e7on d&rsquo;\u00eatre intervenu, soup\u00e7on insupportable, dans l&rsquo;affaire pour prot\u00e9ger des p\u00e9docriminels. Toute l&rsquo;audition a tourn\u00e9 autour de \u00e7a \u00bb.<\/p>\n<p style=\"text-align:justify;\">Le chef du gouvernement rappelle, par ailleurs, avoir diligent\u00e9 un rapport d\u2019inspection en 1996, alors qu\u2019il \u00e9tait \u00e0 la t\u00eate du minist\u00e8re de l\u2019Education nationale et reconna\u00eet s\u2019\u00eatre bas\u00e9 sur \u00ab les conclusions \u00bb de ce rapport, sans l\u2019avoir analys\u00e9 en d\u00e9tail. <\/p>\n<p style=\"text-align:justify;\">Tout au long de son audition, Fran\u00e7ois Bayrou, qui est toujours maire de Pau, a mis en cause le travail de la commission d\u2019enqu\u00eate qu\u2019il soup\u00e7onne d\u2019\u00eatre \u00e0 charge, et plusieurs passes d\u2019armes ont eu lieu notamment avec le corapporteur Paul Vannier (La France Insoumise). <\/p>\n<p style=\"text-align:justify;\">Ce dernier est accus\u00e9 de partialit\u00e9 par le Premier ministre qui a d\u00e9nonc\u00e9 ses \u00ab m\u00e9thodes \u00bb, lui reprochant de \u00ab d\u00e9former la r\u00e9alit\u00e9 \u00bb et jurant que sa \u00ab version n\u2019a jamais vari\u00e9 \u00bb.<\/p>\n<p style=\"text-align:justify;\">Pour rappel, pas moins de 200 plaintes ont \u00e9t\u00e9 d\u00e9pos\u00e9es, \u00e0 ce jour, pour des faits intervenus entre les ann\u00e9es 50 et les ann\u00e9es 2000.<\/p>\n<p style=\"text-align:justify;\">Un homme 59 ans a \u00e9t\u00e9 mis en examen et \u00e9crou\u00e9 courant f\u00e9vrier dernier pour des faits de viol aggrav\u00e9 et agression sexuelle aggrav\u00e9e. Les deux autres personnes interpell\u00e9es au m\u00eame moment ont quant \u00e0 elles \u00e9t\u00e9 rel\u00e2ch\u00e9es au terme de leur garde \u00e0 vue, les faits pour lesquels ils sont mis en cause \u00e9tant prescrits. <\/p>\n<p style=\"text-align:justify;\">Le Premier ministre Fran\u00e7ois Bayrou, vis\u00e9 par un signalement class\u00e9 sans suite, reste point\u00e9 du doigt pour n\u2019avoir jamais signal\u00e9 les faits \u00e0 la justice, alors m\u00eame que ses propres enfants ont \u00e9t\u00e9 scolaris\u00e9s au sein de Notre-Dame de B\u00e9tharram et que son \u00e9pouse y a enseign\u00e9 le cat\u00e9chisme.<\/p>\n<p>                            &#13;<br \/>\n                                <a href=\"https:\/\/www.aa.com.tr\/fr\/p\/abonnement\/1001\" target=\"_blank\" style=\"font-size:12px; color:#444; text-decoration:none;\" rel=\"nofollow noopener\">&#13;<br \/>\n                                    Seulement une partie des d\u00e9p\u00eaches, que l&rsquo;Agence Anadolu diffuse \u00e0 ses abonn\u00e9s via le Syst\u00e8me de Diffusion interne (HAS), est diffus\u00e9e sur le site de l&rsquo;AA, de mani\u00e8re r\u00e9sum\u00e9e. <b style=\"color:#1897F7\">Contactez-nous s&rsquo;il vous pla\u00eet pour vous abonner.<\/b>&#13;<br \/>\n                                <\/a>&#13;<\/p>\n","protected":false},"excerpt":{"rendered":"AA \/ Nice \/ Fe\u00efza Ben Mohamed Le Premier ministre fran\u00e7ais, Fran\u00e7ois Bayrou, a \u00e9t\u00e9 auditionn\u00e9 par la&hellip;\n","protected":false},"author":2,"featured_media":100548,"comment_status":"","ping_status":"","sticky":false,"template":"","format":"standard","meta":{"footnotes":""},"categories":[4],"tags":[11,1785,21559,21558,21560,1011,27,12,25],"class_list":{"0":"post-100547","1":"post","2":"type-post","3":"status-publish","4":"format-standard","5":"has-post-thumbnail","7":"category-france","8":"tag-actualites","9":"tag-anadolu-ajansi","10":"tag-btharram","11":"tag-barrot","12":"tag-commission-parlementaire","13":"tag-fr","14":"tag-france","15":"tag-news","16":"tag-republique-francaise"},"share_on_mastodon":{"url":"https:\/\/pubeurope.com\/@fr\/114508812994793049","error":""},"_links":{"self":[{"href":"https:\/\/www.europesays.com\/fr\/wp-json\/wp\/v2\/posts\/100547","targetHints":{"allow":["GET"]}}],"collection":[{"href":"https:\/\/www.europesays.com\/fr\/wp-json\/wp\/v2\/posts"}],"about":[{"href":"https:\/\/www.europesays.com\/fr\/wp-json\/wp\/v2\/types\/post"}],"author":[{"embeddable":true,"href":"https:\/\/www.europesays.com\/fr\/wp-json\/wp\/v2\/users\/2"}],"replies":[{"embeddable":true,"href":"https:\/\/www.europesays.com\/fr\/wp-json\/wp\/v2\/comments?post=100547"}],"version-history":[{"count":0,"href":"https:\/\/www.europesays.com\/fr\/wp-json\/wp\/v2\/posts\/100547\/revisions"}],"wp:featuredmedia":[{"embeddable":true,"href":"https:\/\/www.europesays.com\/fr\/wp-json\/wp\/v2\/media\/100548"}],"wp:attachment":[{"href":"https:\/\/www.europesays.com\/fr\/wp-json\/wp\/v2\/media?parent=100547"}],"wp:term":[{"taxonomy":"category","embeddable":true,"href":"https:\/\/www.europesays.com\/fr\/wp-json\/wp\/v2\/categories?post=100547"},{"taxonomy":"post_tag","embeddable":true,"href":"https:\/\/www.europesays.com\/fr\/wp-json\/wp\/v2\/tags?post=100547"}],"curies":[{"name":"wp","href":"https:\/\/api.w.org\/{rel}","templated":true}]}}