{"id":100551,"date":"2025-05-14T23:37:08","date_gmt":"2025-05-14T23:37:08","guid":{"rendered":"https:\/\/www.europesays.com\/fr\/100551\/"},"modified":"2025-05-14T23:37:08","modified_gmt":"2025-05-14T23:37:08","slug":"matej-patak-latout-maitre-du-gfca-pour-la-finale-retour-contre-frejus","status":"publish","type":"post","link":"https:\/\/www.europesays.com\/fr\/100551\/","title":{"rendered":"Matej Patak, l&rsquo;atout ma\u00eetre du GFCA pour la finale retour contre Fr\u00e9jus"},"content":{"rendered":"<p>Son patronyme claque comme un smash aux trois m\u00e8tres ou en bout de filet et sa r\u00e9putation de joueur fin et rac\u00e9 \u00e0 un poste de r\u00e9ceptionneur &#8211; attaquant taill\u00e9 sur mesure, n&rsquo;est d\u00e9sormais plus \u00e0 faire.<\/p>\n<p>\u00c0 bient\u00f4t 35 ans, le r\u00e9ceptionneur &#8211; attaquant gazier dont le parcours indique des d\u00e9buts au sein du club tch\u00e8que de Brno deux fois vainqueur de la Ligue des Champions puis, transite par la capitale de son pays Bratislava avant de bifurquer par la France et le meilleur championnat du monde en Pologne, est un joueur reconnu pour sa rigueur professionnelle mais aussi pour sa discr\u00e9tion naturelle.<\/p>\n<p>\u00a0\u00bb C&rsquo;est le premier arriv\u00e9 et le dernier parti \u00e0 chaque entra\u00eenement \u00a0\u00bb glisse Fr\u00e9d\u00e9ric Ferrandez louant le s\u00e9rieux et l&rsquo;investissement d&rsquo;un volleyeur sachant\u00a0: \u00a0\u00bb Tr\u00e8s bien se g\u00e9rer et professionnel jusqu&rsquo;au bout des ongles. \u00ab\u00a0<\/p>\n","protected":false},"excerpt":{"rendered":"Son patronyme claque comme un smash aux trois m\u00e8tres ou en bout de filet et sa r\u00e9putation de&hellip;\n","protected":false},"author":2,"featured_media":100552,"comment_status":"","ping_status":"","sticky":false,"template":"","format":"standard","meta":{"footnotes":""},"categories":[1417],"tags":[17,1011,27,6392,21563,21564,21561,21562,471,60,1470,1469],"class_list":{"0":"post-100551","1":"post","2":"type-post","3":"status-publish","4":"format-standard","5":"has-post-thumbnail","7":"category-volley","8":"tag-17","9":"tag-fr","10":"tag-france","11":"tag-gfca","12":"tag-latout","13":"tag-maitre","14":"tag-matej","15":"tag-patak","16":"tag-pour","17":"tag-sports","18":"tag-volley","19":"tag-volleyball"},"share_on_mastodon":{"url":"https:\/\/pubeurope.com\/@fr\/114508820863528895","error":""},"_links":{"self":[{"href":"https:\/\/www.europesays.com\/fr\/wp-json\/wp\/v2\/posts\/100551","targetHints":{"allow":["GET"]}}],"collection":[{"href":"https:\/\/www.europesays.com\/fr\/wp-json\/wp\/v2\/posts"}],"about":[{"href":"https:\/\/www.europesays.com\/fr\/wp-json\/wp\/v2\/types\/post"}],"author":[{"embeddable":true,"href":"https:\/\/www.europesays.com\/fr\/wp-json\/wp\/v2\/users\/2"}],"replies":[{"embeddable":true,"href":"https:\/\/www.europesays.com\/fr\/wp-json\/wp\/v2\/comments?post=100551"}],"version-history":[{"count":0,"href":"https:\/\/www.europesays.com\/fr\/wp-json\/wp\/v2\/posts\/100551\/revisions"}],"wp:featuredmedia":[{"embeddable":true,"href":"https:\/\/www.europesays.com\/fr\/wp-json\/wp\/v2\/media\/100552"}],"wp:attachment":[{"href":"https:\/\/www.europesays.com\/fr\/wp-json\/wp\/v2\/media?parent=100551"}],"wp:term":[{"taxonomy":"category","embeddable":true,"href":"https:\/\/www.europesays.com\/fr\/wp-json\/wp\/v2\/categories?post=100551"},{"taxonomy":"post_tag","embeddable":true,"href":"https:\/\/www.europesays.com\/fr\/wp-json\/wp\/v2\/tags?post=100551"}],"curies":[{"name":"wp","href":"https:\/\/api.w.org\/{rel}","templated":true}]}}