{"id":1005570,"date":"2026-06-17T07:54:17","date_gmt":"2026-06-17T07:54:17","guid":{"rendered":"https:\/\/www.europesays.com\/fr\/1005570\/"},"modified":"2026-06-17T07:54:17","modified_gmt":"2026-06-17T07:54:17","slug":"letonnant-cadeau-personnalise-demmanuel-macron-a-donald-trump-pour-le-g7","status":"publish","type":"post","link":"https:\/\/www.europesays.com\/fr\/1005570\/","title":{"rendered":"L\u2019\u00e9tonnant cadeau \u00ab\u00a0personnalis\u00e9\u00a0\u00bb d\u2019Emmanuel Macron \u00e0 Donald Trump pour le G7"},"content":{"rendered":"<p class=\"intro\">\u00c0 l\u2019occasion du G7, qui se tient en ce mois de juin \u00e0 \u00c9vian-les-Bains, Emmanuel Macron a pr\u00e9vu d\u2019offrir un tr\u00e8s beau cadeau fabriqu\u00e9 au France \u00e0 chacun de ses convives. Mais il n\u2019est pas certain que tous en fassent bon usage\u2026<\/p>\n<p>Ce cadeau sera-t-il appr\u00e9ci\u00e9 \u00e0 sa juste valeur\u00a0? Alors que la venue de Donald Trump au <a href=\"https:\/\/www.parismatch.com\/actu\/politique\/au-g7-devian-les-bains-brigitte-macron-fait-briller-la-france-donald-trump-sous-le-charme-270883\" rel=\"nofollow noopener\" target=\"_blank\">G7 d\u2019\u00c9vian-les-Bains<\/a>, en Haute-Savoie, \u00e9tait plus qu\u2019incertaine et afin d\u2019\u00e9viter que le pr\u00e9sident am\u00e9ricain ne quitte la r\u00e9union pr\u00e9cipitamment, comme il le fit l\u2019an pass\u00e9 au Canada, tous les pr\u00e9sidents et chefs de gouvernement semblent \u00eatre <a href=\"https:\/\/www.parismatch.com\/actu\/international\/brigitte-macron-tout-sourire-avec-donald-trump-emmanuel-macron-hilare-avec-ursula-von-der-leyen-les-photos-du-g7-a-evian-270970\" rel=\"nofollow noopener\" target=\"_blank\">au petit soin du r\u00e9publicain<\/a>. Ainsi, le chancelier allemand <a href=\"https:\/\/www.parismatch.com\/bio\/friedrich-merz\" rel=\"nofollow noopener\" target=\"_blank\">Friedrich Merz<\/a> lui a offert <a href=\"https:\/\/www.parismatch.com\/actu\/international\/la-coupe-du-monde-sinvite-au-g7-donald-trump-recoit-un-amusant-cadeau-mais-le-fair-play-reste-au-vestiaire-270915\" rel=\"nofollow noopener\" target=\"_blank\">un maillot de l\u2019\u00e9quipe de football d\u2019Allemagne<\/a> floqu\u00e9 de son nom en clin d\u2019\u0153il \u00e0 <a href=\"https:\/\/www.parismatch.com\/dossiers\/coupe-du-monde-de-football\" rel=\"nofollow noopener\" target=\"_blank\">la Coupe du monde<\/a>, qui se d\u00e9roule actuellement sur le Nouveau continent.<\/p>\n<p>De son c\u00f4t\u00e9, <a href=\"https:\/\/www.parismatch.com\/bio\/emmanuel-macron\" rel=\"nofollow noopener\" target=\"_blank\">Emmanuel Macron<\/a> organise un grand d\u00eener \u00e0 Versailles pour Donald Trump ce mercredi 17\u00a0juin, \u00e0 l\u2019issue du G7 donc, afin de c\u00e9l\u00e9brer <a href=\"https:\/\/www.parismatch.com\/Actu\/les-images-spectaculaires-du-show-de-la-patrouille-de-france-au-dessus-de-new-york-270556\" rel=\"nofollow noopener\" target=\"_blank\">les 250\u00a0ans de l\u2019ind\u00e9pendance am\u00e9ricaine<\/a> et le r\u00f4le jou\u00e9 par la France. Le pr\u00e9sident fran\u00e7ais a \u00e9galement pr\u00e9vu de faire un surprenant cadeau \u00e0 son homologue am\u00e9ricain\u00a0: un v\u00e9lo de route\u00a0! Sur X (anciennement Twitter), le pr\u00e9sident de l\u2019Union Cycliste Internationale (UCI) David Lappartient a, en effet, r\u00e9v\u00e9l\u00e9 que le chef d\u2019\u00c9tat avait command\u00e9 des v\u00e9los \u00ab\u00a0personnalis\u00e9s\u00a0\u00bb pour chacun des sept chefs d\u2019\u00c9tat pr\u00e9sents au G7 afin de \u00ab\u00a0promouvoir les Championnats du monde UCI de Haute-Savoie 2027\u00a0\u00bb.<\/p>\n<p>    La suite apr\u00e8s cette publicit\u00e9<\/p>\n<p>Donald Trump, Keir Starmer, Mark Carney, Giorgia Meloni, Sanae Takaichi et Friedrich Merz repartiront donc d\u2019\u00c9vian-les-Bains avec un v\u00e9lo de la marque fran\u00e7aise Look Cycle au cadran personnalis\u00e9\u00a0: tous ont \u00e9t\u00e9 peints aux couleurs du drapeau de leur nouveau propri\u00e9taire.<\/p>\n<p>    La suite apr\u00e8s cette publicit\u00e9<\/p>\n<p>Un tr\u00e8s lointain souvenir<\/p>\n<p>En 1989, puis 1990, Donald Trump a sponsoris\u00e9 une course de v\u00e9lo qui a port\u00e9 son nom, le Tour de Trump. Cette comp\u00e9tition avait \u00e9t\u00e9 imagin\u00e9e par un journaliste am\u00e9ricain ayant couvert <a href=\"https:\/\/www.parismatch.com\/dossiers\/tour-de-france\" rel=\"nofollow noopener\" target=\"_blank\">le Tour de France<\/a> et qui voulait reproduire la m\u00eame chose aux \u00c9tats-Unis. Elle comprenait 10 \u00e9tapes r\u00e9parties entre les \u00c9tats de New York, du New Jersey et de Pennsylvanie et son arriv\u00e9e se faisait devant un Casino du milliardaire.<\/p>\n<p>    <img decoding=\"async\" src=\"https:\/\/www.europesays.com\/fr\/wp-content\/uploads\/2026\/06\/gettyimages-514887988.jpg\" alt=\"Donald Trump lors d'une conf\u00e9rence de presse \u00e0 DuPont Plaza \u00e0 Wilmington, dans le Delaware, pour promouvoir sa course cycliste \u00ab Tour de Trump \u00bb, en f\u00e9vrier 1990.\" loading=\"lazy\"\/><\/p>\n<p>\n      Donald Trump lors d&rsquo;une conf\u00e9rence de presse \u00e0 DuPont Plaza \u00e0 Wilmington, dans le Delaware, pour promouvoir sa course cycliste \u00ab Tour de Trump \u00bb, en f\u00e9vrier 1990. <\/p>\n<p>                                \u00a9 NY Daily News via Getty Images<\/p>\n<p>\u00c0 cette \u00e9poque, le tr\u00e8s peu sportif Donald Trump avait confi\u00e9 de ne pas \u00eatre mont\u00e9 sur un v\u00e9lo depuis son adolescence. Et quelques ann\u00e9es plus tard, alors que son rival politique <a href=\"https:\/\/www.parismatch.com\/bio\/joe-biden\" rel=\"nofollow noopener\" target=\"_blank\">Joe Biden<\/a> avait <a href=\"https:\/\/www.parismatch.com\/Actu\/International\/Chute-a-velo-sans-gravite-pour-Joe-Biden-1812869\" rel=\"nofollow noopener\" target=\"_blank\">chut\u00e9 de sa bicyclette,<\/a> le milliardaire s\u2019\u00e9tait fait une promesse\u00a0: \u00ab\u00a0Je promets aujourd\u2019hui que je ne monterai jamais, jamais sur un v\u00e9lo\u00a0\u00bb. Il y a donc peu de chance de voir le pr\u00e9sident am\u00e9ricain visiter les jardins du ch\u00e2teau de Versailles en deux-roues ce mercredi soir\u00a0!<\/p>\n","protected":false},"excerpt":{"rendered":"\u00c0 l\u2019occasion du G7, qui se tient en ce mois de juin \u00e0 \u00c9vian-les-Bains, Emmanuel Macron a pr\u00e9vu&hellip;\n","protected":false},"author":2,"featured_media":1005571,"comment_status":"","ping_status":"","sticky":false,"template":"","format":"standard","meta":{"footnotes":"","_share_on_mastodon":"0"},"categories":[1888],"tags":[1111,1928,11,1927,1777,674,1011,27,12,1926,626,1925,25],"class_list":["post-1005570","post","type-post","status-publish","format-standard","has-post-thumbnail","category-paris","tag-actu","tag-actu-paris","tag-actualites","tag-actualites-paris","tag-eu","tag-europe","tag-fr","tag-france","tag-news","tag-news-paris","tag-paris","tag-paris-news","tag-republique-francaise"],"share_on_mastodon":{"url":"https:\/\/pubeurope.com\/@fr\/116764376270475386","error":""},"_links":{"self":[{"href":"https:\/\/www.europesays.com\/fr\/wp-json\/wp\/v2\/posts\/1005570","targetHints":{"allow":["GET"]}}],"collection":[{"href":"https:\/\/www.europesays.com\/fr\/wp-json\/wp\/v2\/posts"}],"about":[{"href":"https:\/\/www.europesays.com\/fr\/wp-json\/wp\/v2\/types\/post"}],"author":[{"embeddable":true,"href":"https:\/\/www.europesays.com\/fr\/wp-json\/wp\/v2\/users\/2"}],"replies":[{"embeddable":true,"href":"https:\/\/www.europesays.com\/fr\/wp-json\/wp\/v2\/comments?post=1005570"}],"version-history":[{"count":0,"href":"https:\/\/www.europesays.com\/fr\/wp-json\/wp\/v2\/posts\/1005570\/revisions"}],"wp:featuredmedia":[{"embeddable":true,"href":"https:\/\/www.europesays.com\/fr\/wp-json\/wp\/v2\/media\/1005571"}],"wp:attachment":[{"href":"https:\/\/www.europesays.com\/fr\/wp-json\/wp\/v2\/media?parent=1005570"}],"wp:term":[{"taxonomy":"category","embeddable":true,"href":"https:\/\/www.europesays.com\/fr\/wp-json\/wp\/v2\/categories?post=1005570"},{"taxonomy":"post_tag","embeddable":true,"href":"https:\/\/www.europesays.com\/fr\/wp-json\/wp\/v2\/tags?post=1005570"}],"curies":[{"name":"wp","href":"https:\/\/api.w.org\/{rel}","templated":true}]}}