{"id":100567,"date":"2025-05-14T23:46:34","date_gmt":"2025-05-14T23:46:34","guid":{"rendered":"https:\/\/www.europesays.com\/fr\/100567\/"},"modified":"2025-05-14T23:46:34","modified_gmt":"2025-05-14T23:46:34","slug":"la-brique-le-nouveau-chic-de-larchitecture-romande","status":"publish","type":"post","link":"https:\/\/www.europesays.com\/fr\/100567\/","title":{"rendered":"La brique, le nouveau chic de l\u2019architecture romande"},"content":{"rendered":"<p>              <a tabindex=\"-1\" title=\"Emilie Veillon\" href=\"https:\/\/www.letemps.ch\/profil\/emilie-veillon\" target=\"_blank\" rel=\"noopener\"><\/p>\n<p>                    <img decoding=\"async\" src=\"https:\/\/www.europesays.com\/fr\/wp-content\/uploads\/2025\/05\/1747266394_514_small.jpeg\" class=\"lazy\" alt=\"\"\/><\/p>\n<p><\/a>        <\/p>\n<p>    Publi\u00e9 le 10 mai 2025 \u00e0 13:05. \/ Modifi\u00e9 le 10 mai 2025 \u00e0 16:36.<\/p>\n<p> 3 min. de lecture<\/p>\n<p class=\"article__abstract-call-to-action\" data-ariato=\"TrackableElement\" data-trackable-element-type=\"article_abstract_cta\" data-trackable-element-location=\"article_header\" data-trackable-element-id=\"493931\">\n          <a data-event=\"click-&gt;clicked\" href=\"https:\/\/www.letemps.ch\/abonnements\" target=\"_blank\" rel=\"noopener\">Abonnez-vous<\/a> pour acc\u00e9der au r\u00e9sum\u00e9 en 20 secondes.\n        <\/p>\n<p>Ce printemps, traverser d\u2019un bout \u00e0 l\u2019autre Lausanne fait r\u00e9aliser l\u2019ampleur des travaux routiers dans la capitale vaudoise, mais aussi la pr\u00e9sence de plus en plus marqu\u00e9e de briques sur ses nouveaux b\u00e2timents. Des Plaines-du-Loup \u00e0 Crissier en passant par Malley-Gare, nombreuses sont les fa\u00e7ades qui les affichent dans des teintes de gris, de sable ou d\u2019ocre. Et c\u2019est aussi le cas ailleurs en Suisse romande. \u00abDepuis que nous avons construit le Mus\u00e9e cantonal des beaux-arts de Lausanne, la demande a fortement augment\u00e9 un peu partout sur l\u2019Arc l\u00e9manique\u00bb, confirme Bruno Wittwer, \u00e0 la t\u00eate de l\u2019entreprise de ma\u00e7onnerie Qualibuild, bas\u00e9e \u00e0 Crassier, dont le dernier mandat en date concerne le b\u00e2timent de la future piscine de Carouge. Il collabore r\u00e9guli\u00e8rement avec le bureau genevois Frey Architectes, reconnu pour l\u2019usage de ce mat\u00e9riau sur des villas contemporaines depuis une vingtaine d\u2019ann\u00e9es.<\/p>\n<p>\u00abC\u2019est devenu notre marque de fabrique. A l\u2019\u00e9poque, il n\u2019y avait que trois ou quatre mod\u00e8les de briques, mais le choix ne cesse de s\u2019agrandir, avec une quantit\u00e9 de teintes incroyables, du blanc au brun fonc\u00e9 en passant par le rouge et aussi diverses mani\u00e8res de les int\u00e9grer. La brique permet une grande cr\u00e9ativit\u00e9 \u00e9galement dans la pose: on peut faire des moucharabiehs [des cloisons ajour\u00e9es typiquement orientales, ndlr], traiter les angles diff\u00e9remment, voire les mettre \u00e0 la verticale\u00bb, d\u00e9taille-t-il.<\/p>\n<p>    La suite de l&rsquo;article vous int\u00e9resse?<\/p>\n<p>Tout comprendre, mieux s\u2019informer: acc\u00e9dez au meilleur du journalisme suisse avec notre offre combin\u00e9e <b>Le Temps &amp; Heidi.news<\/b>. &#13;\n<\/p>\n<p>Abonnez-vous en quelques clics et payez facilement avec <b>Twint<\/b>.<\/p>\n<p>    <a class=\"button is-secondary\" data-event=\"click-&gt;clicked\" href=\"https:\/\/www.letemps.ch\/abonnements?wall_id=1\" target=\"_blank\" rel=\"noopener\">Je m\u2019abonne<\/a><\/p>\n<p class=\"post-subscribe__login\">\n        Vous avez d\u00e9j\u00e0 un compte ?<br \/>\n        <a class=\"link\" rel=\"nofollow noopener\" href=\"https:\/\/www.letemps.ch\/compte\/connexion?return_to=https%3A%2F%2Fwww.letemps.ch%2Fsociete%2Fla-brique-le-nouveau-chic-de-l-architecture-romande\" target=\"_blank\">Se connecter<\/a>\n      <\/p>\n","protected":false},"excerpt":{"rendered":"Publi\u00e9 le 10 mai 2025 \u00e0 13:05. \/ Modifi\u00e9 le 10 mai 2025 \u00e0 16:36. 3 min. de&hellip;\n","protected":false},"author":2,"featured_media":100568,"comment_status":"","ping_status":"","sticky":false,"template":"","format":"standard","meta":{"footnotes":""},"categories":[1358],"tags":[1350,1348,1384,1385,1386,58,59,1011,27,300,301,299],"class_list":{"0":"post-100567","1":"post","2":"type-post","3":"status-publish","4":"format-standard","5":"has-post-thumbnail","7":"category-arts-et-design","8":"tag-architecture","9":"tag-arts","10":"tag-arts-and-design","11":"tag-arts-et-design","12":"tag-design","13":"tag-divertissement","14":"tag-entertainment","15":"tag-fr","16":"tag-france","17":"tag-le-magazine-du-temps","18":"tag-premium","19":"tag-t"},"share_on_mastodon":{"url":"https:\/\/pubeurope.com\/@fr\/114508856317909471","error":""},"_links":{"self":[{"href":"https:\/\/www.europesays.com\/fr\/wp-json\/wp\/v2\/posts\/100567","targetHints":{"allow":["GET"]}}],"collection":[{"href":"https:\/\/www.europesays.com\/fr\/wp-json\/wp\/v2\/posts"}],"about":[{"href":"https:\/\/www.europesays.com\/fr\/wp-json\/wp\/v2\/types\/post"}],"author":[{"embeddable":true,"href":"https:\/\/www.europesays.com\/fr\/wp-json\/wp\/v2\/users\/2"}],"replies":[{"embeddable":true,"href":"https:\/\/www.europesays.com\/fr\/wp-json\/wp\/v2\/comments?post=100567"}],"version-history":[{"count":0,"href":"https:\/\/www.europesays.com\/fr\/wp-json\/wp\/v2\/posts\/100567\/revisions"}],"wp:featuredmedia":[{"embeddable":true,"href":"https:\/\/www.europesays.com\/fr\/wp-json\/wp\/v2\/media\/100568"}],"wp:attachment":[{"href":"https:\/\/www.europesays.com\/fr\/wp-json\/wp\/v2\/media?parent=100567"}],"wp:term":[{"taxonomy":"category","embeddable":true,"href":"https:\/\/www.europesays.com\/fr\/wp-json\/wp\/v2\/categories?post=100567"},{"taxonomy":"post_tag","embeddable":true,"href":"https:\/\/www.europesays.com\/fr\/wp-json\/wp\/v2\/tags?post=100567"}],"curies":[{"name":"wp","href":"https:\/\/api.w.org\/{rel}","templated":true}]}}