{"id":1005797,"date":"2026-06-17T10:14:16","date_gmt":"2026-06-17T10:14:16","guid":{"rendered":"https:\/\/www.europesays.com\/fr\/1005797\/"},"modified":"2026-06-17T10:14:16","modified_gmt":"2026-06-17T10:14:16","slug":"deguisees-en-touristes-quatre-femmes-se-fondaient-dans-la-foule-pour-voler-les-visiteurs-etrangers-a-marseille","status":"publish","type":"post","link":"https:\/\/www.europesays.com\/fr\/1005797\/","title":{"rendered":"D\u00e9guis\u00e9es en touristes, quatre femmes se fondaient dans la foule pour voler les visiteurs \u00e9trangers \u00e0 Marseille"},"content":{"rendered":"<p>Pantalon en lin, chapeau, lunettes de soleil et sac \u00e0 dos, elles se fondaient parfaitement dans le d\u00e9cor estival. Des touristes \u00e9trang\u00e8res parmi bien d&rsquo;autres, en ce mois de juin 2026, sur le Vieux-Port de Marseille. Mais si, elles-m\u00eames, \u00e9taient originaires de Bosnie-Herz\u00e9govine, ces quatre femmes rep\u00e9r\u00e9es lundi apr\u00e8s-midi par une patrouille de <a href=\"https:\/\/www.laprovence.com\/article\/elections\/48072182144410\/municipales-2026-a-marseille-sur-la-securite-les-propositions-des-candidats-au-banc-dessai\" target=\"_blank\" rel=\"nofollow noopener\">policiers municipaux<\/a>, n&rsquo;\u00e9taient pas l\u00e0 pour les vacances, mais pour le travail. Cette \u00e9quipe de pickpockets \u00e9tait manifestement rod\u00e9e et bien organis\u00e9e.<\/p>\n<p>Vers midi, un premier couple de touristes \u00e9trangers s&rsquo;est vu all\u00e9g\u00e9 de son portefeuille alors qu&rsquo;il effectuait un retrait \u00e0 un distributeur de billets situ\u00e9 sur la Canebi\u00e8re (1er).<\/p>\n<p>Deux heures plus tard et un signalement plus tard, <a href=\"https:\/\/www.laprovence.com\/article\/faits-divers-justice\/82525331951476\/dans-le-centre-de-marseille-le-scooter-larme-fatale-de-la-police-municipale\" target=\"_blank\" rel=\"nofollow noopener\">une patrouille \u00e0 scooter <\/a>lanc\u00e9e \u00e0 la recherche des voleurs a rep\u00e9r\u00e9 les quatre suspectes sur le Quai du Port, guid\u00e9e par les op\u00e9rateurs des cam\u00e9ras du centre de supervision urbain. Elles s&rsquo;appr\u00eataient m\u00eame \u00e0 passer \u00e0 nouveau \u00e0 l&rsquo;action. L&rsquo;une d&rsquo;elles faisait le guet tandis que les trois autres s&rsquo;affairaient \u00e0 ouvrir le sac d&rsquo;un touriste chinois. Surprises en flagrant d\u00e9lit, les quatre femmes ont aussit\u00f4t \u00e9t\u00e9 interpell\u00e9es, dont la guetteuse, qui n&rsquo;a pas eu le temps de donner l&rsquo;alerte \u00e0 ses complices.<\/p>\n<p>\u00c2g\u00e9es de 35 \u00e0 51 ans, les quatre suspectes ont \u00e9t\u00e9 plac\u00e9es en garde \u00e0 vue au commissariat, o\u00f9 des v\u00e9rifications devaient \u00eatre effectu\u00e9es en vue d&rsquo;\u00e9ventuels rapprochements avec d&rsquo;autres vols.<\/p>\n","protected":false},"excerpt":{"rendered":"Pantalon en lin, chapeau, lunettes de soleil et sac \u00e0 dos, elles se fondaient parfaitement dans le d\u00e9cor&hellip;\n","protected":false},"author":2,"featured_media":1005798,"comment_status":"","ping_status":"","sticky":false,"template":"","format":"standard","meta":{"footnotes":"","_share_on_mastodon":"0"},"categories":[2814],"tags":[5734,1111,11,1102,1446,105344,1777,674,274,4651,105345,8383,1011,27,884,12,882,9702,25,21030],"class_list":["post-1005797","post","type-post","status-publish","format-standard","has-post-thumbnail","category-marseille","tag-5734","tag-actu","tag-actualites","tag-breakingnews","tag-dans","tag-deguisees","tag-eu","tag-europe","tag-faits-divers-justice","tag-femmes","tag-fondaient","tag-foule","tag-fr","tag-france","tag-marseille","tag-news","tag-provence-alpes-cote-dazur","tag-quatre","tag-republique-francaise","tag-touristes"],"share_on_mastodon":{"url":"https:\/\/pubeurope.com\/@fr\/116764925614976412","error":""},"_links":{"self":[{"href":"https:\/\/www.europesays.com\/fr\/wp-json\/wp\/v2\/posts\/1005797","targetHints":{"allow":["GET"]}}],"collection":[{"href":"https:\/\/www.europesays.com\/fr\/wp-json\/wp\/v2\/posts"}],"about":[{"href":"https:\/\/www.europesays.com\/fr\/wp-json\/wp\/v2\/types\/post"}],"author":[{"embeddable":true,"href":"https:\/\/www.europesays.com\/fr\/wp-json\/wp\/v2\/users\/2"}],"replies":[{"embeddable":true,"href":"https:\/\/www.europesays.com\/fr\/wp-json\/wp\/v2\/comments?post=1005797"}],"version-history":[{"count":0,"href":"https:\/\/www.europesays.com\/fr\/wp-json\/wp\/v2\/posts\/1005797\/revisions"}],"wp:featuredmedia":[{"embeddable":true,"href":"https:\/\/www.europesays.com\/fr\/wp-json\/wp\/v2\/media\/1005798"}],"wp:attachment":[{"href":"https:\/\/www.europesays.com\/fr\/wp-json\/wp\/v2\/media?parent=1005797"}],"wp:term":[{"taxonomy":"category","embeddable":true,"href":"https:\/\/www.europesays.com\/fr\/wp-json\/wp\/v2\/categories?post=1005797"},{"taxonomy":"post_tag","embeddable":true,"href":"https:\/\/www.europesays.com\/fr\/wp-json\/wp\/v2\/tags?post=1005797"}],"curies":[{"name":"wp","href":"https:\/\/api.w.org\/{rel}","templated":true}]}}