{"id":1005809,"date":"2026-06-17T10:21:15","date_gmt":"2026-06-17T10:21:15","guid":{"rendered":"https:\/\/www.europesays.com\/fr\/1005809\/"},"modified":"2026-06-17T10:21:15","modified_gmt":"2026-06-17T10:21:15","slug":"la-plus-grande-piscine-de-paris-le-canal-saint-martin-vient-douvrir-a-la-baignade","status":"publish","type":"post","link":"https:\/\/www.europesays.com\/fr\/1005809\/","title":{"rendered":"\u00ab\u00a0La plus grande piscine de Paris\u00a0\u00bb\u00a0: le canal Saint-Martin vient d&rsquo;ouvrir \u00e0 la baignade"},"content":{"rendered":"<p>On le sait,<strong> les Parisiens sont de vraies t\u00eates br\u00fbl\u00e9es<\/strong>, qui font fi des interdits d\u00e8s lors qu\u2019il en va de leur <strong>bonheur personnel.<\/strong> \u00c7a vaut quand il s\u2019agit de <strong>sortir d\u2019un bar son verre \u00e0 la main <\/strong>m\u00eame quand c\u2019est interdit pour ne pas<a href=\"https:\/\/www.lebonbon.fr\/paris\/news\/nouvelle-regulation-cour-petites-ecuries-danger\/\" rel=\"nofollow noopener\" target=\"_blank\"><strong> d\u00e9ranger le voisinage,<\/strong><\/a> de<a href=\"https:\/\/www.lebonbon.fr\/paris\/wtf\/velo-paris-trucs-hyper-relous-croise-piste-cyclable\/\" rel=\"nofollow noopener\" target=\"_blank\"><strong> griller un feu pour aller plus vite \u00e0 v\u00e9lo<\/strong><\/a>, ou de <strong>piquer une t\u00eate dans le canal Saint-Martin<\/strong> pour tenter de <strong>se rafra\u00eechir un peu en cas de forte chaleur, <\/strong>quand bien m\u00eame c\u2019est interdit. Face \u00e0 cette proportion \u00e0 briser les r\u00e8gles, la <strong>mairie de Paris a d\u00e9cid\u00e9 d\u2019aller dans le sens de ses habitants<\/strong>, en les autorisant \u00e0 faire trempette <strong>plus t\u00f4t que pr\u00e9vu.<\/strong><\/p>\n<p>&#13;<br \/>\n<br \/>Une d\u00e9cision sage et raisonn\u00e9e&#13;<\/p>\n<p>Les <strong>zones de baignade officielles<\/strong> des eaux de Paris ne <a href=\"https:\/\/www.lebonbon.fr\/paris\/news\/baignade-seine-voici-date-ouverture-2026\/\" rel=\"nofollow noopener\" target=\"_blank\"><strong>devaient pas ouvrir avant le 4 juillet prochain.<\/strong><\/a> Dans son <strong>immense g\u00e9n\u00e9rosit\u00e9<\/strong>\u00a0(et face \u00e0 une<a href=\"https:\/\/www.lebonbon.fr\/paris\/news\/meteo-39-degres-celsius-attendus-paris-cette-semaine\/\" rel=\"nofollow noopener\" target=\"_blank\"><strong> vague de chaleur extr\u00eamement intense<\/strong><\/a>), Emmanuel Gr\u00e9goire a finalement d\u00e9cid\u00e9 <strong>d\u2019anticiper un peu cette ouverture<\/strong>, en tout cas dans le cas du <strong>canal Saint-Martin.<\/strong> Une d\u00e9cision que l\u2019on ne peut que saluer, puisqu&rsquo;elle montre<strong> une volont\u00e9 de la mairie de faire preuve de pragmatisme<\/strong>, et de <strong>s\u00e9curiser cette pratique plut\u00f4t que de la sanctionner<\/strong> encore plus, ce qui aurait \u00e9t\u00e9 compl\u00e8tement vain. En effet, nul ne saurait emp\u00eacher les Parisiens t\u00eatus de faire comme bon leur semble, et, dans cette mesure, <strong>autant leur fournir un cadre pour le faire en toute s\u00e9curit\u00e9<\/strong>, compte tenu des<a href=\"https:\/\/www.lebonbon.fr\/paris\/news\/pourquoi-terrible-idee-baigner-canal-saint-martin\/\" rel=\"nofollow noopener\" target=\"_blank\"><strong> risques immenses <\/strong><\/a>que comporte un plongeon sur<strong> ce spot ultra pris\u00e9 <\/strong>d\u00e8s le retour des beaux jours.<\/p>\n<p>&#13;<\/p>\n<blockquote class=\"instagram-media\" data-instgrm-permalink=\"https:\/\/www.instagram.com\/reel\/DZqCiv8M3Wc\/?utm_source=ig_embed&amp;utm_campaign=loading\" data-instgrm-version=\"14\" style=\"background: #FFF; border: 0; border-radius: 3px; box-shadow: 0 0 1px 0 rgba(0,0,0,0.5),0 1px 10px 0 rgba(0,0,0,0.15); margin: 1px; max-width: 540px; min-width: 326px; padding: 0; width: calc(100% - 2px);\"><p>&#13;<br \/>\n&#13;\n<\/p><\/blockquote>\n<p>&#13;<br \/>\n&#13;<br \/>\n<br \/>Des restrictions \u00e0 prendre en compte&#13;<\/p>\n<p>Attention cependant, si<strong> la baignade sera donc officiellement l\u00e9gale<\/strong> d\u00e8s ce <strong>mercredi 17 juin,<\/strong> un certain nombre de <strong>conditions<\/strong> seront \u00e0 respecter par les L\u00e9on Marchand en devenir. D\u00e9j\u00e0,<strong> seule une portion du canal sera ouverte<\/strong>, et non son int\u00e9gralit\u00e9. Le<strong> bassin de 100 m\u00e8tres <\/strong>accessible \u00e0 tous <a href=\"https:\/\/www.lebonbon.fr\/paris\/loisirs\/piscines-gratuites-paris-ete\/\" rel=\"nofollow noopener\" target=\"_blank\"><strong>gratuitement<\/strong><\/a> sera ouvert<strong> chaque jour de 16h \u00e0 20h<\/strong>, et ce tant que la <strong>canicule perdurera,<\/strong> ou que les <strong>conditions sanitaires<\/strong> permettront l\u2019acc\u00e8s aux eaux du canal. La baignade sera <strong>supervis\u00e9e par des ma\u00eetres-nageurs<\/strong>, et des syst\u00e8mes de contr\u00f4le seront mis en place pour <strong>s\u2019assurer de la dispersion des barboteurs<\/strong> avant l\u2019ouverture et apr\u00e8s la fermeture des lieux. Certains seront cependant d\u00e9\u00e7us d\u2019apprendre que <strong>les plongeons depuis les passerelles<\/strong>, de leur c\u00f4t\u00e9, <strong>resteront interdits<\/strong> quoi qu\u2019il arrive, pour des <a href=\"https:\/\/www.lebonbon.fr\/paris\/news\/pourquoi-terrible-idee-baigner-canal-saint-martin\/\" rel=\"nofollow noopener\" target=\"_blank\"><strong>questions de s\u00e9curit\u00e9<\/strong><\/a>. Mais bon, on trouve que c\u2019est d\u00e9j\u00e0 mieux que rien, non\u00a0?<\/p>\n<p>&#13;<\/p>\n<blockquote class=\"twitter-tweet\"><p>&#13;<\/p>\n<p lang=\"fr\" dir=\"ltr\">\ud83c\uddeb\ud83c\uddf7 | Le maire de Paris, Emmanuel Gr\u00e9goire, a annonc\u00e9 mardi qu&rsquo;il autoriserait la baignade dans une partie du canal Saint-Martin \u00e0 partir de mercredi en raison des fortes chaleurs et de la canicule. \ud83e\udd75\ud83c\udfca <a href=\"https:\/\/t.co\/UJmSgQNKaz\" rel=\"nofollow\">pic.twitter.com\/UJmSgQNKaz<\/a><\/p>\n<p>&#13;<br \/>\n\u2014 &#8211; Le Direct Info \ud83d\udd34 (@LeDirectInfo) <a href=\"https:\/\/x.com\/LeDirectInfo\/status\/2067156039057752490?ref_src=twsrc%5Etfw\" rel=\"nofollow\">June 17, 2026<\/a><\/p><\/blockquote>\n<p>&#13;<br \/>\n<script async src=\"https:\/\/platform.twitter.com\/widgets.js\" charset=\"utf-8\"><\/script><script async src=\"\/\/www.instagram.com\/embed.js\"><\/script><\/p>\n","protected":false},"excerpt":{"rendered":"On le sait, les Parisiens sont de vraies t\u00eates br\u00fbl\u00e9es, qui font fi des interdits d\u00e8s lors qu\u2019il&hellip;\n","protected":false},"author":2,"featured_media":1005810,"comment_status":"","ping_status":"","sticky":false,"template":"","format":"standard","meta":{"footnotes":"","_share_on_mastodon":"0"},"categories":[1888],"tags":[1111,1928,11,1927,1777,674,1011,27,12,1926,626,1925,25],"class_list":["post-1005809","post","type-post","status-publish","format-standard","has-post-thumbnail","category-paris","tag-actu","tag-actu-paris","tag-actualites","tag-actualites-paris","tag-eu","tag-europe","tag-fr","tag-france","tag-news","tag-news-paris","tag-paris","tag-paris-news","tag-republique-francaise"],"share_on_mastodon":{"url":"","error":""},"_links":{"self":[{"href":"https:\/\/www.europesays.com\/fr\/wp-json\/wp\/v2\/posts\/1005809","targetHints":{"allow":["GET"]}}],"collection":[{"href":"https:\/\/www.europesays.com\/fr\/wp-json\/wp\/v2\/posts"}],"about":[{"href":"https:\/\/www.europesays.com\/fr\/wp-json\/wp\/v2\/types\/post"}],"author":[{"embeddable":true,"href":"https:\/\/www.europesays.com\/fr\/wp-json\/wp\/v2\/users\/2"}],"replies":[{"embeddable":true,"href":"https:\/\/www.europesays.com\/fr\/wp-json\/wp\/v2\/comments?post=1005809"}],"version-history":[{"count":0,"href":"https:\/\/www.europesays.com\/fr\/wp-json\/wp\/v2\/posts\/1005809\/revisions"}],"wp:featuredmedia":[{"embeddable":true,"href":"https:\/\/www.europesays.com\/fr\/wp-json\/wp\/v2\/media\/1005810"}],"wp:attachment":[{"href":"https:\/\/www.europesays.com\/fr\/wp-json\/wp\/v2\/media?parent=1005809"}],"wp:term":[{"taxonomy":"category","embeddable":true,"href":"https:\/\/www.europesays.com\/fr\/wp-json\/wp\/v2\/categories?post=1005809"},{"taxonomy":"post_tag","embeddable":true,"href":"https:\/\/www.europesays.com\/fr\/wp-json\/wp\/v2\/tags?post=1005809"}],"curies":[{"name":"wp","href":"https:\/\/api.w.org\/{rel}","templated":true}]}}